{"id":1678,"date":"2020-11-04T18:22:13","date_gmt":"2020-11-04T15:22:13","guid":{"rendered":"http:\/\/mersinekonomipolitikagazetesi.com\/?p=1678"},"modified":"2020-11-04T18:22:13","modified_gmt":"2020-11-04T15:22:13","slug":"yeni-turkiyenin-yeni-gucu","status":"publish","type":"post","link":"https:\/\/akdenizolaygazetesi.com\/?p=1678","title":{"rendered":"YEN\u0130 T\u00dcRK\u0130YE&#8217;N\u0130N YEN\u0130 G\u00dcC\u00dc"},"content":{"rendered":"<p>Cumhurba\u015fkan\u0131 Recep Tayyip Erdo\u011fan, &#8220;\u00dclkemiz Rusya ile bilhassa Suriye&#8217;deki ter\u00f6r tehdidinin ve \u00e7at\u0131\u015fmalar\u0131n bir an \u00f6nce sona erdirilmesi noktas\u0131nda yak\u0131n i\u015fbirli\u011fi i\u00e7indedir&#8221; dedi.<\/p>\n<p><span style=\"font-size:16px;\"><span style=\"font-family: sans-serif; line-height: 20px; text-align: justify; background-color: rgb(242, 244, 245);\">T\u00fcrkiye-Rusya-\u0130ran\u2019\u0131n Suriye zirvesi i\u00e7in T\u00fcrkiye\u2019ye gelen Rusya Devlet Ba\u015fkan\u0131 Vladimir Putin, Cumhurba\u015fkan\u0131 Erdo\u011fan taraf\u0131ndan Cumhurba\u015fkanl\u0131\u011f\u0131 K\u00fclliyesinde resmi t\u00f6ren ile kar\u015f\u0131land\u0131. Resmi kar\u015f\u0131lama t\u00f6reninin ard\u0131ndan Erdo\u011fan ve Putin, Cumhurba\u015fkanl\u0131\u011f\u0131 K\u00fclliyesinin bah\u00e7esinden Akkuyu N\u00fckleer G\u00fc\u00e7 Santrali\u2019nin temel atma t\u00f6renine i\u015ftirak etti. Mersin&#8217;e telekonferans sistemiyle ba\u011flant\u0131 yap\u0131larak ger\u00e7ekle\u015ftirilen temel atma t\u00f6reninde konu\u015fan Erdo\u011fan, projenin gerek T\u00fcrkiye&#8217;nin kalk\u0131nmas\u0131 gerekse Rusya ile enerji i\u015fbirli\u011fi ad\u0131na tarihi bir an oldu\u011funu belirtti. Akkuyu&#8217;nun temelini Putin ile atmaktan duydu\u011fu memnuniyeti dile getiren Erdo\u011fan, &#8220;\u00dclkelerimizin \u00f6zellikle son 15 y\u0131lda ikili ili\u015fkilerde kat etti\u011fi b\u00fcy\u00fck mesafe gelece\u011fimiz ad\u0131na \u00e7ok \u00f6nemli bir referanst\u0131r. Bug\u00fcn 7&#8217;nci toplant\u0131s\u0131n\u0131 ger\u00e7ekle\u015ftirece\u011fimiz \u00dcst D\u00fczey \u0130\u015fbirli\u011fi Konseyi ili\u015fkilerimizin geldi\u011fi seviyenin sembol\u00fc olmu\u015ftur. Ayr\u0131ca Rusya Federasyonu ile birlikte bir\u00e7ok stratejik projeyi de hayata ge\u00e7iriyoruz. S-400 Hava Savunma Sistemleri, T\u00dcRKAKIM Do\u011falgaz Boru Hatt\u0131 ve Akkuyu G\u00fc\u00e7 Santrali bunlardan baz\u0131lar\u0131d\u0131r. Bunun yan\u0131nda \u00fclkelerimiz bilhassa Suriye&#8217;deki ter\u00f6r tehdidinin ve \u00e7at\u0131\u015fmalar\u0131n bir an \u00f6nce sona erdirilmesi noktas\u0131nda da yak\u0131n i\u015fbirli\u011fi i\u00e7indedir&#8221; \u015feklinde konu\u015ftu.\u00a0<\/span><br style=\"box-sizing: border-box; font-family: sans-serif; font-size: 14px; line-height: 20px; text-align: justify; background-color: rgb(242, 244, 245);\" \/><br \/>\n<span style=\"font-family: sans-serif; line-height: 20px; text-align: justify; background-color: rgb(242, 244, 245);\">T\u00fcrkiye&#8217;nin 2003-2017 y\u0131llar\u0131 aras\u0131nda ortalama 5,8 b\u00fcy\u00fcme ger\u00e7ekle\u015ftirdi\u011fini an\u0131msatan Erdo\u011fan, 2017 y\u0131l\u0131nda y\u00fczde 7,4 oran\u0131nda b\u00fcy\u00fcme ba\u015far\u0131s\u0131 sergilendi\u011fini aktard\u0131. Cumhuriyetin 100&#8217;\u00fcnc\u00fc y\u0131l d\u00f6n\u00fcm\u00fc olan 2023 y\u0131l\u0131nda d\u00fcnyan\u0131n en b\u00fcy\u00fck 10 ekonomisinden biri olmay\u0131 hedeflediklerini ifade eden Erdo\u011fan, &#8220;Bu durum enerjiye olan ihtiyac\u0131m\u0131z\u0131n da artmas\u0131 anlam\u0131na geliyor. Gerek petrol ve do\u011falgaz gerekse yenilenebilir kaynaklarda son 15 y\u0131lda daha \u00f6nce hayali dahi kurulamayacak projeleri hayata ge\u00e7irdik. Enerji g\u00fcvenli\u011fimizin geli\u015ftirilmesi hedefi do\u011frultusunda enerji sekt\u00f6r\u00fcm\u00fcz\u00fcn her alan\u0131nda yat\u0131r\u0131mlar\u0131m\u0131z kesintisiz devam ediyor. \u00dclkemizin g\u00fcvenli ve s\u00fcrd\u00fcr\u00fclebilir enerjiye sahip olaca\u011f\u0131 bir gelecek i\u00e7in yapt\u0131\u011f\u0131m\u0131z planlamalar i\u00e7inde n\u00fckleer enerji \u00f6nemli bir yer tutuyor. Halihaz\u0131rda d\u00fcnyada 31 \u00fclke kulland\u0131\u011f\u0131 elektri\u011fin \u00f6nemli bir b\u00f6l\u00fcm\u00fcn\u00fc faaliyette olan 450 n\u00fckleer santralden \u00fcretiyor. Hala 16 \u00fclkede 55 n\u00fckleer santral de in\u015fa halindedir. Bug\u00fcn temelini att\u0131\u011f\u0131m\u0131z Akkuyu ile bu say\u0131 56 oluyor, ilk reakt\u00f6r\u00fcn\u00fcn 2023 devreye al\u0131nmas\u0131yla T\u00fcrkiye de n\u00fckleer enerji kullanan \u00fclkeler ailesine dahil olmu\u015f olacakt\u0131r. B\u00f6ylece Cumhuriyetimizin kurulu\u015funun 100&#8217;\u00fcnc\u00fc y\u0131l\u0131n\u0131 enerji alan\u0131nda tarihi bir eserle ta\u00e7land\u0131rm\u0131\u015f olaca\u011f\u0131z. Akkuyu, \u00fclkemizin elektrik ihtiyac\u0131n\u0131n y\u00fczde 10\u2019unu kar\u015f\u0131layacakt\u0131r. B\u00f6ylece petrol, do\u011falgaz ve k\u00f6m\u00fcre dayanan enerji sepetimizi daha sa\u011fl\u0131kl\u0131 hale getirmi\u015f olaca\u011f\u0131z. Bu santral enerji g\u00fcvenli\u011fimize katk\u0131 sa\u011flarken, iklim de\u011fi\u015fikli\u011fi ile m\u00fccadelede de \u00f6nemli bir rol oynayacakt\u0131r. Bu tecr\u00fcbenin n\u00fckleer enerji alan\u0131nda yetkin uluslararas\u0131 \u00e7apta s\u00f6z sahibi insan kayna\u011f\u0131m\u0131z\u0131n yeti\u015fmesine de ciddi katk\u0131s\u0131 olacakt\u0131r. \u015euan y\u00fczlerce gencimiz Rusya\u2019da alanda \u00f6\u011frenim g\u00f6r\u00fcyor. \u0130n\u015fallah bu gen\u00e7lerimiz e\u011fitimlerini tamamlad\u0131ktan sonra \u00fclkemize d\u00f6nerek \u00f6nemli g\u00f6revler \u00fcstlenecektir&#8221; diye aktard\u0131.\u00a0<\/span><br style=\"box-sizing: border-box; font-family: sans-serif; font-size: 14px; line-height: 20px; text-align: justify; background-color: rgb(242, 244, 245);\" \/><br \/>\n<span style=\"font-family: sans-serif; line-height: 20px; text-align: justify; background-color: rgb(242, 244, 245);\">Akkuyu Projesini hayata ge\u00e7irmenin AK Parti h\u00fck\u00fcmetine nasip oldu\u011funu s\u00f6yleyen Erdo\u011fan, projeye karar verildi\u011fi andan itibaren, Putin ba\u015fta olmak \u00fczere t\u00fcm Rus bakanlar\u0131yla \u00e7ok yak\u0131n bir mesai harcad\u0131klar\u0131n\u0131 kaydetti. &#8220;B\u00f6ylesine \u00e7etrefilli bir konuda k\u0131sa s\u00fcrede mesafe almam\u0131z\u0131n sebebi, s\u00fcre\u00e7 boyunca iki taraf\u0131n ortaya koydu\u011fu i\u015f birli\u011fi ruhudur&#8221; diyen Erdo\u011fan gece g\u00fcnd\u00fcz demeden \u00e7al\u0131\u015fan her d\u00fczeyden yetkiliye te\u015fekk\u00fcr etti. Erdo\u011fan, Rusya ile b\u00f6lgesel konulardaki i\u015fbirli\u011fini de artt\u0131rarak kararl\u0131l\u0131kla s\u00fcrd\u00fcreceklerini dile getirdi.\u00a0<\/span><br style=\"box-sizing: border-box; font-family: sans-serif; font-size: 14px; line-height: 20px; text-align: justify; background-color: rgb(242, 244, 245);\" \/><br \/>\n<br style=\"box-sizing: border-box; font-family: sans-serif; font-size: 14px; line-height: 20px; text-align: justify; background-color: rgb(242, 244, 245);\" \/><br \/>\n<span style=\"font-family: sans-serif; line-height: 20px; text-align: justify; background-color: rgb(242, 244, 245);\">&#8220;Kalifiye uzman yeti\u015ftirilmesinde i\u015fbirli\u011fi yapaca\u011f\u0131z&#8221;\u00a0<\/span><br style=\"box-sizing: border-box; font-family: sans-serif; font-size: 14px; line-height: 20px; text-align: justify; background-color: rgb(242, 244, 245);\" \/><br \/>\n<span style=\"font-family: sans-serif; line-height: 20px; text-align: justify; background-color: rgb(242, 244, 245);\">T\u00f6rende konu\u015fan konuk Devlet Ba\u015fkan\u0131 Putin de, Akkuyu ile T\u00fcrkiye&#8217;de sadece n\u00fckleer santralin de\u011fil, ayn\u0131 zamanda yeni bir i\u015f sekt\u00f6r\u00fc kuruldu\u011funu ifade etti. Projenin T\u00fcrkiye&#8217;nin ekonomisinde yeni bir d\u00f6neme\u00e7 oldu\u011funun alt\u0131n\u0131 \u00e7izen Putin, &#8220;Proje hem T\u00fcrkiye hem de Rusya\u2019da yeni i\u015f yerleri kurulmas\u0131na vesile olacak. Ayr\u0131ca y\u00fcksek kalifiyeli uzmanlar\u0131n yeti\u015ftirilmesinde de i\u015f birli\u011fi yapma fikrindeyiz. 2023 y\u0131l\u0131nda ilk enerji blokunun devreye girmesini sa\u011flamak istiyoruz. T\u00fcrkiye\u2019nin 100\u2019\u00fcnc\u00fc y\u0131l d\u00f6n\u00fcm\u00fcnde bunu yapaca\u011f\u0131z&#8221; diye konu\u015ftu.\u00a0<\/span><br style=\"box-sizing: border-box; font-family: sans-serif; font-size: 14px; line-height: 20px; text-align: justify; background-color: rgb(242, 244, 245);\" \/><br \/>\n<br style=\"box-sizing: border-box; font-family: sans-serif; font-size: 14px; line-height: 20px; text-align: justify; background-color: rgb(242, 244, 245);\" \/><br \/>\n<span style=\"font-family: sans-serif; line-height: 20px; text-align: justify; background-color: rgb(242, 244, 245);\">&#8220;10 bin ki\u015filik istihdam olana\u011f\u0131&#8221;\u00a0<\/span><br style=\"box-sizing: border-box; font-family: sans-serif; font-size: 14px; line-height: 20px; text-align: justify; background-color: rgb(242, 244, 245);\" \/><br \/>\n<span style=\"font-family: sans-serif; line-height: 20px; text-align: justify; background-color: rgb(242, 244, 245);\">Akkuyu N\u00fckleer G\u00fc\u00e7 Santrali\u2019nin temel atma t\u00f6reninde konu\u015fan Berat Albayrak ise, 1955 y\u0131l\u0131nda ba\u015flayan n\u00fckleer yolculu\u011fun bug\u00fcn en \u00f6nemli a\u015famas\u0131na gelindi\u011fini ifade ederek, 63 y\u0131ll\u0131k r\u00fcyan\u0131n ger\u00e7ekle\u015fmesinden duydu\u011fu gururu dile getirdi. 2010 y\u0131l\u0131nda Rusya ile imzalanan h\u00fck\u00fcmetler aras\u0131 anla\u015fma ile bu alanda ilk somut ad\u0131m\u0131n at\u0131ld\u0131\u011f\u0131n\u0131 s\u00f6yleyen Albayrak, &#8220;Tarihi bir ana hep birlikte \u015fahit oluyoruz. Bug\u00fcn burada 20 milyar dolarl\u0131k maliyetiyle T\u00fcrkiye Cumhuriyeti tarihinin gelmi\u015f ge\u00e7mi\u015f en b\u00fcy\u00fck projesinin temelini at\u0131yoruz. N\u00fckleer santraller sayesinde iklim ve mevsim ko\u015fullar\u0131na ba\u011fl\u0131 kalmadan 7\/24 kesintisiz elektrik \u00fcretece\u011fiz. \u00dcstelik bunu s\u0131f\u0131r emisyon ile ger\u00e7ekle\u015ftirece\u011fiz. Sa\u011flayaca\u011f\u0131 verimli enerjinin yan\u0131 s\u0131ra sanayiden tar\u0131ma, uydu haberle\u015fmeden sa\u011fl\u0131\u011fa kadar bir\u00e7ok alanda bug\u00fcn T\u00fcrkiye i\u00e7in enerji ve teknoloji alan\u0131nda \u00f6nemli bir milad\u0131 ya\u015fad\u0131\u011f\u0131m\u0131z a\u00e7\u0131kt\u0131r. Akkuyu, b\u00fct\u00fcn g\u00fcvenlik standartlar\u0131na en uygun ileri teknolojiyle in\u015fa edilecek son teknoloji bir santraldir. Akkuyu\u2019da in\u015faat\u0131n ba\u015flamas\u0131yla 10 bin ki\u015filik istihdam olana\u011f\u0131 sa\u011flayacak, bunun y\u00fczde 80\u2019i de T\u00fcrk \u00e7al\u0131\u015fan olacak. Santral i\u015fletmeye al\u0131nd\u0131\u011f\u0131nda ise 3 bin 500 ki\u015fi bu tesislerde \u00e7al\u0131\u015f\u0131yor olacak. Malzeme ve ekipmanlar\u0131n b\u00fcy\u00fck bir k\u0131sm\u0131 T\u00fcrk \u015firketleri taraf\u0131ndan tedarik edilecek, sanayimize i\u015f imkan\u0131 sa\u011flayacak. Bu kapsamda e\u011fitim almas\u0131 i\u00e7in Rusya\u2019ya g\u00f6nderdi\u011fimiz 248 \u00f6\u011frencimizden 35\u2019i e\u011fitimlerini tamamlayarak \u00fclkemize geri d\u00f6nd\u00fc. \u00d6\u011frencilerimiz bilgi ve tecr\u00fcbeleriyle \u00e7ok \u00f6nemli rol oynayacakt\u0131r. Biz bu p\u0131r\u0131l p\u0131r\u0131l karde\u015flerimize inan\u0131yoruz. \u0130nan\u0131yoruz ki \u00fclkemiz bu teknolojiyle, d\u00fcnya ile rekabet edecek g\u00fcce ula\u015facakt\u0131r&#8221; ifadelerini kaydetti.\u00a0<\/span><br style=\"box-sizing: border-box; font-family: sans-serif; font-size: 14px; line-height: 20px; text-align: justify; background-color: rgb(242, 244, 245);\" \/><br \/>\n<span style=\"font-family: sans-serif; line-height: 20px; text-align: justify; background-color: rgb(242, 244, 245);\">Konu\u015fmalar\u0131n ard\u0131ndan Akkuyu\u2019ya canl\u0131 olarak ba\u011flan\u0131ld\u0131 ve ilk har\u00e7 i\u00e7in Mersin\u2019den butona bas\u0131ld\u0131.\u00a0<\/span><\/span><\/p>\n","protected":false},"excerpt":{"rendered":"<p>Cumhurba\u015fkan\u0131 Recep Tayyip Erdo\u011fan, &#8220;\u00dclkemiz Rusya ile bilhassa Suriye&#8217;deki ter\u00f6r tehdidinin ve \u00e7at\u0131\u015fmalar\u0131n bir an \u00f6nce sona erdirilmesi noktas\u0131nda yak\u0131n i\u015fbirli\u011fi i\u00e7indedir&#8221; dedi. T\u00fcrkiye-Rusya-\u0130ran\u2019\u0131n Suriye zirvesi i\u00e7in T\u00fcrkiye\u2019ye gelen Rusya &hellip; <a href=\"https:\/\/akdenizolaygazetesi.com\/?p=1678\" class=\"more-link\">Devam\u0131n\u0131 Oku&#8230;<\/a><\/p>\n","protected":false},"author":1,"featured_media":0,"comment_status":"open","ping_status":"open","sticky":false,"template":"","format":"standard","meta":[],"categories":[],"tags":[],"_links":{"self":[{"href":"https:\/\/akdenizolaygazetesi.com\/index.php?rest_route=\/wp\/v2\/posts\/1678"}],"collection":[{"href":"https:\/\/akdenizolaygazetesi.com\/index.php?rest_route=\/wp\/v2\/posts"}],"about":[{"href":"https:\/\/akdenizolaygazetesi.com\/index.php?rest_route=\/wp\/v2\/types\/post"}],"author":[{"embeddable":true,"href":"https:\/\/akdenizolaygazetesi.com\/index.php?rest_route=\/wp\/v2\/users\/1"}],"replies":[{"embeddable":true,"href":"https:\/\/akdenizolaygazetesi.com\/index.php?rest_route=%2Fwp%2Fv2%2Fcomments&post=1678"}],"version-history":[{"count":0,"href":"https:\/\/akdenizolaygazetesi.com\/index.php?rest_route=\/wp\/v2\/posts\/1678\/revisions"}],"wp:attachment":[{"href":"https:\/\/akdenizolaygazetesi.com\/index.php?rest_route=%2Fwp%2Fv2%2Fmedia&parent=1678"}],"wp:term":[{"taxonomy":"category","embeddable":true,"href":"https:\/\/akdenizolaygazetesi.com\/index.php?rest_route=%2Fwp%2Fv2%2Fcategories&post=1678"},{"taxonomy":"post_tag","embeddable":true,"href":"https:\/\/akdenizolaygazetesi.com\/index.php?rest_route=%2Fwp%2Fv2%2Ftags&post=1678"}],"curies":[{"name":"wp","href":"https:\/\/api.w.org\/{rel}","templated":true}]}}