{"id":1679,"date":"2020-11-04T18:22:13","date_gmt":"2020-11-04T15:22:13","guid":{"rendered":"http:\/\/mersinekonomipolitikagazetesi.com\/?p=1679"},"modified":"2020-11-04T18:22:13","modified_gmt":"2020-11-04T15:22:13","slug":"ozel-karanligin-isigi-olacagiz","status":"publish","type":"post","link":"https:\/\/akdenizolaygazetesi.com\/?p=1679","title":{"rendered":"\u00d6ZEL, \u201cKARANLI\u011eIN I\u015eI\u011eI OLACA\u011eIZ\u201d"},"content":{"rendered":"<p>Mersin Gazeteciler Cemiyeti\u2019ni ziyaret eden \u0130Y\u0130 Parti \u0130l Ba\u015fkan\u0131 Dr. \u0130brahim \u00d6zel, kurduklar\u0131 partiyle halk\u0131 yan\u0131na alacaklar\u0131n\u0131 ve \u00fclkeyi bu karanl\u0131ktan kurtaracaklar\u0131n\u0131 s\u00f6yledi.<\/p>\n<div>\n<div>\n<div>\n<div>\n<div>\n<div>\n<div>\n<div>\n<div>\n<div>\n<div>\n<div id=\":4\">\n<div id=\":2\">\n<div>\n<div role=\"main\">\n<table cellpadding=\"0\" role=\"presentation\" style=\"width:1675px;\">\n<tbody>\n<tr>\n<td>\n<div>\n<div>\n<div>\n<div role=\"list\">\n<div role=\"listitem\" style=\"clear:both;\" tabindex=\"-1\">\n<div>\n<div>\n<div id=\":1d7\">\n<div data-legacy-message-id=\"1629058d5678a6d9\" data-message-id=\"1629058d5678a6d9\">\n<div style=\"margin-left:44px;\">\n<div id=\":1cj\">\n<div id=\":1d0\">\n<div dir=\"auto\">\n<blockquote type=\"cite\">\n<div>\n<div dir=\"ltr\">\n<p><span style=\"font-size:16px;\">Mersin \u0130Y\u0130 Parti \u0130l Ba\u015fkan\u0131 Dr. \u0130brahim \u00d6zel ve parti \u00fcyeleri Mersin Gazeteciler Cemiyeti\u2019ni ziyaret etti.\u00a0<\/span><\/p>\n<p><span style=\"font-size:16px;\">Gazeteciler Cemiyetinde ger\u00e7ekle\u015fen ziyarette Cemiyet Ba\u015fkan\u0131 Ahmet \u00dcnal ile \u0130Y\u0130 Parti \u0130l Ba\u015fkan\u0131\u00a0 Dr. \u0130brahim \u00d6zel birer konu\u015fma ger\u00e7ekle\u015ftirdi.<\/span><\/p>\n<p>\u00a0<\/p>\n<p><span style=\"font-size:16px;\">\u00d6zel, konu\u015fmas\u0131nda h\u00fck\u00fcmeti elinde bulunduran iktidara y\u00fcklenerek, 15 y\u0131ld\u0131r \u00fclkeyi yalanlarla y\u00f6netildi\u011fini dile getirerek \u00fclkeyi, insan\u0131m\u0131z\u0131 ba\u015fta olan iktidardan kurtaracaklar\u0131n\u0131 kaydetti.<\/span><\/p>\n<p>\u00a0<\/p>\n<p><span style=\"font-size:16px;\">Atat\u00fcrk\u2019\u00fcn kurdu\u011fu Cumhuriyeti y\u0131kmalar\u0131na izin verilmeyece\u011finin alt\u0131n\u0131 \u00e7izdi.<\/span><\/p>\n<p>\u00a0<\/p>\n<p><span style=\"font-size:16px;\">\u00dcNAL: \u201cDEMOKRAS\u0130 A\u00c7ISINDAN YAPTI\u011eINIZ \u00c7ALI\u015eMALARA \u00d6NEM VER\u0130YORUZ\u201d<\/span><\/p>\n<p>\u00a0<\/p>\n<p><span style=\"font-size:16px;\">\u0130Y\u0130 partiye b\u00fcy\u00fck g\u00f6revlerin d\u00fc\u015fece\u011fi kan\u0131s\u0131nda oldu\u011funu dile getiren Mersin Gazeteciler Cemiyeti Ba\u015fkan\u0131 Ahmet \u00dcnal: \u201cT\u00fcrkiye zor bir s\u00fcre\u00e7ten ge\u00e7iyor. Ya\u015fad\u0131\u011f\u0131m\u0131z s\u00fcre\u00e7 hepimiz a\u00e7\u0131s\u0131ndan \u00e7ok \u00f6nemli bir s\u00fcre\u00e7tir. \u0130Y\u0130 partiye b\u00fcy\u00fck g\u00f6revlerin d\u00fc\u015fece\u011fi kan\u0131s\u0131nday\u0131z. Son genel kurulunuzda T\u00fcrkiye\u2019de ses getirdi. Medya birazda uzaktan izledi ama biz yak\u0131ndan takip ettik. Bu y\u00fczden ziyaretinizden Mersin\u2019deki gazeteciler olarak biz \u00e7ok memnun olduk. Demokrasi a\u00e7\u0131s\u0131ndan yapt\u0131\u011f\u0131n\u0131z \u00e7al\u0131\u015fmalara \u00f6nem veriyoruz. Size kar\u015f\u0131 tarafs\u0131z sizinle birlikte tarafs\u0131zca her t\u00fcrl\u00fc etkinli\u011finizi kamuoyu ile bulu\u015fmas\u0131 i\u00e7in katk\u0131 sa\u011flayaca\u011f\u0131z. Yolunuz a\u00e7\u0131k olsun.\u201d \u015feklinde konu\u015ftu.<\/span><\/p>\n<div>\n<div aria-label=\"Geni\u015fletilen i\u00e7eri\u011fi gizleyin\" data-tooltip=\"Geni\u015fletilen i\u00e7eri\u011fi gizleyin\" id=\":1v0\" role=\"button\" style=\"clear:both;\" tabindex=\"0\"><span style=\"font-size:16px;\"><img src=\"https:\/\/ssl.gstatic.com\/ui\/v1\/icons\/mail\/images\/cleardot.gif\" style=\"height:8px;width:20px;\" \/><\/span><\/div>\n<\/p><\/div>\n<div>\n<p>\u00a0<\/p>\n<p><span style=\"font-size:16px;\">\u00d6ZEL: \u201cBU YOLDA KURULDU\u011eU PART\u0130 \u0130NSANLAR \u0130\u00c7\u0130N B\u0130R UMUT OLDU\u201d<\/span><\/p>\n<p>\u00a0<\/p>\n<p><span style=\"font-size:16px;\">Ard\u0131ndan konu\u015fmas\u0131n\u0131 ger\u00e7ekle\u015ftiren \u00d6zel, kongrelerinin oldu\u011funu ve\u00a0\u00a0yak\u0131n olarak 100 bin\u2019in \u00fczerinde giri\u015f yap\u0131ld\u0131\u011f\u0131na dikkat \u00e7ekerek bu iktidardakilere en g\u00fczel cevab\u0131 kongredeki kalabal\u0131k verdi\u011fini dile getirdi.<\/span><\/p>\n<\/p><\/div>\n<\/p><\/div>\n<div>\u00a0<\/div>\n<\/p><\/div>\n<div>\u00a0<\/div>\n<\/blockquote>\n<div>\n<blockquote type=\"cite\">\n<div dir=\"ltr\">\n<p><span style=\"font-size:16px;\">\u00d6zel: \u201cBizim \u0130Y\u0130 parti nas\u0131l do\u011fdu? Nas\u0131l bu duruma geldi? \u0130Y\u0130 partiyi kad\u0131nlar kurdu. \u0130Y\u0130 partiyi milletimiz kurdu. Bu parti T\u00fcrk milleti taban\u0131ndan bir halk hareketiyle kuruldu. Milletimiz g\u00fc\u00e7 verdi, omuz verdi, kuvvet vererek bu partiyi sahip olduk. T\u00fcrkiye tarihinde ilk defa mecliste grup olu\u015fturmadan grup olmadan kuruldu. O da \u0130Y\u0130 parti oldu. Son 15-16 y\u0131ld\u0131r insanlar nefes alamaz hale geldi. Netice de bir genel ba\u015fkan\u0131m\u0131z\u0131n hareketi yol arkada\u015flar\u0131yla beraber \u00e7\u0131kt\u0131\u011f\u0131 bu yolda kuruldu\u011fu parti insanlar i\u00e7in bir umut oldu.\u201d\u00a0\u00a0diye belirtti.<\/span><\/p>\n<p>\u00a0<\/p>\n<p><span style=\"font-size:16px;\">\u00d6ZEL: \u201c\u0130KT\u0130DARDAN \u0130NSANIMIZI DEVLET\u0130M\u0130Z\u0130 KURTARACA\u011eIZ\u201d<\/span><\/p>\n<p>\u00a0<\/p>\n<p><span style=\"font-size:16px;\">Halk\u0131n genel ba\u015fkanlar\u0131ndan \u00fcmitlendi\u011fini ifade eden \u00d6zel: \u201cGenel ba\u015fkan\u0131m\u0131z ne diyor \u2018Biz diyor Atat\u00fcrk\u2019\u00fcn kurdu\u011fu cumhuriyetin temel ta\u015flar\u0131 yerinden oynatmayaca\u011f\u0131z. Parlamenter demokratik sistemi koruyaca\u011f\u0131z. Laiklik sistemini koruyaca\u011f\u0131z.\u2019 dedi. Bizler 15 y\u0131ld\u0131r yalanlarla bu \u00fclkeyi y\u00f6neten iktidardan insan\u0131m\u0131z\u0131 devletimizi kurtaraca\u011f\u0131z. Bu millet\u00a0\u00a0nas\u0131l 15 Temmuz\u2019da devleti sokaktan toplad\u0131ysa bunlardan da y\u00f6netimi h\u00fck\u00fcmeti almas\u0131n\u0131 bilir. Evet kongremiz \u00e7ok \u015fenlikli \u00e7ok kalabal\u0131k ve g\u00fczel ge\u00e7ti. Bize dediler ki parti kuramazlar, partimizi de kurduk. \u0130\u015fte kongrelerle yap\u0131lamaz dediler 3 toplayamaz dediler ama binler ki\u015fi toplad\u0131k.\u201d ifadelerini kulland\u0131.<\/span><\/p>\n<p>\u00a0<\/p>\n<p><span style=\"font-size:16px;\">\u00d6ZEL:\u00a0\u00a0\u201cBASIN MEDYASINDA B\u0130ZLER\u0130 KARARTIYORLAR\u201d<\/span><\/p>\n<p>\u00a0<\/p>\n<p><span style=\"font-size:16px;\">Ekim ay\u0131nda kurulan partide aral\u0131k ay\u0131nda g\u00f6rev ald\u0131\u011f\u0131n\u0131 belirten \u00d6zel: \u201cDaha sonra il\u00e7e te\u015fkilatlar\u0131m\u0131z\u0131 kurdum. \u0130l y\u00f6netimimizi kurdum. Ve kongreye g\u00f6t\u00fcrd\u00fcm. \u00c7\u00fcnk\u00fc T\u00fcrkiye\u2019de\u00a0\u00a0daha \u00f6nce 6 ya da 8 tane parti kendi\u00a0\u00a0b\u00fcnyesinde kurucular kurulunda yapt\u0131\u011f\u0131 kongreyle se\u00e7ime kat\u0131ld\u0131\u011f\u0131 halde bize se\u00e7ime kat\u0131lamazs\u0131n\u0131z dediler. Bizde se\u00e7ime kat\u0131labilmemiz i\u00e7in se\u00e7im haz\u0131rl\u0131klar\u0131n\u0131 yapt\u0131k. \u015euan se\u00e7ime kat\u0131lmama gibi hi\u00e7bir sebebiyetimiz yok. Kongremizin oldu\u011fu gece abilerin uykusu ka\u00e7t\u0131. Sabaha kadar uyuyamad\u0131lar. Dediler ki referandumda evet deyin koalisyon d\u00f6nemi bitsin. \u015eimdi referandumda\u00a0\u00a0i\u015fte h\u0131rs\u0131zl\u0131kla ne yapt\u0131lar referandumu kazand\u0131lar. Asl\u0131nda biz bunlar\u0131 7 Haziranda da yendik. Yani Atat\u00fcrk ve silah arkada\u015f\u0131na ba\u011fl\u0131 cumhuriyetin yap\u0131 ta\u015flar\u0131na ba\u011fl\u0131, laik demokratik parlamenter sistemi benimseyen bizler bunlar\u0131 referandumda da yendik. O zamanda kazand\u0131k \u00e7ald\u0131lar oylar\u0131m\u0131z\u0131. Dediler ki kimseyle ittifak edilmeyecek \u015feklinde sonras\u0131nda k\u00fc\u00e7\u00fck parti adland\u0131rd\u0131\u011f\u0131m\u0131z MHP ile koalisyon kurdular. Bu ittifaka girmelerin sebebi ne bu korkunun sebebi \u0130Y\u0130 partidir, Meral Ak\u015fener\u2019dir. Onun i\u00e7in daha \u00e7ok bas\u0131n medyas\u0131nda bizleri karart\u0131yorlar.\u201d \u015feklinde dikkat \u00e7ekti.<\/span><\/p>\n<p>\u00a0<\/p>\n<p><span style=\"font-size:16px;\">\u00d6ZEL: \u201cTEK ADAM Y\u00d6NET\u0130M\u0130NE M\u00dcSAADE ETMEYECE\u011e\u0130Z\u201d<\/span><\/p>\n<p>\u00a0<\/p>\n<p>\u00a0<\/p>\n<p><span style=\"font-size:16px;\">Halk\u00a0\u00a0her zaman ma\u011fdurun yan\u0131nda oldu\u011funa de\u011finen \u00d6zel: \u201cBunlar\u0131n yalanlarla \u00fclkeyi y\u00f6nettiklerini biliyorlar. Bizler g\u00fcnb\u00fcr g\u00fcnb\u00fcr iktidara geliyoruz. Bizim yapt\u0131\u011f\u0131m\u0131z bir ikinci kurtulu\u015f sava\u015f\u0131 hareketidir, bir Kuvayi Milliye hareketidir. Ben bu yola \u00e7\u0131karken daha \u00f6nce de siyaset yapmad\u0131m hala da siyaset yapm\u0131\u015f olarak kabul etmiyorum. Ben ikinci kurtulu\u015f sava\u015f\u0131\u00a0\u00a0m\u00fccadelesi veriyorum. Atat\u00fcrk\u2019\u00fcn kurdu\u011fu bu cumhuriyeti y\u0131kmalar\u0131na izin vermeyece\u011fiz. Tek adam y\u00f6netimine m\u00fcsaade etmeyece\u011fiz. Hep beraber bizim gibi d\u00fc\u015f\u00fcnenlerle bu cumhuriyetimizi koruyaca\u011f\u0131z.\u201d diyerek son c\u00fcmlelerini tamamlad\u0131.<\/span><\/p>\n<\/p><\/div>\n<\/blockquote><\/div>\n<\/p><\/div>\n<\/p><\/div>\n<\/p><\/div>\n<\/p><\/div>\n<\/p><\/div>\n<\/p><\/div>\n<\/p><\/div>\n<\/p><\/div>\n<\/p><\/div>\n<\/p><\/div>\n<\/p><\/div>\n<\/p><\/div>\n<\/p><\/div>\n<\/td>\n<\/tr>\n<\/tbody>\n<\/table>\n<div style=\"clear:both;\">\u00a0<\/div>\n<\/div>\n<\/div>\n<\/div>\n<\/div>\n<\/div>\n<\/div>\n<\/div>\n<\/div>\n<\/div>\n<\/div>\n<\/div>\n<\/div>\n<\/div>\n<\/div>\n<\/div>\n","protected":false},"excerpt":{"rendered":"<p>Mersin Gazeteciler Cemiyeti\u2019ni ziyaret eden \u0130Y\u0130 Parti \u0130l Ba\u015fkan\u0131 Dr. \u0130brahim \u00d6zel, kurduklar\u0131 partiyle halk\u0131 yan\u0131na alacaklar\u0131n\u0131 ve \u00fclkeyi bu karanl\u0131ktan kurtaracaklar\u0131n\u0131 s\u00f6yledi. Mersin \u0130Y\u0130 Parti \u0130l Ba\u015fkan\u0131 Dr. \u0130brahim &hellip; <a href=\"https:\/\/akdenizolaygazetesi.com\/?p=1679\" class=\"more-link\">Devam\u0131n\u0131 Oku&#8230;<\/a><\/p>\n","protected":false},"author":1,"featured_media":0,"comment_status":"open","ping_status":"open","sticky":false,"template":"","format":"standard","meta":[],"categories":[],"tags":[],"_links":{"self":[{"href":"https:\/\/akdenizolaygazetesi.com\/index.php?rest_route=\/wp\/v2\/posts\/1679"}],"collection":[{"href":"https:\/\/akdenizolaygazetesi.com\/index.php?rest_route=\/wp\/v2\/posts"}],"about":[{"href":"https:\/\/akdenizolaygazetesi.com\/index.php?rest_route=\/wp\/v2\/types\/post"}],"author":[{"embeddable":true,"href":"https:\/\/akdenizolaygazetesi.com\/index.php?rest_route=\/wp\/v2\/users\/1"}],"replies":[{"embeddable":true,"href":"https:\/\/akdenizolaygazetesi.com\/index.php?rest_route=%2Fwp%2Fv2%2Fcomments&post=1679"}],"version-history":[{"count":0,"href":"https:\/\/akdenizolaygazetesi.com\/index.php?rest_route=\/wp\/v2\/posts\/1679\/revisions"}],"wp:attachment":[{"href":"https:\/\/akdenizolaygazetesi.com\/index.php?rest_route=%2Fwp%2Fv2%2Fmedia&parent=1679"}],"wp:term":[{"taxonomy":"category","embeddable":true,"href":"https:\/\/akdenizolaygazetesi.com\/index.php?rest_route=%2Fwp%2Fv2%2Fcategories&post=1679"},{"taxonomy":"post_tag","embeddable":true,"href":"https:\/\/akdenizolaygazetesi.com\/index.php?rest_route=%2Fwp%2Fv2%2Ftags&post=1679"}],"curies":[{"name":"wp","href":"https:\/\/api.w.org\/{rel}","templated":true}]}}