{"id":1680,"date":"2020-11-04T18:22:13","date_gmt":"2020-11-04T15:22:13","guid":{"rendered":"http:\/\/mersinekonomipolitikagazetesi.com\/?p=1680"},"modified":"2020-11-04T18:22:13","modified_gmt":"2020-11-04T15:22:13","slug":"kullandigi-aracin-kontrolunu-kaybeden-hemsire-araciyla-sulama-havuzuna-uctu-1-olu","status":"publish","type":"post","link":"https:\/\/akdenizolaygazetesi.com\/?p=1680","title":{"rendered":"Kulland\u0131\u011f\u0131 arac\u0131n kontrol\u00fcn\u00fc kaybeden hem\u015fire arac\u0131yla sulama havuzuna u\u00e7tu: 1 \u00f6l\u00fc"},"content":{"rendered":"<p>Mersin&#8217;de kulland\u0131\u011f\u0131 otomobille birlikte yoldan \u00e7\u0131karak sulama havuzuna d\u00fc\u015fen 29 ya\u015f\u0131ndaki hem\u015fire hayat\u0131n\u0131 kaybetti.<\/p>\n<p><span style=\"font-size:16px;\"><span style=\"font-family: sans-serif; line-height: 20px; text-align: justify; background-color: rgb(242, 244, 245);\">Havuzun derin sular\u0131na g\u00f6m\u00fclen otomobil itfaiye ekiplerince \u00e7\u0131kar\u0131l\u0131rken, ara\u00e7 i\u00e7erisinde bulunamayan gen\u00e7 hem\u015firenin cesedi, dalg\u0131\u00e7lar\u0131n uzun s\u00fcren aramalar\u0131 sonucu bulundu.\u00a0<\/span><br style=\"box-sizing: border-box; font-family: sans-serif; font-size: 14px; line-height: 20px; text-align: justify; background-color: rgb(242, 244, 245);\" \/><br \/>\n<span style=\"font-family: sans-serif; line-height: 20px; text-align: justify; background-color: rgb(242, 244, 245);\">Edinilen bilgiye g\u00f6re, \u015eehi Hastanesi&#8217;nde hem\u015fire olarak g\u00f6rev yapan M\u00fcsl\u00fcme G\u00f6kdemir (29) y\u00f6netimindeki 33 EKL 94 plakal\u0131 otomobil, merkez Toroslar il\u00e7esi G\u00f6zne yolu \u00fczerinde seyir halindeyken s\u00fcr\u00fcc\u00fcs\u00fcn\u00fcn kontrol\u00fcnden \u00e7\u0131karak yol kenar\u0131ndaki sulama havuzuna d\u00fc\u015ft\u00fc.\u00a0<\/span><br style=\"box-sizing: border-box; font-family: sans-serif; font-size: 14px; line-height: 20px; text-align: justify; background-color: rgb(242, 244, 245);\" \/><br \/>\n<span style=\"font-family: sans-serif; line-height: 20px; text-align: justify; background-color: rgb(242, 244, 245);\">Kazay\u0131 g\u00f6ren vatanda\u015flar\u0131n ihbar\u0131 \u00fczerine olay yerine \u00e7ok say\u0131da itfaiye, jandarma ve sa\u011fl\u0131k ekibi sevk edildi. Tar\u0131m ama\u00e7l\u0131 kullan\u0131lan sulama havuzunda kaybolan otomobil, Deniz \u015eube M\u00fcd\u00fcrl\u00fc\u011f\u00fc&#8217;ne ba\u011fl\u0131 dalg\u0131\u00e7 ve itfaiye ekiplerince halat ba\u011flanarak sudan \u00e7\u0131kar\u0131l\u0131rken, ara\u00e7 i\u00e7erisinde s\u00fcr\u00fcc\u00fcye rastlanmad\u0131.\u00a0<\/span><br style=\"box-sizing: border-box; font-family: sans-serif; font-size: 14px; line-height: 20px; text-align: justify; background-color: rgb(242, 244, 245);\" \/><br \/>\n<span style=\"font-family: sans-serif; line-height: 20px; text-align: justify; background-color: rgb(242, 244, 245);\">Bunun \u00fczerine dalg\u0131\u00e7lar havuz i\u00e7erisinde aramalar\u0131n\u0131 s\u00fcrd\u00fcr\u00fcrken, di\u011fer ekipler ise s\u00fcr\u00fcc\u00fcn\u00fcn camdan f\u0131rlam\u0131\u015f olma ihtimaline kar\u015f\u0131 \u00e7evrede ara\u015ft\u0131rma yapt\u0131. Dalg\u0131\u00e7lar\u0131n yakla\u015f\u0131k 3.5 saat s\u00fcren \u00e7al\u0131\u015fmas\u0131n\u0131n ard\u0131ndan G\u00f6kdemir&#8217;in cesedi, sulama havuzunun derinliklerinde bulunarak \u00e7\u0131kar\u0131ld\u0131.\u00a0<\/span><br style=\"box-sizing: border-box; font-family: sans-serif; font-size: 14px; line-height: 20px; text-align: justify; background-color: rgb(242, 244, 245);\" \/><br \/>\n<span style=\"font-family: sans-serif; line-height: 20px; text-align: justify; background-color: rgb(242, 244, 245);\">Bu arada ac\u0131 haberi alarak olay yerine gelen gen\u00e7 hem\u015firenin annesi fenal\u0131k ge\u00e7irirken, kazayla ilgili soru\u015fturman\u0131n s\u00fcrd\u00fc\u011f\u00fc bildirildi.\u00a0<\/span><\/span><\/p>\n","protected":false},"excerpt":{"rendered":"<p>Mersin&#8217;de kulland\u0131\u011f\u0131 otomobille birlikte yoldan \u00e7\u0131karak sulama havuzuna d\u00fc\u015fen 29 ya\u015f\u0131ndaki hem\u015fire hayat\u0131n\u0131 kaybetti. Havuzun derin sular\u0131na g\u00f6m\u00fclen otomobil itfaiye ekiplerince \u00e7\u0131kar\u0131l\u0131rken, ara\u00e7 i\u00e7erisinde bulunamayan gen\u00e7 hem\u015firenin cesedi, dalg\u0131\u00e7lar\u0131n uzun &hellip; <a href=\"https:\/\/akdenizolaygazetesi.com\/?p=1680\" class=\"more-link\">Devam\u0131n\u0131 Oku&#8230;<\/a><\/p>\n","protected":false},"author":1,"featured_media":0,"comment_status":"open","ping_status":"open","sticky":false,"template":"","format":"standard","meta":[],"categories":[],"tags":[],"_links":{"self":[{"href":"https:\/\/akdenizolaygazetesi.com\/index.php?rest_route=\/wp\/v2\/posts\/1680"}],"collection":[{"href":"https:\/\/akdenizolaygazetesi.com\/index.php?rest_route=\/wp\/v2\/posts"}],"about":[{"href":"https:\/\/akdenizolaygazetesi.com\/index.php?rest_route=\/wp\/v2\/types\/post"}],"author":[{"embeddable":true,"href":"https:\/\/akdenizolaygazetesi.com\/index.php?rest_route=\/wp\/v2\/users\/1"}],"replies":[{"embeddable":true,"href":"https:\/\/akdenizolaygazetesi.com\/index.php?rest_route=%2Fwp%2Fv2%2Fcomments&post=1680"}],"version-history":[{"count":0,"href":"https:\/\/akdenizolaygazetesi.com\/index.php?rest_route=\/wp\/v2\/posts\/1680\/revisions"}],"wp:attachment":[{"href":"https:\/\/akdenizolaygazetesi.com\/index.php?rest_route=%2Fwp%2Fv2%2Fmedia&parent=1680"}],"wp:term":[{"taxonomy":"category","embeddable":true,"href":"https:\/\/akdenizolaygazetesi.com\/index.php?rest_route=%2Fwp%2Fv2%2Fcategories&post=1680"},{"taxonomy":"post_tag","embeddable":true,"href":"https:\/\/akdenizolaygazetesi.com\/index.php?rest_route=%2Fwp%2Fv2%2Ftags&post=1680"}],"curies":[{"name":"wp","href":"https:\/\/api.w.org\/{rel}","templated":true}]}}