{"id":1682,"date":"2020-11-04T18:22:13","date_gmt":"2020-11-04T15:22:13","guid":{"rendered":"http:\/\/mersinekonomipolitikagazetesi.com\/?p=1682"},"modified":"2020-11-04T18:22:13","modified_gmt":"2020-11-04T15:22:13","slug":"akdenizde-bahar-mesaisi","status":"publish","type":"post","link":"https:\/\/akdenizolaygazetesi.com\/?p=1682","title":{"rendered":"Akdeniz&#8217;de bahar mesaisi"},"content":{"rendered":"<p>Mersin&#8217;in merkez il\u00e7e Akdeniz Belediyesi Fen \u0130\u015fleri M\u00fcd\u00fcrl\u00fc\u011f\u00fc ile Park ve Bah\u00e7eler M\u00fcd\u00fcrl\u00fc\u011f\u00fc ekipleri, bahar\u0131n gelmesiyle birlikte asfalt kaplama, kald\u0131r\u0131m yenileme, yol a\u00e7ma \u00e7al\u0131\u015fmalar\u0131na h\u0131z verdi.<\/p>\n<p><span style=\"font-size:16px;\"><span style=\"font-family: sans-serif; line-height: 20px; text-align: justify; background-color: rgb(242, 244, 245);\">Fen \u0130\u015fleri M\u00fcd\u00fcrl\u00fc\u011f\u00fc\u2019ne ekiplerince, Adanal\u0131o\u011flu ve Kazanl\u0131 mahallelerinde ihtiya\u00e7 duyulan sokak aralar\u0131nda kilit ta\u015f\u0131 d\u00f6\u015feme hizmeti verilirken, Karaduvar Mahallesinde de altyap\u0131s\u0131 tamamlanan caddelerin, asfalt ve kald\u0131r\u0131m \u00e7al\u0131\u015fmalar\u0131n\u0131 h\u0131zland\u0131r\u0131ld\u0131. Ekipler ayr\u0131ca, Adanal\u0131o\u011flu \u015e\u0131h \u0130brahim Hekim Caddesi \u00fczerinde de bak\u0131m onar\u0131m ve yol geni\u015fletme \u00e7al\u0131\u015fmas\u0131 ger\u00e7ekle\u015ftirdi.<\/span><br style=\"box-sizing: border-box; font-family: sans-serif; font-size: 14px; line-height: 20px; text-align: justify; background-color: rgb(242, 244, 245);\" \/><br \/>\n<span style=\"font-family: sans-serif; line-height: 20px; text-align: justify; background-color: rgb(242, 244, 245);\">Park ve Bah\u00e7eler M\u00fcd\u00fcrl\u00fc\u011f\u00fc ekiplerince ise bahar ve yaz aylar\u0131nda vatanda\u015flar\u0131n yo\u011fun ilgi g\u00f6sterdi\u011fi parklar\u0131n canlanmas\u0131 i\u00e7in yo\u011fun mesai harcan\u0131yor. Ekipler, bu kapsamda a\u011fa\u00e7 budama \u00e7al\u0131\u015fmalar\u0131n\u0131 ve ye\u015fil alanlar\u0131n bak\u0131m\u0131n\u0131 ger\u00e7ekle\u015ftiriyor. Park, meydan, bah\u00e7e ve ye\u015fil alanlara y\u00f6nelik \u00e7al\u0131\u015fmalar\u0131n k\u0131sa s\u00fcre i\u00e7inde tamamlanmas\u0131 hedefleniyor. \u00d6te yandan Akdeniz Belediyesi, kendi fidanl\u0131\u011f\u0131nda \u00fcretti\u011fi on binlerce farkl\u0131 mevsimlik \u00e7i\u00e7e\u011fin, il\u00e7enin ve kentin d\u00f6rt bir yan\u0131ndaki ye\u015fil alanlara dikimini de sa\u011fl\u0131yor.\u00a0<\/span><br style=\"box-sizing: border-box; font-family: sans-serif; font-size: 14px; line-height: 20px; text-align: justify; background-color: rgb(242, 244, 245);\" \/><br \/>\n<span style=\"font-family: sans-serif; line-height: 20px; text-align: justify; background-color: rgb(242, 244, 245);\">Akdeniz ve Mersin\u2019i de\u011fi\u015ftiren ve d\u00f6n\u00fc\u015ft\u00fcren hizmetlerinin s\u00fcrece\u011finin kaydeden Akdeniz Belediye Ba\u015fkan\u0131 Muhittin Pamuk, \u201cFen \u0130\u015fleri M\u00fcd\u00fcrl\u00fc\u011f\u00fc b\u00fcnyesinde olu\u015fturulan ve say\u0131s\u0131 artt\u0131r\u0131lan asfalt ekiplerimiz, Akdeniz\u2019in d\u00f6rt bir yan\u0131nda b\u00fct\u00fcn vatanda\u015flar\u0131m\u0131za hizmet veriyor\u201d dedi. \u0130nsan odakl\u0131 hizmet anlay\u0131\u015f\u0131yla \u00e7al\u0131\u015ft\u0131klar\u0131n\u0131 s\u00f6yleyen Pamuk, \u201cAkdeniz sakinlerinin belediye hizmetlerinden eksiksiz ve zaman\u0131nda yararlanmas\u0131 i\u00e7in \u00e7al\u0131\u015fmalar\u0131m\u0131z\u0131 kararl\u0131l\u0131kla s\u00fcrd\u00fcr\u00fcyoruz. Kaynaklar\u0131m\u0131z\u0131 do\u011fru zamanda ve do\u011fru yere y\u00f6nlendirerek, belediyemiz b\u00fct\u00e7esini hizmet ve proje a\u011f\u0131rl\u0131kl\u0131 kullan\u0131p, vatanda\u015flar\u0131m\u0131z\u0131n g\u00fcndelik ya\u015famda kar\u015f\u0131la\u015ft\u0131klar\u0131 sorun ve s\u0131k\u0131nt\u0131lar\u0131 gideriyoruz. Kaliteli, ya\u015fan\u0131l\u0131r, d\u00fczenli ve sa\u011fl\u0131kl\u0131 bir kent i\u00e7in belediyecilik anlam\u0131nda ihtiya\u00e7 duyulan hizmet ve \u00e7al\u0131\u015fmalar\u0131m\u0131z aral\u0131ks\u0131z devam edecek&#8221; dedi.\u00a0<\/span><\/span><\/p>\n","protected":false},"excerpt":{"rendered":"<p>Mersin&#8217;in merkez il\u00e7e Akdeniz Belediyesi Fen \u0130\u015fleri M\u00fcd\u00fcrl\u00fc\u011f\u00fc ile Park ve Bah\u00e7eler M\u00fcd\u00fcrl\u00fc\u011f\u00fc ekipleri, bahar\u0131n gelmesiyle birlikte asfalt kaplama, kald\u0131r\u0131m yenileme, yol a\u00e7ma \u00e7al\u0131\u015fmalar\u0131na h\u0131z verdi. Fen \u0130\u015fleri M\u00fcd\u00fcrl\u00fc\u011f\u00fc\u2019ne ekiplerince, &hellip; <a href=\"https:\/\/akdenizolaygazetesi.com\/?p=1682\" class=\"more-link\">Devam\u0131n\u0131 Oku&#8230;<\/a><\/p>\n","protected":false},"author":1,"featured_media":0,"comment_status":"open","ping_status":"open","sticky":false,"template":"","format":"standard","meta":[],"categories":[],"tags":[],"_links":{"self":[{"href":"https:\/\/akdenizolaygazetesi.com\/index.php?rest_route=\/wp\/v2\/posts\/1682"}],"collection":[{"href":"https:\/\/akdenizolaygazetesi.com\/index.php?rest_route=\/wp\/v2\/posts"}],"about":[{"href":"https:\/\/akdenizolaygazetesi.com\/index.php?rest_route=\/wp\/v2\/types\/post"}],"author":[{"embeddable":true,"href":"https:\/\/akdenizolaygazetesi.com\/index.php?rest_route=\/wp\/v2\/users\/1"}],"replies":[{"embeddable":true,"href":"https:\/\/akdenizolaygazetesi.com\/index.php?rest_route=%2Fwp%2Fv2%2Fcomments&post=1682"}],"version-history":[{"count":0,"href":"https:\/\/akdenizolaygazetesi.com\/index.php?rest_route=\/wp\/v2\/posts\/1682\/revisions"}],"wp:attachment":[{"href":"https:\/\/akdenizolaygazetesi.com\/index.php?rest_route=%2Fwp%2Fv2%2Fmedia&parent=1682"}],"wp:term":[{"taxonomy":"category","embeddable":true,"href":"https:\/\/akdenizolaygazetesi.com\/index.php?rest_route=%2Fwp%2Fv2%2Fcategories&post=1682"},{"taxonomy":"post_tag","embeddable":true,"href":"https:\/\/akdenizolaygazetesi.com\/index.php?rest_route=%2Fwp%2Fv2%2Ftags&post=1682"}],"curies":[{"name":"wp","href":"https:\/\/api.w.org\/{rel}","templated":true}]}}