{"id":1683,"date":"2020-11-04T18:22:13","date_gmt":"2020-11-04T15:22:13","guid":{"rendered":"http:\/\/mersinekonomipolitikagazetesi.com\/?p=1683"},"modified":"2020-11-04T18:22:13","modified_gmt":"2020-11-04T15:22:13","slug":"meude-20-pediatri-gunleri","status":"publish","type":"post","link":"https:\/\/akdenizolaygazetesi.com\/?p=1683","title":{"rendered":"ME\u00dc&#8217;de &#8217;20. Pediatri G\u00fcnleri&#8217;"},"content":{"rendered":"<p>Mersin \u00dcniversitesi (ME\u00dc) T\u0131p Fak\u00fcltesi \u00c7ocuk Sa\u011fl\u0131\u011f\u0131 ve Hastal\u0131klar\u0131 Anabilim Dal\u0131 taraf\u0131ndan d\u00fczenlenen &#8216;Mersin Pediatri G\u00fcnleri\u2019nin 20&#8217;ncsi ger\u00e7ekle\u015ftirildi.<\/p>\n<p><span style=\"font-size:16px;\"><span style=\"font-family: sans-serif; line-height: 20px; text-align: justify; background-color: rgb(242, 244, 245);\">Prof. Dr. U\u011fur Oral K\u00fclt\u00fcr Merkezi\u2019nde ger\u00e7ekle\u015ftirilen etkinli\u011fe, T\u0131p Fak\u00fcltesi \u00f6\u011fretim elemanlar\u0131 ve farkl\u0131 illerden gelen \u00e7ocuk sa\u011fl\u0131\u011f\u0131 alan\u0131nda \u00e7al\u0131\u015fan uzman hekimler ile \u00f6\u011fretim \u00fcyeleri ve \u00f6\u011frenciler kat\u0131ld\u0131.\u00a0<\/span><br style=\"box-sizing: border-box; font-family: sans-serif; font-size: 14px; line-height: 20px; text-align: justify; background-color: rgb(242, 244, 245);\" \/><br \/>\n<span style=\"font-family: sans-serif; line-height: 20px; text-align: justify; background-color: rgb(242, 244, 245);\">\u2018Pediatride Aciller\u2019 ba\u015fl\u0131\u011f\u0131 alt\u0131nda bir\u00e7ok konunun ele al\u0131n\u0131ld\u0131\u011f\u0131 etkinli\u011fin a\u00e7\u0131l\u0131\u015f\u0131nda konu\u015fan \u00c7ocuk Sa\u011fl\u0131\u011f\u0131 ve Hastal\u0131\u011f\u0131 Anabilim Dal\u0131 Ba\u015fkan\u0131 Prof. Dr. Necdet Kuyucu, bu etkinlikte, g\u00fcncel pediatri uygulamas\u0131nda yer bulan baz\u0131 pop\u00fcler g\u00f6r\u00fc\u015flerin bilimsel veriler \u0131\u015f\u0131\u011f\u0131nda yeniden g\u00f6zden ge\u00e7irmeyi ve birlikte tart\u0131\u015fmay\u0131 ama\u00e7lad\u0131klar\u0131n\u0131 s\u00f6yledi. Kuyucu, &#8220;Mersin \u00dcniversitesi T\u0131p Fak\u00fcltesi, 20 y\u0131ldan beri ba\u015fta Mersin olmak \u00fczere \u00f6zellikle \u00e7evresindeki iller ve t\u00fcm T\u00fcrkiye\u2019ye sa\u011fl\u0131k hizmeti vermi\u015f \u00f6nemli e\u011fitim kurumlar\u0131ndan birisidir. G\u00fcn\u00fcm\u00fczde \u00e7a\u011fda\u015f e\u011fitim, ara\u015ft\u0131rma ve tedavi hizmetlerini en \u00fcst d\u00fczeyde y\u00fcr\u00fctmenin gayreti i\u00e7erisindedir. 20 y\u0131ldan beri temel t\u0131p e\u011fitiminin yan\u0131 s\u0131ra pediatri ve yan dallarda yeti\u015ftirdi\u011fi meslekta\u015flar\u0131m\u0131z t\u00fcm \u00fclke genelinde e\u011fitim, ara\u015ft\u0131rma ve sa\u011fl\u0131k hizmetleri alanlar\u0131nda g\u00f6rev yapmaktad\u0131rlar. Pediatri G\u00fcnleri\u2019nin ger\u00e7ekle\u015fmesine destek olan d\u00fczenleme kuruluna ve bilimsel kurula, konu\u015fmac\u0131lara, kat\u0131l\u0131mc\u0131lara ve destek veren herkese te\u015fekk\u00fcr ediyorum&#8221; dedi.\u00a0<\/span><br style=\"box-sizing: border-box; font-family: sans-serif; font-size: 14px; line-height: 20px; text-align: justify; background-color: rgb(242, 244, 245);\" \/><br \/>\n<span style=\"font-family: sans-serif; line-height: 20px; text-align: justify; background-color: rgb(242, 244, 245);\">A\u00e7\u0131l\u0131\u015f konu\u015fmas\u0131n\u0131n ard\u0131ndan devam eden etkinli\u011fin ilk g\u00fcn\u00fcnde Prof. Dr. Esat Y\u0131lg\u00f6r\u2019\u00fcn ba\u015fkanl\u0131k etti\u011fi oturumda Prof. Dr. \u00d6zg\u00fcr Kasap\u00e7opur\u2019un &#8216;\u00e7ocuklarda ne zaman sistemik juvenil idiyopatik artrit ve otoinflamatuvar hastal\u0131k d\u00fc\u015f\u00fcnelim?&#8217;, Prof. Dr. Semanur Kuyumcu\u2019nun ba\u015fkanl\u0131k etti\u011fi Do\u00e7. Dr. \u00d6zlem Y\u0131lmaz\u2019\u0131n &#8216;akut ast\u0131m ata\u011f\u0131&#8217;, Prof. Dr. Ertug Arslank\u00f6yl\u00fc\u2019n\u00fcn ba\u015fkanl\u0131\u011f\u0131nda Dr. \u00d6\u011fr. \u00dcyesi Mehmet Alakaya\u2019n\u0131n &#8216;akut solunum yetmezli\u011fi&#8217;, Prof. Dr. Yusuf Usta\u2019n\u0131n ba\u015fkanl\u0131\u011f\u0131n\u0131 yapt\u0131\u011f\u0131 Prof. Dr. Aygen Y\u0131lmaz\u2019\u0131n &#8216;gastrointestinal sistem kanamalar\u0131&#8217;, Prof. Dr. \u00c7etin Okuyaz\u2019\u0131n ba\u015fkanl\u0131\u011f\u0131n\u0131 yapt\u0131\u011f\u0131 Do\u00e7. Dr. Mustafa K\u00f6m\u00fcr\u2019\u00fcn &#8216;status epilepticus&#8217; konulu sunumunu ger\u00e7ekle\u015ftirdi.\u00a0<\/span><\/span><\/p>\n","protected":false},"excerpt":{"rendered":"<p>Mersin \u00dcniversitesi (ME\u00dc) T\u0131p Fak\u00fcltesi \u00c7ocuk Sa\u011fl\u0131\u011f\u0131 ve Hastal\u0131klar\u0131 Anabilim Dal\u0131 taraf\u0131ndan d\u00fczenlenen &#8216;Mersin Pediatri G\u00fcnleri\u2019nin 20&#8217;ncsi ger\u00e7ekle\u015ftirildi. Prof. Dr. U\u011fur Oral K\u00fclt\u00fcr Merkezi\u2019nde ger\u00e7ekle\u015ftirilen etkinli\u011fe, T\u0131p Fak\u00fcltesi \u00f6\u011fretim elemanlar\u0131 &hellip; <a href=\"https:\/\/akdenizolaygazetesi.com\/?p=1683\" class=\"more-link\">Devam\u0131n\u0131 Oku&#8230;<\/a><\/p>\n","protected":false},"author":1,"featured_media":0,"comment_status":"open","ping_status":"open","sticky":false,"template":"","format":"standard","meta":[],"categories":[],"tags":[],"_links":{"self":[{"href":"https:\/\/akdenizolaygazetesi.com\/index.php?rest_route=\/wp\/v2\/posts\/1683"}],"collection":[{"href":"https:\/\/akdenizolaygazetesi.com\/index.php?rest_route=\/wp\/v2\/posts"}],"about":[{"href":"https:\/\/akdenizolaygazetesi.com\/index.php?rest_route=\/wp\/v2\/types\/post"}],"author":[{"embeddable":true,"href":"https:\/\/akdenizolaygazetesi.com\/index.php?rest_route=\/wp\/v2\/users\/1"}],"replies":[{"embeddable":true,"href":"https:\/\/akdenizolaygazetesi.com\/index.php?rest_route=%2Fwp%2Fv2%2Fcomments&post=1683"}],"version-history":[{"count":0,"href":"https:\/\/akdenizolaygazetesi.com\/index.php?rest_route=\/wp\/v2\/posts\/1683\/revisions"}],"wp:attachment":[{"href":"https:\/\/akdenizolaygazetesi.com\/index.php?rest_route=%2Fwp%2Fv2%2Fmedia&parent=1683"}],"wp:term":[{"taxonomy":"category","embeddable":true,"href":"https:\/\/akdenizolaygazetesi.com\/index.php?rest_route=%2Fwp%2Fv2%2Fcategories&post=1683"},{"taxonomy":"post_tag","embeddable":true,"href":"https:\/\/akdenizolaygazetesi.com\/index.php?rest_route=%2Fwp%2Fv2%2Ftags&post=1683"}],"curies":[{"name":"wp","href":"https:\/\/api.w.org\/{rel}","templated":true}]}}