{"id":1684,"date":"2020-11-04T18:22:13","date_gmt":"2020-11-04T15:22:13","guid":{"rendered":"http:\/\/mersinekonomipolitikagazetesi.com\/?p=1684"},"modified":"2020-11-04T18:22:13","modified_gmt":"2020-11-04T15:22:13","slug":"ogretmenlerden-saglik-turizmi-projesi","status":"publish","type":"post","link":"https:\/\/akdenizolaygazetesi.com\/?p=1684","title":{"rendered":"\u00d6\u011fretmenlerden &#8216;Sa\u011fl\u0131k Turizmi Projesi&#8217;"},"content":{"rendered":"<p>Akdeniz Borsa \u0130stanbul Mesleki ve Teknik Anadolu Lisesi&#8217;ndeki 16 \u00f6\u011fretmen, Erasmus&#8217;un Okul E\u011fitimi Personel Hareketlili\u011fi Projesi kapsam\u0131nda haz\u0131rlad\u0131\u011f\u0131 &#8216;Sa\u011fl\u0131k Turizmi Projesi&#8217; ile Prag ve Viyana&#8217;da yard\u0131mc\u0131 sa\u011fl\u0131k personeli yeti\u015ftirilmesi alan\u0131nda inceleme yaparak, bilgiler ald\u0131lar.<\/p>\n<p><span style=\"font-size:16px;\"><span style=\"font-family: sans-serif; line-height: 20px; text-align: justify; background-color: rgb(242, 244, 245);\">Projeyle ilgili a\u00e7\u0131klamalarda bulunan proje koordinat\u00f6r\u00fc sa\u011fl\u0131k alan\u0131 meslek dersleri \u00f6\u011fretmeni Raziye Ero\u011flu, projeyi kendisiyle beraber 16 \u00f6\u011fretmenin haz\u0131rlad\u0131\u011f\u0131n\u0131 s\u00f6yledi. Projeyi T\u00fcrkiye Ulusal Ajans\u0131&#8217;n\u0131n destekledi\u011fi Erasmus kapsam\u0131ndaki Okul E\u011fitimi Personel Hareketlili\u011fi Projesi kapsam\u0131nda haz\u0131rlad\u0131klar\u0131n\u0131 kaydeden Ero\u011flu, &#8220;Proje kapsam\u0131nda Prag ve Viyana&#8217;da 16 sa\u011fl\u0131k alan\u0131 \u00f6\u011fretmeni ile 23 g\u00fcn s\u00fcreli hareketlilik ger\u00e7ekle\u015ftirilmi\u015ftir. \u00dclkemizde yard\u0131mc\u0131 sa\u011fl\u0131k personeli ad\u0131 alt\u0131nda a\u00e7\u0131lan yeni b\u00f6l\u00fcm\u00fcn Prag ve Viyanadaki uygulamalar\u0131n\u0131 yak\u0131ndan g\u00f6r\u00fcp incelemek ve edinilen tecr\u00fcbeleri \u00f6\u011frencilerimize aktarmak ama\u00e7lam\u0131\u015ft\u0131r. Avrupa boyutunda \u00f6\u011frenci yeti\u015ftirmede katk\u0131 sa\u011flam\u0131\u015ft\u0131r.\u00d6\u011frencilerimiz hasta bak\u0131m\u0131 a\u011f\u0131rl\u0131kl\u0131 e\u011fitim almaktad\u0131r. Sa\u011fl\u0131k turizmi alan\u0131nda hastalar\u0131na en iyi bak\u0131m\u0131 veren ki\u015filer olarak yeti\u015ftirmek ama\u00e7lanmaktad\u0131r&#8221; dedi.\u00a0<\/span><br style=\"box-sizing: border-box; font-family: sans-serif; font-size: 14px; line-height: 20px; text-align: justify; background-color: rgb(242, 244, 245);\" \/><br \/>\n<span style=\"font-family: sans-serif; line-height: 20px; text-align: justify; background-color: rgb(242, 244, 245);\">Projenin \u00e7ok b\u00fcy\u00fck katk\u0131lar\u0131 oldu\u011funu kaydeden Ero\u011flu, &#8220;Prag&#8217;da ortak okulumuz Stendni Zdravotnicka Skola yard\u0131mc\u0131 sa\u011fl\u0131k personeli yeti\u015ftirilmesinde olduk\u00e7a ba\u015far\u0131l\u0131. Bu alandaki bilgi ve uygulamalar\u0131 bizimle payla\u015ft\u0131lar. Viyana&#8217;da orta\u011f\u0131m\u0131z Islamische Fachschule de kat\u0131l\u0131mc\u0131lar\u0131m\u0131z yard\u0131mc\u0131 sa\u011fl\u0131k personeli yeti\u015ftirilmesinde incelemeler ve g\u00f6zlemler yaparak bu alanda yeni bilgiler edindiler. Avrupa Birli\u011fi Erasmus projelerinin \u00f6\u011fretmenlerin bilgilerinin yenilenmesi ve \u00c7ekya, Avusturya ve T\u00fcrkiye&#8217;deki e\u011fitim tekniklerinin kar\u015f\u0131la\u015ft\u0131r\u0131lmas\u0131nda olduk\u00e7a etkili olmu\u015ftur. Bu projelerin e\u011fitim desteklenmesi ve geli\u015ftirilmesinde \u00f6nemli yere sahiptir. Ayr\u0131ca dilsel, k\u00fclt\u00fcrel bilgi ak\u0131\u015f\u0131na katk\u0131 sa\u011flam\u0131\u015ft\u0131r. Bu projelere daha \u00e7ok \u00f6\u011fretmen ve \u00f6\u011frencilerimizinde kat\u0131lmas\u0131 i\u00e7in yeni proje haz\u0131rl\u0131k \u00e7al\u0131\u015fmalar\u0131 s\u00fcrd\u00fcr\u00fclmektedir&#8221; diye konu\u015ftu.\u00a0<\/span><\/span><\/p>\n","protected":false},"excerpt":{"rendered":"<p>Akdeniz Borsa \u0130stanbul Mesleki ve Teknik Anadolu Lisesi&#8217;ndeki 16 \u00f6\u011fretmen, Erasmus&#8217;un Okul E\u011fitimi Personel Hareketlili\u011fi Projesi kapsam\u0131nda haz\u0131rlad\u0131\u011f\u0131 &#8216;Sa\u011fl\u0131k Turizmi Projesi&#8217; ile Prag ve Viyana&#8217;da yard\u0131mc\u0131 sa\u011fl\u0131k personeli yeti\u015ftirilmesi alan\u0131nda &hellip; <a href=\"https:\/\/akdenizolaygazetesi.com\/?p=1684\" class=\"more-link\">Devam\u0131n\u0131 Oku&#8230;<\/a><\/p>\n","protected":false},"author":1,"featured_media":0,"comment_status":"open","ping_status":"open","sticky":false,"template":"","format":"standard","meta":[],"categories":[],"tags":[],"_links":{"self":[{"href":"https:\/\/akdenizolaygazetesi.com\/index.php?rest_route=\/wp\/v2\/posts\/1684"}],"collection":[{"href":"https:\/\/akdenizolaygazetesi.com\/index.php?rest_route=\/wp\/v2\/posts"}],"about":[{"href":"https:\/\/akdenizolaygazetesi.com\/index.php?rest_route=\/wp\/v2\/types\/post"}],"author":[{"embeddable":true,"href":"https:\/\/akdenizolaygazetesi.com\/index.php?rest_route=\/wp\/v2\/users\/1"}],"replies":[{"embeddable":true,"href":"https:\/\/akdenizolaygazetesi.com\/index.php?rest_route=%2Fwp%2Fv2%2Fcomments&post=1684"}],"version-history":[{"count":0,"href":"https:\/\/akdenizolaygazetesi.com\/index.php?rest_route=\/wp\/v2\/posts\/1684\/revisions"}],"wp:attachment":[{"href":"https:\/\/akdenizolaygazetesi.com\/index.php?rest_route=%2Fwp%2Fv2%2Fmedia&parent=1684"}],"wp:term":[{"taxonomy":"category","embeddable":true,"href":"https:\/\/akdenizolaygazetesi.com\/index.php?rest_route=%2Fwp%2Fv2%2Fcategories&post=1684"},{"taxonomy":"post_tag","embeddable":true,"href":"https:\/\/akdenizolaygazetesi.com\/index.php?rest_route=%2Fwp%2Fv2%2Ftags&post=1684"}],"curies":[{"name":"wp","href":"https:\/\/api.w.org\/{rel}","templated":true}]}}