{"id":16841,"date":"2022-02-23T13:20:36","date_gmt":"2022-02-23T10:20:36","guid":{"rendered":"http:\/\/akdenizolaygazetesi.com\/?p=16841"},"modified":"2022-02-23T13:20:36","modified_gmt":"2022-02-23T10:20:36","slug":"kac-is-kazasi-ve-isci-olumu-gerceklesmistir","status":"publish","type":"post","link":"https:\/\/akdenizolaygazetesi.com\/?p=16841","title":{"rendered":"&#8216;Ka\u00e7 i\u015f kazas\u0131 ve i\u015f\u00e7i \u00f6l\u00fcm\u00fc ger\u00e7ekle\u015fmi\u015ftir?&#8217;"},"content":{"rendered":"<p>HDP Mersin Milletvekili Dr. R\u0131dvan Turan, Akkuyu N\u00fckleer Santrali\u2019nde \u00e7al\u0131\u015fan i\u015f\u00e7ilerin ge\u00e7irdi\u011fi trafik kazas\u0131n\u0131 TBMM g\u00fcndemine ta\u015f\u0131d\u0131.<br \/>\nHDP Mersin Milletvekili Dr. R\u0131dvan Turan, konuyla ilgili Cumhurba\u015fkan\u0131 Yard\u0131mc\u0131s\u0131 Fuat Oktay\u2019\u0131n yan\u0131tlamas\u0131 i\u00e7in soru \u00f6nergesi verdi.<br \/>\nDr. R\u0131dvan Turan soru \u00f6nergesinde \u015funlar\u0131 s\u00f6yledi: \u201cAkkuyu N\u00fckleer G\u00fc\u00e7 Santralinde \u00e7al\u0131\u015fan i\u015f\u00e7ileri ta\u015f\u0131yan servis arac\u0131n\u0131n devrilmesi sonucu 2\u2019si a\u011f\u0131r 40 i\u015f\u00e7i yaralanm\u0131\u015ft\u0131r. AKP iktidar\u0131, Akkuyu N\u00fckleer G\u00fc\u00e7 Santralinde defalarca i\u015f kazas\u0131 olmas\u0131na ve ge\u00e7en aylarda bir i\u015f\u00e7inin \u00f6lmesine ra\u011fmen kamuoyunu bilgilendirmek yerine deyim yerindeyse kamuoyundan bilgi saklamay\u0131 bir team\u00fcl haline getirmi\u015ftir. Akkuyu N\u00fckleer G\u00fc\u00e7 Santrali, ilk \u00e7al\u0131\u015fman\u0131n ba\u015flad\u0131\u011f\u0131 g\u00fcnden itibaren farkl\u0131 zamanlarda hem \u00e7al\u0131\u015fanlar hem de hem de Mersin\u2019de ya\u015fayan insanlar a\u00e7\u0131s\u0131ndan tehlikeli say\u0131labilecek olaylarla g\u00fcndeme gelmektedir. Ancak AKP iktidar\u0131 kamuoyunun endi\u015felerini giderecek bir a\u00e7\u0131klama dahi yapmamaktad\u0131r.\u201d<br \/>\nDr. R\u0131dvan Turan \u00f6nergesinde \u015fu sorulara yer verdi:<\/p>\n<p>1) AKP iktidar\u0131, Akkuyu N\u00fckleer G\u00fc\u00e7 Santrali\u2019nde meydana gelen i\u015f kazalar\u0131 ve i\u015f\u00e7i \u00f6l\u00fcmleri hakk\u0131nda kamuoyuna neden bir a\u00e7\u0131klama yapmamaktad\u0131r?<br \/>\n2) Akkuyu N\u00fckleer G\u00fc\u00e7 Santralinde \u015fimdiye kadar ka\u00e7  i\u015f kazas\u0131 ve i\u015f\u00e7i \u00f6l\u00fcm\u00fc ger\u00e7ekle\u015fmi\u015ftir?<br \/>\n3) Akkuyu N\u00fckleer G\u00fc\u00e7 Santralinde \u00e7al\u0131\u015fan i\u015f\u00e7ilerin i\u015f sa\u011fl\u0131\u011f\u0131 ve i\u015f g\u00fcvenli\u011finin sa\u011flanmad\u0131\u011f\u0131 ko\u015fullarda \u00e7al\u0131\u015ft\u0131r\u0131lmas\u0131n\u0131n gerek\u00e7esi nedir?<br \/>\n4) Akkuyu N\u00fckleer G\u00fc\u00e7 Santrali y\u00f6netimi taraf\u0131ndan \u00e7al\u0131\u015fan i\u015f\u00e7ilere santraldeki \u00e7al\u0131\u015fma ko\u015fullar\u0131n\u0131n kamuoyuna aktarmamalar\u0131 konusunda bask\u0131 yapt\u0131\u011f\u0131 iddialar\u0131 do\u011fru mudur?<\/p>\n","protected":false},"excerpt":{"rendered":"<p>HDP Mersin Milletvekili Dr. R\u0131dvan Turan, Akkuyu N\u00fckleer Santrali\u2019nde \u00e7al\u0131\u015fan i\u015f\u00e7ilerin ge\u00e7irdi\u011fi trafik kazas\u0131n\u0131 TBMM g\u00fcndemine ta\u015f\u0131d\u0131. HDP Mersin Milletvekili Dr. R\u0131dvan Turan, konuyla ilgili Cumhurba\u015fkan\u0131 Yard\u0131mc\u0131s\u0131 Fuat Oktay\u2019\u0131n yan\u0131tlamas\u0131 &hellip; <a href=\"https:\/\/akdenizolaygazetesi.com\/?p=16841\" class=\"more-link\">Devam\u0131n\u0131 Oku&#8230;<\/a><\/p>\n","protected":false},"author":2,"featured_media":16842,"comment_status":"open","ping_status":"open","sticky":false,"template":"","format":"standard","meta":[],"categories":[3],"tags":[],"_links":{"self":[{"href":"https:\/\/akdenizolaygazetesi.com\/index.php?rest_route=\/wp\/v2\/posts\/16841"}],"collection":[{"href":"https:\/\/akdenizolaygazetesi.com\/index.php?rest_route=\/wp\/v2\/posts"}],"about":[{"href":"https:\/\/akdenizolaygazetesi.com\/index.php?rest_route=\/wp\/v2\/types\/post"}],"author":[{"embeddable":true,"href":"https:\/\/akdenizolaygazetesi.com\/index.php?rest_route=\/wp\/v2\/users\/2"}],"replies":[{"embeddable":true,"href":"https:\/\/akdenizolaygazetesi.com\/index.php?rest_route=%2Fwp%2Fv2%2Fcomments&post=16841"}],"version-history":[{"count":1,"href":"https:\/\/akdenizolaygazetesi.com\/index.php?rest_route=\/wp\/v2\/posts\/16841\/revisions"}],"predecessor-version":[{"id":16843,"href":"https:\/\/akdenizolaygazetesi.com\/index.php?rest_route=\/wp\/v2\/posts\/16841\/revisions\/16843"}],"wp:featuredmedia":[{"embeddable":true,"href":"https:\/\/akdenizolaygazetesi.com\/index.php?rest_route=\/wp\/v2\/media\/16842"}],"wp:attachment":[{"href":"https:\/\/akdenizolaygazetesi.com\/index.php?rest_route=%2Fwp%2Fv2%2Fmedia&parent=16841"}],"wp:term":[{"taxonomy":"category","embeddable":true,"href":"https:\/\/akdenizolaygazetesi.com\/index.php?rest_route=%2Fwp%2Fv2%2Fcategories&post=16841"},{"taxonomy":"post_tag","embeddable":true,"href":"https:\/\/akdenizolaygazetesi.com\/index.php?rest_route=%2Fwp%2Fv2%2Ftags&post=16841"}],"curies":[{"name":"wp","href":"https:\/\/api.w.org\/{rel}","templated":true}]}}