{"id":16847,"date":"2022-02-23T15:23:54","date_gmt":"2022-02-23T12:23:54","guid":{"rendered":"http:\/\/akdenizolaygazetesi.com\/?p=16847"},"modified":"2022-02-23T15:23:54","modified_gmt":"2022-02-23T12:23:54","slug":"baskan-yilmaz-egitim-her-zaman-onceligimiz-oldu","status":"publish","type":"post","link":"https:\/\/akdenizolaygazetesi.com\/?p=16847","title":{"rendered":"Ba\u015fkan Y\u0131lmaz; &#8220;E\u011fitim, Her Zaman \u00d6nceli\u011fimiz Oldu&#8221;"},"content":{"rendered":"<p>Toroslar Belediyesi, ilkokula ba\u015flayacak olan \u00e7ocuklara y\u00f6nelik ger\u00e7ekle\u015ftirdi\u011fi \u00fccretsiz &#8216;Metropolitan Okul Olgunlu\u011fu Testi&#8217; uygulamas\u0131na il\u00e7edeki anaokullar\u0131nda devam ediyor.<\/p>\n<p>Toroslar Belediye Ba\u015fkan\u0131 Ats\u0131z Af\u015f\u0131n Y\u0131lmaz; &#8220;\u00c7ocuklar\u0131m\u0131z bizim gelece\u011fimiz. Onlar\u0131n e\u011fitim hayatlar\u0131na katk\u0131da bulunmak bizleri de mutlu ediyor&#8221; dedi.<\/p>\n<p>Toroslar Belediyesi, toplumun her kesimine y\u00f6nelik hayata ge\u00e7irdi\u011fi \u00e7al\u0131\u015fmalar\u0131 ve projeleriyle g\u00f6z dolduruyor.<\/p>\n<p>\u00c7ocuklara ve ailelerine dan\u0131\u015fmanl\u0131k hizmeti vererek yol g\u00f6steren belediye, 5-6 ya\u015f grubundaki \u00e7ocuklar\u0131n okula daha kolay ve k\u0131sa s\u00fcrede adapte olmalar\u0131 amac\u0131yla ba\u015flatt\u0131\u011f\u0131 &#8220;Metropolitan Okul Olgunlu\u011fu Testi&#8217; uygulamas\u0131n\u0131 anaokullar\u0131nda s\u00fcrd\u00fcr\u00fcyor.<\/p>\n<p>Toroslar Kad\u0131n ve \u00c7ocuk Dan\u0131\u015fma Merkezi&#8217;nin alan\u0131nda uzman psikologlar\u0131 taraf\u0131ndan \u00e7ocuklara birebir uygulanan test ile \u00e7ocuklar\u0131n\u0131n okula psikolojik, fiziksel ve zihinsel olarak haz\u0131r olup olmad\u0131\u011f\u0131n\u0131 merak eden ebeveynlere destek veriliyor.<\/p>\n<p>Belediye psikologlar\u0131, il\u00e7enin e\u011fitim kurumlar\u0131ndan Anafartalar \u0130lkokulu&#8217;nun anas\u0131n\u0131f\u0131 \u00f6\u011frencileriyle bir araya gelerek, Metropolitan Okul Olgunlu\u011fu Testi&#8217;ni uygulad\u0131.<\/p>\n<p>Testin sonucunda \u00e7ocuklar\u0131n okul i\u00e7in gereken olgunlu\u011fa ne \u00f6l\u00e7\u00fcde haz\u0131r oldu\u011fu tespit edilerek ailelere aktar\u0131ld\u0131.<\/p>\n<p>Ba\u015fkan Y\u0131lmaz; &#8220;E\u011fitim, Her Zaman \u00d6nceli\u011fimiz Oldu&#8221;<\/p>\n<p>Toroslar Belediye Ba\u015fkan\u0131 Ats\u0131z Af\u015f\u0131n Y\u0131lmaz, \u00e7ocuklar\u0131 gelece\u011fe haz\u0131rlayacak \u00e7al\u0131\u015fmalara \u00f6nem verdiklerini belirterek; &#8220;Gelece\u011fimizin umudu olan \u00e7ocuklar\u0131m\u0131z\u0131n mutlu, huzurlu ve ba\u015far\u0131l\u0131 bir hayata sahip olabilmelerini istiyoruz. Bu anlamda il\u00e7emizde sa\u011fl\u0131k, e\u011fitim ve sporla ilgili nerede bir ihtiya\u00e7 varsa biz orada olmaya devam edece\u011fiz \u00c7ocuklar\u0131n\u0131n okula haz\u0131r olup olmad\u0131\u011f\u0131n\u0131 merak eden ailelerimiz, belediyemizin Toroslar Kad\u0131n ve \u00c7ocuk Dan\u0131\u015fma Merkezi&#8217;ne ba\u015fvurabilirler&#8221; diye konu\u015ftu.<\/p>\n","protected":false},"excerpt":{"rendered":"<p>Toroslar Belediyesi, ilkokula ba\u015flayacak olan \u00e7ocuklara y\u00f6nelik ger\u00e7ekle\u015ftirdi\u011fi \u00fccretsiz &#8216;Metropolitan Okul Olgunlu\u011fu Testi&#8217; uygulamas\u0131na il\u00e7edeki anaokullar\u0131nda devam ediyor. Toroslar Belediye Ba\u015fkan\u0131 Ats\u0131z Af\u015f\u0131n Y\u0131lmaz; &#8220;\u00c7ocuklar\u0131m\u0131z bizim gelece\u011fimiz. Onlar\u0131n e\u011fitim hayatlar\u0131na &hellip; <a href=\"https:\/\/akdenizolaygazetesi.com\/?p=16847\" class=\"more-link\">Devam\u0131n\u0131 Oku&#8230;<\/a><\/p>\n","protected":false},"author":2,"featured_media":16848,"comment_status":"open","ping_status":"open","sticky":false,"template":"","format":"standard","meta":[],"categories":[2,3],"tags":[],"_links":{"self":[{"href":"https:\/\/akdenizolaygazetesi.com\/index.php?rest_route=\/wp\/v2\/posts\/16847"}],"collection":[{"href":"https:\/\/akdenizolaygazetesi.com\/index.php?rest_route=\/wp\/v2\/posts"}],"about":[{"href":"https:\/\/akdenizolaygazetesi.com\/index.php?rest_route=\/wp\/v2\/types\/post"}],"author":[{"embeddable":true,"href":"https:\/\/akdenizolaygazetesi.com\/index.php?rest_route=\/wp\/v2\/users\/2"}],"replies":[{"embeddable":true,"href":"https:\/\/akdenizolaygazetesi.com\/index.php?rest_route=%2Fwp%2Fv2%2Fcomments&post=16847"}],"version-history":[{"count":1,"href":"https:\/\/akdenizolaygazetesi.com\/index.php?rest_route=\/wp\/v2\/posts\/16847\/revisions"}],"predecessor-version":[{"id":16849,"href":"https:\/\/akdenizolaygazetesi.com\/index.php?rest_route=\/wp\/v2\/posts\/16847\/revisions\/16849"}],"wp:featuredmedia":[{"embeddable":true,"href":"https:\/\/akdenizolaygazetesi.com\/index.php?rest_route=\/wp\/v2\/media\/16848"}],"wp:attachment":[{"href":"https:\/\/akdenizolaygazetesi.com\/index.php?rest_route=%2Fwp%2Fv2%2Fmedia&parent=16847"}],"wp:term":[{"taxonomy":"category","embeddable":true,"href":"https:\/\/akdenizolaygazetesi.com\/index.php?rest_route=%2Fwp%2Fv2%2Fcategories&post=16847"},{"taxonomy":"post_tag","embeddable":true,"href":"https:\/\/akdenizolaygazetesi.com\/index.php?rest_route=%2Fwp%2Fv2%2Ftags&post=16847"}],"curies":[{"name":"wp","href":"https:\/\/api.w.org\/{rel}","templated":true}]}}