{"id":16855,"date":"2022-02-24T13:16:39","date_gmt":"2022-02-24T10:16:39","guid":{"rendered":"http:\/\/akdenizolaygazetesi.com\/?p=16855"},"modified":"2022-02-24T13:16:39","modified_gmt":"2022-02-24T10:16:39","slug":"mersinden-kadin-kooperatifinden-dolmabahce-sarayina-uzanan-camliyayla-igne-oyasi-hikayesi","status":"publish","type":"post","link":"https:\/\/akdenizolaygazetesi.com\/?p=16855","title":{"rendered":"MERS\u0130NDEN KADIN KOOPERAT\u0130F\u0130&#8217;NDEN DOLMABAH\u00c7E SARAYI&#8217;NA UZANAN \u00c7AMLIYAYLA \u0130\u011eNE OYASI H\u0130KAYES\u0130"},"content":{"rendered":"<p>Mersin B\u00fcy\u00fck\u015fehir Belediyesi&#8217;nin destekledi\u011fi Mersinden Kad\u0131n Kooperatifi&#8217;nde inovatif bir \u00e7al\u0131\u015fmaya imza at\u0131ld\u0131. Kooperatif&#8217;in giri\u015fimiyle \u0130talyan Ressam Fausto Zonaro&#8217;nun &#8216;Anne Sevgisi&#8217; tablosundaki papatya deseni, \u00c7aml\u0131yayla&#8217;da i\u011fne oyas\u0131yla ilgilenen kad\u0131nlar taraf\u0131ndan k\u00fcpe, kolye ve bileklik gibi \u00fcr\u00fcnlere i\u015flendi. Ortaya \u00e7\u0131kan \u00fcr\u00fcnler Milli Saraylar&#8217;da sat\u0131\u015fa sunuldu.<br \/>\n&#8220;Anne Sevgisi&#8221; tablosu Anadolu&#8217;nun gelenekleriyle harmanland\u0131<br \/>\n20&#8217;nci y\u00fczy\u0131l ba\u015flar\u0131nda bir resim yar\u0131\u015fmas\u0131na kat\u0131lmak \u00fczere \u0130talyan Ressam Fausto Zonaro taraf\u0131ndan ya\u011fl\u0131boya kullan\u0131larak tuvale \u00e7izilen &#8216;Anne Sevgisi&#8217; tablosu, Mersin&#8217;de i\u011fne oyas\u0131 i\u015fleyen kad\u0131nlara ilham kayna\u011f\u0131 oldu. \u015eefkat, birlik ve sevgi temalar\u0131n\u0131n \u00f6n plana \u00e7\u0131kt\u0131\u011f\u0131 ve \u0130talyan Ressam Zonaro&#8217;nun k\u0131z karde\u015fi Leonia ile k\u00fc\u00e7\u00fck o\u011flu Faustino&#8217;yu model olarak kulland\u0131\u011f\u0131 tablonun kol detay\u0131ndaki papatyalar, Anadolu&#8217;nun zengin k\u00fclt\u00fcr\u00fcyle harmanlan\u0131p yeniden v\u00fccut buldu. Floransa&#8217;da birincilik kazanan ve d\u00f6nemin padi\u015fah\u0131 II. Abd\u00fclhamid&#8217;in koleksiyonuna dahil edilmek \u00fczere Zonaro taraf\u0131ndan ayn\u0131s\u0131 yap\u0131lan resim Dolmabah\u00e7e Saray\u0131&#8217;nda sergilenirken, \u00c7aml\u0131yaylal\u0131 kad\u0131nlar\u0131n ortaya \u00e7\u0131kartt\u0131\u011f\u0131 \u00fcr\u00fcnler ise Milli Saraylar&#8217;da sat\u0131\u015fa sunuluyor.<br \/>\nTablodaki papatya nak\u0131\u015f\u0131 i\u011fne oyas\u0131 i\u015fleyen kad\u0131nlara umut oldu<br \/>\nAnadolu&#8217;nun geleneksel i\u011fne oyas\u0131 k\u00fclt\u00fcr\u00fcn\u00fc ya\u015fatan kad\u0131nlar, &#8216;Anne Sevgisi&#8217; tablosundaki nak\u0131\u015flar\u0131 i\u015flerken mutlu olduklar\u0131n\u0131 ifade etti. Anneannelerinden \u00f6\u011frendikleri i\u011fne oyas\u0131na \u00e7ocuk ya\u015flarda ba\u015flayan kad\u0131nlar, duvar diplerinde her daim yard\u0131mla\u015farak yapt\u0131klar\u0131 i\u011fne oyalar\u0131n\u0131 kimi zaman da birbirleriyle yar\u0131\u015fa d\u00f6n\u00fc\u015ft\u00fcrd\u00fcklerini anlatt\u0131. 90&#8217;l\u0131 y\u0131llarda g\u00fcnlerce kesilen elektrik nedeniyle i\u015flemeleri gaz lambas\u0131n\u0131n alt\u0131nda yapt\u0131klar\u0131n\u0131 belirten kad\u0131nlar, her nak\u0131\u015f\u0131n kendilerine huzur verdi\u011fini vurgulad\u0131. Nesiller boyu aktar\u0131lan gelene\u011fin gelecek nesillere de aktar\u0131lmas\u0131n\u0131 isteyen kad\u0131nlar, Mersinden Kad\u0131n Kooperatifi&#8217;nin giri\u015fimiyle \u015fu g\u00fcnlerde umut buldu. Kooperatif&#8217;in \u00f6nc\u00fcl\u00fc\u011f\u00fcnde sat\u0131\u015f\u0131 yap\u0131lan &#8216;Anne Sevgisi&#8217;nden esinlenilen papatya temal\u0131 \u00fcr\u00fcnler bir gelene\u011fi ya\u015fat\u0131rken, kad\u0131nlara da ekonomik kazan\u00e7 sa\u011fl\u0131yor.<br \/>\nMersin&#8217;in tan\u0131t\u0131m\u0131na katk\u0131, kad\u0131nlara ekonomik kazan\u00e7<br \/>\nMersinden Kad\u0131n Kooperatifi Ba\u015fkan\u0131 Meral Se\u00e7er, geleneksel el i\u015fi i\u011fne oyalar\u0131ndan inovatif bir \u00fcr\u00fcn elde ettiklerini belirterek, \u015funlar\u0131 s\u00f6yledi:<br \/>\n&#8220;Mersin&#8217;in \u00c7aml\u0131yayla il\u00e7esinde kad\u0131nlar\u0131m\u0131z geleneksel el i\u015fi i\u011fne oyas\u0131n\u0131 hem kendi ihtiya\u00e7lar\u0131n\u0131 kar\u015f\u0131lamak hem de aile b\u00fct\u00e7esine katk\u0131 sunmak maksad\u0131yla yapmaktad\u0131rlar. Mersinden Kad\u0131n Kooperatifi olarak, i\u011fne oyas\u0131n\u0131n tan\u0131t\u0131lmas\u0131, gelecek nesillere aktar\u0131lmas\u0131 ve kad\u0131nlar\u0131n istihdam\u0131na katk\u0131 sunmas\u0131 maksad\u0131yla bir proje geli\u015ftirdik. Dolmabah\u00e7e Saray\u0131&#8217;nda tarihi bir tablo \u00fczerinde bulunan deseni \u00c7aml\u0131yaylal\u0131 kad\u0131nlar\u0131m\u0131za i\u015flettik ve inovatif bir \u00fcr\u00fcn elde ettik. \u015eu anda bu \u00fcr\u00fcnler Milli Saraylar&#8217;da sat\u0131\u015fa sunuldu. D\u00fcnyan\u0131n d\u00f6rt bir taraf\u0131ndan gelen ziyaret\u00e7iler, bu \u00fcr\u00fcnleri g\u00f6rerek hem Mersin&#8217;i tan\u0131yacaklar hem de geleneksel el i\u015fimiz i\u011fne oyas\u0131n\u0131 tan\u0131yacaklar. Kooperatif olarak bu \u00e7al\u0131\u015fmalar\u0131m\u0131z\u0131 art\u0131rarak hem kentimizin tan\u0131t\u0131m\u0131na hem kad\u0131n istihdam\u0131na hem de geleneksel el i\u015fimizin tan\u0131t\u0131m\u0131na katk\u0131 sunmay\u0131 planl\u0131yoruz.&#8221;<br \/>\nMersinden Kad\u0131n Kooperatifi&#8217;nin Kurucu Ortaklar\u0131ndan Beyhan G\u00fcrb\u00fcz ise i\u011fne oyas\u0131yla ilgili \u00e7al\u0131\u015fmalar\u0131 koordine etti\u011fini belirterek, &#8220;Milli Saraylar&#8217;la &#8216;ne yapar\u0131z&#8217; diye d\u00fc\u015f\u00fcn\u00fcrken, tablodaki papatyay\u0131 \u00e7ok be\u011fendik ve &#8216;bunu i\u011fne oyas\u0131yla yapabilir miyiz&#8217; diye d\u00fc\u015f\u00fcnd\u00fck. Arkada\u015flarla &#8216;bunu i\u011fne oyas\u0131na bire bir nas\u0131l yapabiliriz&#8217; diye g\u00f6r\u00fc\u015ft\u00fcm. Daha sonra ortaya \u00e7ok g\u00fczel \u00fcr\u00fcnler \u00e7\u0131kt\u0131 ve Milli Saraylar&#8217;la \u00e7al\u0131\u015fmaya ba\u015flad\u0131k. Kad\u0131nlar sevgilerini de katarak bu \u00fcr\u00fcnleri \u00fcrettiler. Mersinden Kad\u0131n Kooperatifi b\u00fcnyesinde \u00e7al\u0131\u015farak da kendilerine ekonomik katk\u0131 sa\u011flad\u0131lar&#8221; dedi.<br \/>\n&#8220;\u00c7ocukluktan bu yana yapt\u0131\u011f\u0131m\u0131z, annemizden bize gelen bir i\u015f&#8221;<br \/>\n\u00dcretici kad\u0131nlardan Dilek I\u015f\u0131k, k\u00fc\u00e7\u00fckl\u00fckten bu yana i\u011fne oyas\u0131yla ilgilendi\u011fini belirterek, &#8220;\u00c7ocukluktan bu yana yapt\u0131\u011f\u0131m\u0131z, annemizden bize gelen bir i\u015f. Ben \u00c7aml\u0131yayla&#8217;da do\u011fdum b\u00fcy\u00fcd\u00fcm. K\u00fc\u00e7\u00fckl\u00fc\u011f\u00fcm orada ge\u00e7ti. Hep birlikte evlerde toplan\u0131p yapmaya ba\u015flard\u0131k. Daha sonras\u0131nda da ekonomiye katk\u0131s\u0131 olsun diye devam ettirdik. Hala da i\u015fliyoruz, arkada\u015flarla bir arada toplan\u0131yoruz. Hem sosyalle\u015fmi\u015f oluyoruz hem de sohbetler ediyoruz. Aile b\u00fct\u00e7emize de katk\u0131da bulunuyoruz&#8221; diye konu\u015ftu.<br \/>\n&#8220;\u00c7ocuklu\u011fumda etraf\u0131n\u0131 \u00e7evirmek i\u00e7in beyaz atlar\u0131n kuyru\u011funu kullan\u0131rlard\u0131&#8221;<br \/>\nKad\u0131nlardan Emine \u00c7opur, k\u00fc\u00e7\u00fckken i\u011fne oyas\u0131 i\u015flediklerinde \u00e7ok fazla imkana sahip olmad\u0131klar\u0131na dikkat \u00e7ekerek, &#8220;\u0130\u011fne oyas\u0131n\u0131 ben de \u00e7ocuklu\u011fumdan bu yana yap\u0131yorum. Benim \u00e7ocuklu\u011fumda i\u011fne oyas\u0131n\u0131 yapt\u0131\u011f\u0131m\u0131z zaman etraf\u0131n\u0131 \u00e7evirmek i\u00e7in beyaz atlar\u0131n kuyru\u011funu kullan\u0131rlard\u0131. \u00c7ocukken bizi de o atlar\u0131n kuyruklar\u0131n\u0131 \u00e7ekmeye g\u00f6nderirlerdi ve toparlay\u0131p onunla \u00e7evirirdik. \u015eimdi de misinalarla, tellerle yap\u0131yoruz. Bu i\u015fi de yapt\u0131\u011f\u0131m i\u00e7in \u00e7ok memnunum&#8221; ifadelerine yer verdi.<br \/>\n&#8220;&#8216;Yapabilir miyim acaba&#8217; derken art\u0131k ben de ba\u015flad\u0131m&#8221;<br \/>\n\u00dcretici kad\u0131nlardan Funda Kar, Mersinden Kad\u0131n Kooperatifi taraf\u0131ndan gelen teklif \u00fczerine \u00fcretime ba\u015flad\u0131klar\u0131n\u0131 anlatarak, &#8220;&#8216;Yapabilir miyim acaba&#8217; derken art\u0131k ben de ba\u015flad\u0131m. 1-2 derken bakt\u0131m ki oluyor, Beyhan Han\u0131m&#8217;a g\u00f6t\u00fcrd\u00fcm, &#8216;nas\u0131l olmu\u015f&#8217; deyince o da \u00e7ok be\u011fendi, ho\u015funa gitti. \u00d6ylece ba\u015flad\u0131k. K\u00fcpeden kendime de yapt\u0131m, ben de tak\u0131yorum&#8221; dedi.<br \/>\n&#8220;Yapt\u0131\u011f\u0131m\u0131z i\u015f Dolmabah\u00e7e&#8217;de sergilendi\u011fi i\u00e7in \u00e7ok mutlu, gururluyuz&#8221;<br \/>\nKad\u0131nlardan G\u00fcl\u015fen Tepeba\u011fl\u0131 ise \u015fu an olduk\u00e7a mutlu olduklar\u0131n\u0131 vurgulayarak, &#8220;Do\u011fma b\u00fcy\u00fcme \u00c7aml\u0131yaylal\u0131y\u0131m. 2&#8217;nci s\u0131n\u0131ftan bu yana i\u011fne oyas\u0131 yap\u0131yorum. \u0130\u015flerimiz de Dolmabah\u00e7e Saray\u0131&#8217;nda de\u011ferlendi\u011fi i\u00e7in \u00e7ok memnunuz. \u0130lk s\u00f6ylediklerinde bir araya gelip modeli \u00e7\u0131kartt\u0131k. \u00d6n\u00fcm\u00fcze \u00e7ok g\u00fczel bir \u00f6rnek \u00e7\u0131kt\u0131. Biz de bunu \u00e7ok be\u011fendik ve yapmaya koyulduk. Yapt\u0131\u011f\u0131m\u0131z i\u015f be\u011fenilince daha \u00e7ok gurur duyduk ve \u015fu an Dolmabah\u00e7e&#8217;de sergilendi\u011fi i\u00e7in de \u00e7ok mutlu, gururluyuz&#8221; diye konu\u015ftu.<\/p>\n","protected":false},"excerpt":{"rendered":"<p>Mersin B\u00fcy\u00fck\u015fehir Belediyesi&#8217;nin destekledi\u011fi Mersinden Kad\u0131n Kooperatifi&#8217;nde inovatif bir \u00e7al\u0131\u015fmaya imza at\u0131ld\u0131. Kooperatif&#8217;in giri\u015fimiyle \u0130talyan Ressam Fausto Zonaro&#8217;nun &#8216;Anne Sevgisi&#8217; tablosundaki papatya deseni, \u00c7aml\u0131yayla&#8217;da i\u011fne oyas\u0131yla ilgilenen kad\u0131nlar taraf\u0131ndan k\u00fcpe, &hellip; <a href=\"https:\/\/akdenizolaygazetesi.com\/?p=16855\" class=\"more-link\">Devam\u0131n\u0131 Oku&#8230;<\/a><\/p>\n","protected":false},"author":2,"featured_media":16856,"comment_status":"open","ping_status":"open","sticky":false,"template":"","format":"standard","meta":[],"categories":[2,3],"tags":[],"_links":{"self":[{"href":"https:\/\/akdenizolaygazetesi.com\/index.php?rest_route=\/wp\/v2\/posts\/16855"}],"collection":[{"href":"https:\/\/akdenizolaygazetesi.com\/index.php?rest_route=\/wp\/v2\/posts"}],"about":[{"href":"https:\/\/akdenizolaygazetesi.com\/index.php?rest_route=\/wp\/v2\/types\/post"}],"author":[{"embeddable":true,"href":"https:\/\/akdenizolaygazetesi.com\/index.php?rest_route=\/wp\/v2\/users\/2"}],"replies":[{"embeddable":true,"href":"https:\/\/akdenizolaygazetesi.com\/index.php?rest_route=%2Fwp%2Fv2%2Fcomments&post=16855"}],"version-history":[{"count":1,"href":"https:\/\/akdenizolaygazetesi.com\/index.php?rest_route=\/wp\/v2\/posts\/16855\/revisions"}],"predecessor-version":[{"id":16857,"href":"https:\/\/akdenizolaygazetesi.com\/index.php?rest_route=\/wp\/v2\/posts\/16855\/revisions\/16857"}],"wp:featuredmedia":[{"embeddable":true,"href":"https:\/\/akdenizolaygazetesi.com\/index.php?rest_route=\/wp\/v2\/media\/16856"}],"wp:attachment":[{"href":"https:\/\/akdenizolaygazetesi.com\/index.php?rest_route=%2Fwp%2Fv2%2Fmedia&parent=16855"}],"wp:term":[{"taxonomy":"category","embeddable":true,"href":"https:\/\/akdenizolaygazetesi.com\/index.php?rest_route=%2Fwp%2Fv2%2Fcategories&post=16855"},{"taxonomy":"post_tag","embeddable":true,"href":"https:\/\/akdenizolaygazetesi.com\/index.php?rest_route=%2Fwp%2Fv2%2Ftags&post=16855"}],"curies":[{"name":"wp","href":"https:\/\/api.w.org\/{rel}","templated":true}]}}