{"id":1686,"date":"2020-11-04T18:22:13","date_gmt":"2020-11-04T15:22:13","guid":{"rendered":"http:\/\/mersinekonomipolitikagazetesi.com\/?p=1686"},"modified":"2020-11-04T18:22:13","modified_gmt":"2020-11-04T15:22:13","slug":"dar-ideolojik-anlayisla-odamizi-politize-etmistir","status":"publish","type":"post","link":"https:\/\/akdenizolaygazetesi.com\/?p=1686","title":{"rendered":"\u201cDAR \u0130DEOLOJ\u0130K ANLAYI\u015eLA ODAMIZI POL\u0130T\u0130ZE ETM\u0130\u015eT\u0130R\u201d"},"content":{"rendered":"<p>15 Nisan Pazar g\u00fcn\u00fc yap\u0131lacak olan Mersin Tabip Odas\u0131 Se\u00e7imleri i\u00e7in Mersin Cumhuriyet Hekimleri Birli\u011fi adayl\u0131klar\u0131n\u0131 koyduklar\u0131n\u0131 a\u00e7\u0131klad\u0131.<\/p>\n<div id=\":4\">\n<div id=\":2\">\n<div role=\"main\">\n<table cellpadding=\"0\" role=\"presentation\" style=\"width:1675px;\">\n<tbody>\n<tr>\n<td>\n<div role=\"list\">\n<div role=\"listitem\" style=\"clear:both;\" tabindex=\"-1\">\n<div id=\":1bo\">\n<div data-legacy-message-id=\"16290e88542532f0\" data-message-id=\"16290e88542532f0\">\n<div style=\"margin-left:44px;\">\n<div id=\":1m9\">\n<div id=\":1ma\">\n<div dir=\"auto\">\n<blockquote type=\"cite\">\n<div dir=\"ltr\">\n<p><span style=\"font-size:16px;\">Mersin Cumhuriyet Hekimleri Birli\u011fi yap\u0131lacak olan Mersin Tabip Odas\u0131 Se\u00e7im adayl\u0131\u011f\u0131 i\u00e7in Dr. Ruhsar U\u00e7ar a\u00e7\u0131klama yapt\u0131.\u00a0<\/span><\/p>\n<p>\u00a0<\/p>\n<p><span style=\"font-size:16px;\">Tabip Odas\u0131nda ger\u00e7ekle\u015fen a\u00e7\u0131klamada U\u00e7ar, bug\u00fcnk\u00fc Tabip odas\u0131 zihniyetinin d\u00fc\u015f\u00fcncesinin ve tavr\u0131n\u0131n hekimleri temsil etmedi\u011finin alt\u0131n\u0131 \u00e7izdi.<\/span><\/p>\n<p><span style=\"font-size:16px;\">U\u00e7ar, T\u00fcrk Tabipleri Birli\u011fi\u2019nin Emperyalizmin oyunlar\u0131 ve nihai hedefi konusunda kafa kar\u0131\u015f\u0131kl\u0131\u011f\u0131na son vermek ve milli bir duru\u015f sergilemek i\u00e7in geldiklerine dikkat \u00e7ekti.<\/span><\/p>\n<p>\u00a0<\/p>\n<p><span style=\"font-size:16px;\">\u201cTEHD\u0130T EDEN KO\u015eULLARDA \u0130Y\u0130 HEK\u0130ML\u0130K YAPMANIN M\u00dcMK\u00dcN OLMADI\u011eINI B\u0130L\u0130YORUZ\u201d<\/span><\/p>\n<p>\u00a0<\/p>\n<p><span style=\"font-size:16px;\">U\u00e7ar, hekim mesle\u011finin g\u00fcndem ve sorunlar\u0131ndan uzakla\u015fm\u0131\u015f oldu\u011funu birlik ve dayan\u0131\u015fma kavram\u0131n\u0131 meslekta\u015flar\u0131 d\u0131\u015f\u0131nda s\u0131n\u0131f, \u00f6rg\u00fct veya etnik yap\u0131larda arayan ve ya\u015fayan; \u00fcstelik kendisini \u00e7a\u011fda\u015f, demokrat, iyi hekim diye niteleyenler ile bu \u00fclkenin ger\u00e7ek g\u00fcndemini ve hekimlerin ger\u00e7ek kayg\u0131lar\u0131n\u0131 olu\u015fturan sorunlara kar\u015f\u0131 bir birliktelik i\u00e7inde m\u00fccadele etmek isteyenlerin yar\u0131\u015f\u0131 olan bir se\u00e7imin arifesinde olduklar\u0131n\u0131 kaydetti. Cumhuriyetin birli\u011fini, \u00fclkenin ba\u011f\u0131ms\u0131zl\u0131\u011f\u0131n\u0131, s\u0131n\u0131rlar\u0131n g\u00fcvenli\u011fini, vatan\u0131n b\u00fct\u00fcnl\u00fc\u011f\u00fc durumunda \u2018iyi hekimlik\u2019 yap\u0131labilece\u011fine inand\u0131\u011f\u0131n\u0131 belirten U\u00e7ar: \u201c\u00dclkemizin b\u00fct\u00fcnl\u00fc\u011f\u00fcn\u00fc tehdit eden ko\u015fullarda iyi hekimlik yapman\u0131n m\u00fcmk\u00fcn olmad\u0131\u011f\u0131n\u0131 biliyoruz. Ne yaz\u0131k ki mevcut TTB y\u00f6netimi \u00fclkemizin i\u00e7inde bulundu\u011fu durumu, D\u00fcnya ve T\u00fcrkiye konjonkt\u00fcr\u00fcnde iyi de\u011ferlendirememektedir, dar ideolojik anlay\u0131\u015fla odam\u0131z\u0131 politize etmi\u015ftir.\u201d \u015feklinde konu\u015ftu.<\/span><\/p>\n<p>\u00a0<\/p>\n<p><span style=\"font-size:16px;\">\u201cTIBB\u0130YEN\u0130N \u0130\u015eGALE VE ZULME KAR\u015eI D\u0130REN\u0130\u015e G\u00dcN\u00dcD\u00dcR\u201d<\/span><\/p>\n<p>\u00a0<\/p>\n<p><span style=\"font-size:16px;\">U\u00e7ar: \u201cBiz Cumhuriyet Hekimleri i\u00e7in 14 Mart sadece kurum bir kurulu\u015f y\u0131ld\u00f6n\u00fcm\u00fc de\u011fil, T\u0131bbiyenin i\u015fgale ve zulme kar\u015f\u0131 direni\u015f g\u00fcn\u00fcd\u00fcr. 14 Mart 1919 \u0130stanbul i\u015fgal alt\u0131nda iken T\u0131bbiyelilerin d\u00fc\u015fmana kar\u015f\u0131 direndi\u011fi kutlu g\u00fcn\u00fc, gurur g\u00fcn\u00fcd\u00fcr. 14 Mart; \u00dclken, ba\u015fkentin, t\u0131bbiyen i\u015fgal edilmi\u015fken \u015fanl\u0131 bayra\u011f\u0131n\u0131 g\u00f6klere y\u00fckseltti\u011fin g\u00fcnd\u00fcr. Herkes susarken, haks\u0131zl\u0131klara kar\u015f\u0131 t\u00fcm g\u00fcc\u00fcnle hayk\u0131rd\u0131\u011f\u0131n ve herkes derin uykulara dalm\u0131\u015fken senin bir \u015fehrin uyan\u0131\u015f\u0131n\u0131 ba\u015flatt\u0131\u011f\u0131n g\u00fcnd\u00fcr.\u201d \u015feklinde belirtti.<\/span><\/p>\n<\/p><\/div>\n<\/blockquote>\n<blockquote type=\"cite\">\n<div dir=\"ltr\">\n<p><span style=\"font-size:16px;\">U\u00e7ar, 14 Mart\u2019\u0131n sadece 3. s\u0131n\u0131f talebesi iken \u00fclkesini, \u015fehrini ve t\u0131bbiyesini i\u015fgal eden \u0130ngilizlere kar\u015f\u0131 susmayan T\u0131bbiyeli Hikmet\u2019in ve cesur t\u0131bbiyelilerin, ikiden fazla \u00f6\u011frencinin bir arada y\u00fcr\u00fcmesi bile yasakken, T\u0131bbiyenin iki kulesi aras\u0131na \u015fanl\u0131 T\u00fcrk bayra\u011f\u0131n\u0131 t\u00fcm ihti\u015fam\u0131 ile ast\u0131klar\u0131 g\u00fcn oldu\u011funu kaydetti.<\/span><\/p>\n<p>\u00a0<\/p>\n<p><span style=\"font-size:16px;\">\u201cT\u00dcRK \u0130SM\u0130N\u0130N H\u0130\u00c7B\u0130R \u015eART ALTINDA KALDIRILMASINI DO\u011eRU BULMUYORUZ\u201d<\/span><\/p>\n<p>\u00a0<\/p>\n<p><span style=\"font-size:16px;\">Geldikleri noktada \u00fclke ve hekimlik yeniden bir darbo\u011faza girdi\u011fini dile getiren U\u00e7ar: \u201cMilli bekam\u0131z i\u00e7in zorunlu olan Afrin harek\u00e2t\u0131, me\u015fru bir m\u00fcdafaad\u0131r. T\u00fcrk Tabipler Birli\u011fi\u2019nin b\u00f6ylesi \u00f6nemli bir s\u00fcre\u00e7te Antiemperyalist bir tutum g\u00f6stererek ve milli bir duru\u015f sergileyerek Devletinin yan\u0131nda olmas\u0131 gerekirken \u2018Sava\u015f bir Halk Sa\u011fl\u0131\u011f\u0131 sorunudur\u2019 diyerek a\u00e7\u0131klama yapmas\u0131n\u0131 kafa kar\u0131\u015f\u0131kl\u0131\u011f\u0131 olarak g\u00f6rmemizin d\u0131\u015f\u0131nda \u00e7ok iyi niyetli de bulmuyoruz.\u201d dedi. U\u00e7ar s\u00f6zlerine devam ederek \u201cSiyasi iktidar bu a\u00e7\u0131klamalar\u0131ndan sonra T\u00fcrk Tabipleri Birli\u011fi\u2019nin ba\u015f\u0131ndaki \u2018\u2019T\u00fcrk\u2019\u2019 ismini kald\u0131rmay\u0131 g\u00fcndeme getirmi\u015ftir. T\u00fcrk Tabipleri Birli\u011fi de bu durumdan rahats\u0131z olmam\u0131\u015f olacak ki kendilerinden hi\u00e7bir tepki gelmemi\u015ftir. Atat\u00fcrk\u2019\u00fcn Antiemperyalist hekimlerinden bug\u00fcn emperyalist g\u00fc\u00e7lerin ayr\u0131\u015ft\u0131rma politikas\u0131n\u0131n bilerek veya bilmeyerek akt\u00f6r\u00fc gibi davranan, mikro milliyet\u00e7i tutum ve s\u00f6ylemlerde bulunan bir hekim \u00f6rg\u00fct\u00fcne d\u00f6n\u00fc\u015fm\u00fc\u015f olmas\u0131n\u0131 kayg\u0131yla izliyoruz. Bizler T\u00fcrk Tabipleri Birli\u011fin de yer alan T\u00fcrk isminin hi\u00e7bir \u015fart alt\u0131nda kald\u0131r\u0131lmas\u0131n\u0131 do\u011fru bulmuyoruz. Meslek odam\u0131z T\u00fcrk hekimlerine aittir ve \u015ferefle T\u00fcrk ismini ta\u015f\u0131maya devam edece\u011fiz.\u201d diye belirtti.<\/span><\/p>\n<p>\u00a0<\/p>\n<p><span style=\"font-size:16px;\">\u201cPKK,YPG,PYD\u2019 \u0130N EKME\u011e\u0130NE YA\u011e S\u00dcRMEK, ELLER\u0130N\u0130 G\u00dc\u00c7LEND\u0130RMEK DEMEKT\u0130R\u201d<\/span><\/p>\n<p>\u00a0<\/p>\n<p><span style=\"font-size:16px;\">A\u00e7\u0131klama konu\u015fmas\u0131na devam eden U\u00e7ar: \u201c Biz isterdik ki en son TSK\u2019n\u0131n Afrin operasyonu s\u0131ras\u0131nda \u2018Sava\u015f bir halk sa\u011fl\u0131\u011f\u0131 sorunudur\u2019 diye a\u00e7\u0131klama yapan TTB \u00f6nce PYD \u2018e seslenseydi ve T\u00fcrkiye s\u0131n\u0131r\u0131na ger\u00e7ekle\u015ftirilen 700\u2019den fazla sald\u0131r\u0131<\/span><\/p>\n<p><span style=\"font-size:16px;\">sonucunda 24 sivil, masum vatanda\u015f\u0131m\u0131z\u0131 kaybetmemize neden olan ter\u00f6ristlere durun deseydi. T\u00fcrkiye\u2019ye s\u00fcrekli ter\u00f6rist ihra\u00e7 eden, \u015fehirlerimizde f\u00fcze sald\u0131r\u0131lar\u0131 ile y\u0131k\u0131mlara neden olan PYD ter\u00f6r \u00f6rg\u00fct\u00fcne evinde oturdu\u011fu yerde ya da camide ibadet s\u0131ras\u0131nda \u00f6len masum insanlar\u0131n hesab\u0131n\u0131 sorsayd\u0131. Hi\u00e7bir \u00fclke s\u0131n\u0131rlar\u0131ndan i\u00e7eri ter\u00f6ristler sokup askerine, polisine ve halk\u0131na sald\u0131rmas\u0131na izin vermez. T\u00fcrkiye Cumhuriyeti Devletinin milli birlik i\u00e7inde ger\u00e7ekle\u015ftirdi\u011fi me\u015fru operasyonlar\u0131n\u0131 sald\u0131r\u0131 olarak yorumlamak, Amerikan emperyalizminin b\u00f6lgedeki nihai hedeflerinin oyunca\u011f\u0131 olan ter\u00f6r \u00f6rg\u00fctleri PKK,YPG,PYD\u2019 in ekme\u011fine ya\u011f s\u00fcrmek, ellerini g\u00fc\u00e7lendirmek demektir.\u201d \u015feklinde konu\u015ftu.<\/span><\/p>\n<p>\u00a0<\/p>\n<p><span style=\"font-size:16px;\">\u201cHEK\u0130M\u0130N\u0130 KORUYAMAYAN B\u0130R SA\u011eLIK S\u0130STEM\u0130 \u00c7\u00d6KMEYE MAHKUMDUR\u201d<\/span><\/p>\n<p>\u00a0<\/p>\n<p><span style=\"font-size:16px;\">T\u00fcrk Tabipleri Birli\u011finin Emperyalizmin oyunlar\u0131 ve nihai hedefi konusunda kafa kar\u0131\u015f\u0131kl\u0131\u011f\u0131na son vermek ve Milli bir duru\u015f sergilemek i\u00e7in geldiklerini belirten U\u00e7ar, TTB\u2019nin odaklanmas\u0131 gereken \u00e7ok \u00f6nemli mesleki sorunlar\u0131n\u0131n oldu\u011funu ifade etti. Hekime ve sa\u011fl\u0131k \u00e7al\u0131\u015fanlar\u0131na uygulanan \u015fiddet ve can\u0131m\u0131z\u0131 yakan \u00f6l\u00fcm ve intihar vakalar\u0131n\u0131 daha \u00e7ok g\u00fcndeme getirmeli ve \u015fiddet yasas\u0131n\u0131n gecikmeden bir an \u00f6nce meclisten ge\u00e7mesi i\u00e7in bask\u0131 g\u00fcc\u00fc olmal\u0131y\u0131z. 2015\u2019te 10\u2019u hekim 180 sa\u011fl\u0131k \u00e7al\u0131\u015fan\u0131; 2016\u2019da 11\u2019i hekim, 56\u2019\u0131 hem\u015fire, 62\u2019i di\u011fer personel 129 sa\u011fl\u0131k \u00e7al\u0131\u015fan\u0131, 2017\u2019de 3\u2019\u00fc hekim, 53\u2019\u00fc hem\u015fire, 66\u2019\u0131 di\u011fer personelden 122 sa\u011fl\u0131k \u00e7al\u0131\u015fan\u0131 intihar etti. Son 3 y\u0131lda 431 sa\u011fl\u0131k \u00e7al\u0131\u015fan\u0131 intihar etti. \u2018Hasta memnuniyeti istiyorsan\u0131z hekim memnuniyeti sa\u011flay\u0131n\u2019 diyoruz yetkililere. Son y\u0131llarda hekimler h\u0131zl\u0131 bir \u015fekilde y\u0131pran\u0131yor, t\u00fckeniyor. Hekimini koruyamayan bir sa\u011fl\u0131k sistemi \u00e7\u00f6kmeye mahkumdur.\u201d ifadelerini kulland\u0131.<\/span><\/p>\n<p>\u00a0<\/p>\n<p><span style=\"font-size:16px;\">\u201cTIP ADI ALTINDA GET\u0130R\u0130LMEK \u0130STENEN YEN\u0130 YASA SON DERECE RAHATSIZ ETMEKTED\u0130R\u201d<\/span><\/p>\n<p>\u00a0<\/p>\n<p><span style=\"font-size:16px;\">Sa\u011fl\u0131k \u00e7al\u0131\u015fan\u0131n\u0131n ta\u015feronla\u015ft\u0131ran uygulamalar durdurulmal\u0131 y\u00f6n\u00fcnde konu\u015fmas\u0131na devam eden U\u00e7ar: \u201cSa\u011fl\u0131k \u00e7al\u0131\u015fan\u0131n\u0131n mesleki, ki\u015fisel ve aile ya\u015fam\u0131n\u0131 olumsuz etkileyen, ba\u015fta ve \u00f6ncelikle mecburi hizmet ve ge\u00e7ici g\u00f6revlendirmeler olmak \u00fczere \u00e7al\u0131\u015fma ya\u015fam\u0131nda olumsuzluklara neden<\/span><\/p>\n<p><span style=\"font-size:16px;\">olan uygulamalar kald\u0131r\u0131lmal\u0131; n\u00f6betli \u00e7al\u0131\u015fan t\u00fcm sa\u011fl\u0131k personelinin n\u00f6bet ertesi izin hakk\u0131 istisnas\u0131z uygulanmal\u0131, izin biriktirmeye veya durumu \u00fccretle telafi etme yakla\u015f\u0131mlar\u0131na izin verilmeden bir d\u00fczenleme yap\u0131lmal\u0131d\u0131r. 40 saatlik \u00e7al\u0131\u015fma s\u00fcresi, n\u00f6betlerde dahil olmak \u00fczere 56 saati ge\u00e7memelidir.<\/span><\/p>\n<p><span style=\"font-size:16px;\">\u00c7al\u0131\u015f\u0131lan yerin, yo\u011fun bak\u0131m, radyoloji, ameliyathane vb. \u00f6zelliklerine g\u00f6re \u00e7al\u0131\u015fma saati s\u0131n\u0131rlamas\u0131, \u00e7al\u0131\u015fan sa\u011fl\u0131\u011f\u0131 ve uluslararas\u0131 standartlar g\u00f6zetilerek bir an \u00f6nce yeniden d\u00fczenlenmelidir. Alternatif t\u0131p ad\u0131 alt\u0131nda getirilmek istenen yeni yasa ve uygulamalar biz hekimleri son derece rahats\u0131z etmektedir. T\u0131p bir bilimdir. Bilimin alternatifi olmaz.\u201d diye kaydetti.<\/span><\/p>\n<p>\u00a0<\/p>\n<p><span style=\"font-size:16px;\">\u201cPART\u0130C\u0130L\u0130K TUZAKLARINA D\u00dc\u015eMEYECE\u011e\u0130Z\u201d<\/span><\/p>\n<p>\u00a0<\/p>\n<p><span style=\"font-size:16px;\">\u00dclke meselelerine de duyarl\u0131 olaca\u011f\u0131n\u0131 dile getiren U\u00e7ar, Cumhuriyetinin ba\u011f\u0131ms\u0131zl\u0131\u011f\u0131n\u0131, milletinin birli\u011fini, vatan\u0131n b\u00fct\u00fcnl\u00fc\u011f\u00fcn\u00fc, demokrasinin geli\u015ftirilmesi, laik devlet yap\u0131n\u0131n korunmas\u0131, hukuk devleti ve adalet ilkelerinden sap\u0131lmamas\u0131, temel insan hak ve \u00f6zg\u00fcrl\u00fcklerinin yerle\u015ftirilmesi do\u011frultusunda m\u00fccadeleyi s\u00fcrd\u00fcreceklerine dikkat \u00e7ekerek particilik tuzaklara d\u00fc\u015fmeden yapacaklar\u0131n\u0131 kaydetti. U\u00e7ar: \u201c\u0130nsanlar\u0131m\u0131z\u0131 ayr\u0131\u015ft\u0131rmadan, kimseyi \u00f6tekile\u015ftirmeden, birbirimizi severek, sayarak yapaca\u011f\u0131z.\u201d dedi<\/span><\/p>\n<p>\u00a0<\/p>\n<p><span style=\"font-size:16px;\"><span style=\"font-family: sans-serif, Arial, Verdana, 'Trebuchet MS'; line-height: 1.6em;\">\u201cB\u0130R AN \u00d6NCE YAPILMASI GEREKEN AC\u0130L TALEPLER\u0130M\u0130Z\u201d<\/span><\/span><\/p>\n<p>\u00a0<\/p>\n<p><span style=\"font-size:16px;\">U\u00e7ar, \u00f6ncelik olarak konu ba\u015fl\u0131klar\u0131 \u015feklinde sorunlar\u0131 ve e\u011filecek konular\u0131n\u0131 \u015f\u00f6yle a\u00e7\u0131klad\u0131: \u201cSa\u011fl\u0131kl\u0131, verimli \u00e7al\u0131\u015fma ko\u015fullar\u0131n\u0131 yitirmi\u015f olmam\u0131z, can g\u00fcvenli\u011finden yoksun, a\u015f\u0131r\u0131 y\u00fck alt\u0131nda, t\u00fckenmi\u015flik sendromunu \u00e7ok<\/span><\/p>\n<p><span style=\"font-size:16px;\">yo\u011fun ya\u015fayan, performans kayg\u0131s\u0131 y\u00fcz\u00fcnden \u00f6zl\u00fck haklar\u0131m\u0131zdan yeterince yararlanamayan yanl\u0131\u015f sa\u011fl\u0131k politikalar\u0131 alt\u0131nda ezilen hekimlerin d\u00fc\u015f\u00fcr\u00fcld\u00fckleri bu aciz etten bir an \u00f6nce kurtulmas\u0131d\u0131r. Fiili hizmet zamm\u0131, hekime ve sa\u011fl\u0131k \u00e7al\u0131\u015fan\u0131na \u015fiddet yasas\u0131n\u0131n bir an \u00f6nce y\u00fcr\u00fcrl\u00fc\u011fe girmesi, a\u011f\u0131r ve angarya \u00e7al\u0131\u015fma ko\u015fullar\u0131n\u0131n bir an \u00f6nce d\u00fczeltilmesi, emeklili\u011fe yans\u0131yan maa\u015f d\u00fczenlemelerinin bir an \u00f6nce yap\u0131lmas\u0131 acil taleplerimizdir.\u201d<\/span><\/p>\n<p>\u00a0<\/p>\n<p><span style=\"font-size:16px;\">T\u00fcm bu sorunlar\u0131n \u00e7\u00f6z\u00fcm\u00fcnde aktif rol oynamaya ve m\u00fccadele edeceklerini, her daim hekim arkada\u015flar\u0131n\u0131n yan\u0131nda duru\u015f sergilemeye s\u00f6z veren Dr. U\u00e7ar: \u201cHangi d\u00fc\u015f\u00fcnce, etnik kimlik, inan\u00e7 yap\u0131s\u0131nda olursa olsun hi\u00e7 kimseyi \u00f6tekile\u015ftirmeden ve tek\u00e7i d\u00fc\u015f\u00fcnce yap\u0131s\u0131na izin vermeden sadece hekim olma aidiyeti ve \u00fclkemizin menfaatlerini savunma gayreti ile hep birlikte daha kapsay\u0131c\u0131 bir meslek \u00f6rg\u00fct\u00fcne tekrar kavu\u015fma ad\u0131na t\u00fcm hekimlerimizi Mersin Cumhuriyet Hekimleri Birli\u011fini desteklemeye davet ediyoruz.\u201d \u015feklinde konu\u015fmas\u0131n\u0131 tamamlad\u0131.<\/span><\/p>\n<\/p><\/div>\n<\/blockquote><\/div>\n<\/p><\/div>\n<\/p><\/div>\n<\/p><\/div>\n<\/p><\/div>\n<\/p><\/div>\n<\/p><\/div>\n<\/p><\/div>\n<\/td>\n<\/tr>\n<\/tbody>\n<\/table>\n<div style=\"clear:both;\">\u00a0<\/div>\n<\/div>\n<\/div>\n<\/div>\n","protected":false},"excerpt":{"rendered":"<p>15 Nisan Pazar g\u00fcn\u00fc yap\u0131lacak olan Mersin Tabip Odas\u0131 Se\u00e7imleri i\u00e7in Mersin Cumhuriyet Hekimleri Birli\u011fi adayl\u0131klar\u0131n\u0131 koyduklar\u0131n\u0131 a\u00e7\u0131klad\u0131. Mersin Cumhuriyet Hekimleri Birli\u011fi yap\u0131lacak olan Mersin Tabip Odas\u0131 Se\u00e7im adayl\u0131\u011f\u0131 i\u00e7in &hellip; <a href=\"https:\/\/akdenizolaygazetesi.com\/?p=1686\" class=\"more-link\">Devam\u0131n\u0131 Oku&#8230;<\/a><\/p>\n","protected":false},"author":1,"featured_media":0,"comment_status":"open","ping_status":"open","sticky":false,"template":"","format":"standard","meta":[],"categories":[],"tags":[],"_links":{"self":[{"href":"https:\/\/akdenizolaygazetesi.com\/index.php?rest_route=\/wp\/v2\/posts\/1686"}],"collection":[{"href":"https:\/\/akdenizolaygazetesi.com\/index.php?rest_route=\/wp\/v2\/posts"}],"about":[{"href":"https:\/\/akdenizolaygazetesi.com\/index.php?rest_route=\/wp\/v2\/types\/post"}],"author":[{"embeddable":true,"href":"https:\/\/akdenizolaygazetesi.com\/index.php?rest_route=\/wp\/v2\/users\/1"}],"replies":[{"embeddable":true,"href":"https:\/\/akdenizolaygazetesi.com\/index.php?rest_route=%2Fwp%2Fv2%2Fcomments&post=1686"}],"version-history":[{"count":0,"href":"https:\/\/akdenizolaygazetesi.com\/index.php?rest_route=\/wp\/v2\/posts\/1686\/revisions"}],"wp:attachment":[{"href":"https:\/\/akdenizolaygazetesi.com\/index.php?rest_route=%2Fwp%2Fv2%2Fmedia&parent=1686"}],"wp:term":[{"taxonomy":"category","embeddable":true,"href":"https:\/\/akdenizolaygazetesi.com\/index.php?rest_route=%2Fwp%2Fv2%2Fcategories&post=1686"},{"taxonomy":"post_tag","embeddable":true,"href":"https:\/\/akdenizolaygazetesi.com\/index.php?rest_route=%2Fwp%2Fv2%2Ftags&post=1686"}],"curies":[{"name":"wp","href":"https:\/\/api.w.org\/{rel}","templated":true}]}}