{"id":16861,"date":"2022-02-24T13:21:09","date_gmt":"2022-02-24T10:21:09","guid":{"rendered":"http:\/\/akdenizolaygazetesi.com\/?p=16861"},"modified":"2022-02-24T13:21:09","modified_gmt":"2022-02-24T10:21:09","slug":"hosgoru-kenti-mersinde-agirlamaktan-dolayi-mutluyuz","status":"publish","type":"post","link":"https:\/\/akdenizolaygazetesi.com\/?p=16861","title":{"rendered":"&#8220;Ho\u015fg\u00f6r\u00fc kenti Mersin&#8217;de a\u011f\u0131rlamaktan dolay\u0131 mutluyuz&#8221;"},"content":{"rendered":"<p>Akdeniz Belediyesi ev sahipli\u011finde Reng-i Hakkari Sanat Toplulu\u011fu\u2019nun &#8216;Etnik Anadolu&#8217; ad\u0131yla sahneledi\u011fi g\u00f6steri izleyenlerden tam not ald\u0131. Yo\u011fun kat\u0131l\u0131m\u0131n oldu\u011fu etkinlikte konu\u015fan Ba\u015fkan Mustafa G\u00fcltak, &#8220;Art\u0131k Akdeniz&#8217;de sadece bar\u0131\u015f, huzur ve karde\u015flik var&#8221; dedi.<br \/>\nAkdeniz Belediyesi&#8217;nin ev sahipli\u011finde; Hakkari Belediyesi K\u00fclt\u00fcr ve Sanat \u0130\u015fleri M\u00fcd\u00fcrl\u00fc\u011f\u00fc b\u00fcnyesinde olu\u015fturulan Reng-i Hakkari Sanat Toplulu\u011fu\u2019nun, &#8216;Etnik Anadolu&#8217; ad\u0131yla sundu\u011fu g\u00f6steri, Mersin B\u00fcy\u00fck\u015fehir Belediyesi Kongre ve Sergi Saray\u0131&#8217;nda ger\u00e7ekle\u015fti. Geceye Akdeniz Belediye Ba\u015fkan\u0131 Mustafa G\u00fcltak&#8217;\u0131n yan\u0131 s\u0131ra Mersin Ticaret ve Sanayi Odas\u0131 Y\u00f6netim Kurulu Ba\u015fkan\u0131 Ayhan K\u0131z\u0131ltan, TRT \u00c7ukurova B\u00f6lge M\u00fcd\u00fcr\u00fc Sebahattin Kahraman ve \u00e7ok say\u0131da davetli kat\u0131ld\u0131.<br \/>\n&#8220;Ho\u015fg\u00f6r\u00fc kenti Mersin&#8217;de a\u011f\u0131rlamaktan dolay\u0131 mutluyuz&#8221;<br \/>\nGe\u00e7mi\u015f ile gelecek aras\u0131ndaki ba\u011f\u0131 g\u00fc\u00e7lendirip, T\u00fcrkiye\u2019nin b\u00fct\u00fcn b\u00f6lgelerinin k\u00fclt\u00fcrlerini bir mozaik i\u00e7erisinde sahneleyerek k\u00fclt\u00fcr k\u00f6pr\u00fcs\u00fc kurmay\u0131 ama\u00e7layan Rengi-i Hakkari Sanat Toplulu\u011fu&#8217;nun turne kapsam\u0131ndaki 4. dura\u011f\u0131 Mersin&#8217;de 65 ki\u015filik sanat grubu ile sergiledi\u011fi m\u00fczik ve dans g\u00f6sterisi ile izleyenler unutulmaz bir ak\u015fam ya\u015fad\u0131. Etkinlikte konu\u015fan Akdeniz Belediye Ba\u015fkan\u0131 Mustafa G\u00fcltak, &#8220;Reng-i Hakkari Sanat Toplulu\u011fu\u2019nu farkl\u0131 dil, din ve etnik k\u00f6kenden insan\u0131m\u0131z\u0131n bar\u0131\u015f ve karde\u015flik i\u00e7inde ya\u015fad\u0131\u011f\u0131, T\u00fcrkiye\u2019nin t\u00fcm renklerini ve k\u00fclt\u00fcrlerini i\u00e7inde bar\u0131nd\u0131ran; ho\u015fg\u00f6r\u00fc kenti Mersin\u2019de a\u011f\u0131rlamaktan mutluyuz&#8221; dedi.<br \/>\n&#8220;Akdeniz art\u0131k istenmeyen olaylara an\u0131lm\u0131yor&#8221;<br \/>\nAkdeniz&#8217;in art\u0131k istenmeyen olaylarla de\u011fil, festivaller ve konserlerle, sanat, k\u00fclt\u00fcr ve spor ile an\u0131ld\u0131\u011f\u0131na vurgu yapan Ba\u015fkan G\u00fcltak, &#8220;\u00c7\u00fcnk\u00fc Akdeniz art\u0131k de\u011fi\u015fti ve bu de\u011fi\u015fim hayat\u0131n her alan\u0131nda devam ediyor.  Akdeniz daha \u00f6nce kavgalar, g\u00fcr\u00fclt\u00fcler, problemler, baz\u0131 ayr\u0131mc\u0131l\u0131klar ile an\u0131l\u0131yordu.  Art\u0131k Akdeniz&#8217;de sadece ve sadece bar\u0131\u015f var. Huzur var; karde\u015flik var&#8221; diye konu\u015ftu.<br \/>\n&#8220;Akdeniz giderek kalk\u0131nmaktad\u0131r&#8221;<br \/>\nReng-i Hakkari Sanat Toplulu\u011fu&#8217;nun tam bir Akdeniz yans\u0131mas\u0131 oldu\u011funa dikkat \u00e7eken Ba\u015fkan G\u00fcltak, &#8220;Akdeniz&#8217;de T\u00fcrk, K\u00fcrt, Alevi, Y\u00f6r\u00fck, H\u0131ristiyan karde\u015flerimiz var. Bu renkler o kadar g\u00fczel ki hepimiz Anadolu&#8217;nun \u00e7ocuklar\u0131y\u0131z. Akdeniz art\u0131k bu bar\u0131\u015f, karde\u015flik ve muhabbetle an\u0131lmakta, hi\u00e7 kimse ayr\u0131\u015ft\u0131r\u0131lmamakta ve giderek kalk\u0131nmaktad\u0131r. Yapt\u0131\u011f\u0131m\u0131z TOK\u0130 \u00e7al\u0131\u015fmalar\u0131, spor tesisleri ile Akdeniz&#8217;i de\u011fi\u015ftiriyoruz&#8221; ifadelerini kulland\u0131. <\/p>\n","protected":false},"excerpt":{"rendered":"<p>Akdeniz Belediyesi ev sahipli\u011finde Reng-i Hakkari Sanat Toplulu\u011fu\u2019nun &#8216;Etnik Anadolu&#8217; ad\u0131yla sahneledi\u011fi g\u00f6steri izleyenlerden tam not ald\u0131. Yo\u011fun kat\u0131l\u0131m\u0131n oldu\u011fu etkinlikte konu\u015fan Ba\u015fkan Mustafa G\u00fcltak, &#8220;Art\u0131k Akdeniz&#8217;de sadece bar\u0131\u015f, huzur &hellip; <a href=\"https:\/\/akdenizolaygazetesi.com\/?p=16861\" class=\"more-link\">Devam\u0131n\u0131 Oku&#8230;<\/a><\/p>\n","protected":false},"author":2,"featured_media":16862,"comment_status":"open","ping_status":"open","sticky":false,"template":"","format":"standard","meta":[],"categories":[1,2,3,5],"tags":[],"_links":{"self":[{"href":"https:\/\/akdenizolaygazetesi.com\/index.php?rest_route=\/wp\/v2\/posts\/16861"}],"collection":[{"href":"https:\/\/akdenizolaygazetesi.com\/index.php?rest_route=\/wp\/v2\/posts"}],"about":[{"href":"https:\/\/akdenizolaygazetesi.com\/index.php?rest_route=\/wp\/v2\/types\/post"}],"author":[{"embeddable":true,"href":"https:\/\/akdenizolaygazetesi.com\/index.php?rest_route=\/wp\/v2\/users\/2"}],"replies":[{"embeddable":true,"href":"https:\/\/akdenizolaygazetesi.com\/index.php?rest_route=%2Fwp%2Fv2%2Fcomments&post=16861"}],"version-history":[{"count":1,"href":"https:\/\/akdenizolaygazetesi.com\/index.php?rest_route=\/wp\/v2\/posts\/16861\/revisions"}],"predecessor-version":[{"id":16863,"href":"https:\/\/akdenizolaygazetesi.com\/index.php?rest_route=\/wp\/v2\/posts\/16861\/revisions\/16863"}],"wp:featuredmedia":[{"embeddable":true,"href":"https:\/\/akdenizolaygazetesi.com\/index.php?rest_route=\/wp\/v2\/media\/16862"}],"wp:attachment":[{"href":"https:\/\/akdenizolaygazetesi.com\/index.php?rest_route=%2Fwp%2Fv2%2Fmedia&parent=16861"}],"wp:term":[{"taxonomy":"category","embeddable":true,"href":"https:\/\/akdenizolaygazetesi.com\/index.php?rest_route=%2Fwp%2Fv2%2Fcategories&post=16861"},{"taxonomy":"post_tag","embeddable":true,"href":"https:\/\/akdenizolaygazetesi.com\/index.php?rest_route=%2Fwp%2Fv2%2Ftags&post=16861"}],"curies":[{"name":"wp","href":"https:\/\/api.w.org\/{rel}","templated":true}]}}