{"id":1689,"date":"2020-11-04T18:22:13","date_gmt":"2020-11-04T15:22:13","guid":{"rendered":"http:\/\/mersinekonomipolitikagazetesi.com\/?p=1689"},"modified":"2020-11-04T18:22:13","modified_gmt":"2020-11-04T15:22:13","slug":"chpli-bulent-tezcan-hukumet-ohalsiz-yonetemez-hale-gelmis","status":"publish","type":"post","link":"https:\/\/akdenizolaygazetesi.com\/?p=1689","title":{"rendered":"CHP\u2019L\u0130 B\u00dcLENT TEZCAN: \u201cH\u00dcK\u00dcMET OHAL\u2019S\u0130Z Y\u00d6NETEMEZ HALE GELM\u0130\u015e\u201d"},"content":{"rendered":"<p>CHP Parti \u00d6rg\u00fct\u00fc ve \u00d6rg\u00fct Y\u00f6netimlerinden Sorumlu  Genel Ba\u015fkan Yard\u0131mc\u0131s\u0131 B\u00fclent Tezcan ve Yerel Y\u00f6netim Politikalar\u0131ndan Sorumlu Genel Ba\u015fkan Yard\u0131mc\u0131s\u0131 Seyit Torun CHP \u0130l ba\u015fkanl\u0131\u011f\u0131nda Mersin&#8217;lilerle bir araya geldi. B\u00fclent Tezcan h\u00fck\u00fcmette bulunan iktidar\u0131n olumsuzluklar\u0131n\u0131 aktard\u0131.<\/p>\n<div id=\":4\">\n<div id=\":2\">\n<div role=\"main\">\n<table cellpadding=\"0\" role=\"presentation\" style=\"width:1675px;\">\n<tbody>\n<tr>\n<td>\n<div role=\"list\">\n<div role=\"listitem\" style=\"clear:both;\" tabindex=\"-1\">\n<div id=\":1ge\">\n<div data-legacy-message-id=\"16295d0e78207f2e\" data-message-id=\"16295d0e78207f2e\">\n<div style=\"margin-left:44px;\">\n<div id=\":11v\">\n<div id=\":1bz\">\n<div dir=\"auto\">\n<blockquote type=\"cite\">\n<div dir=\"ltr\">\n<p><span style=\"font-size:16px;\">CHP Mersin \u0130l Ba\u015fkanl\u0131\u011f\u0131nda Parti \u00d6rg\u00fct\u00fc ve \u00d6rg\u00fct Y\u00f6netimlerinden Sorumlu\u00a0 Genel Ba\u015fkan Yard\u0131mc\u0131s\u0131 B\u00fclent Tezcan ve Yerel Y\u00f6netim Politikalar\u0131ndan Sorumlu Genel Ba\u015fkan Yard\u0131mc\u0131s\u0131 Seyit Torun\u00a0 kat\u0131l\u0131m\u0131yla a\u00e7\u0131klama yap\u0131ld\u0131.<\/span><\/p>\n<p>\u00a0<\/p>\n<p><span style=\"font-size:16px;\">A\u00e7\u0131klama konu\u015fmas\u0131na genel ba\u015fkan yard\u0131mc\u0131lar\u0131n yan\u0131nda Mersin CHP \u0130l Ba\u015fkan\u0131 Adil Aktay, Parti Meclis \u00dcyesi, Mersin CHP \u0130l\u00e7e Ba\u015fkanlar\u0131, \u00d6rg\u00fct Ba\u015fkanlar\u0131, Kad\u0131n Kollar\u0131 Ba\u015fkan\u0131, Gen\u00e7lik Kollar\u0131 Ba\u015fkan\u0131 da yer ald\u0131.<\/span><\/p>\n<p>\u00a0<\/p>\n<p><span style=\"font-size:16px;\">A\u00e7\u0131klama konu\u015fmas\u0131n\u0131 B\u00fclent Tezcan ve Seyit Torun\u00a0 ger\u00e7ekle\u015ftirerek AKP iktidar\u0131na y\u00fcklendiler.<\/span><\/p>\n<p>\u00a0<\/p>\n<p><span style=\"font-size:16px;\">K\u0131sa bir konu\u015fma ger\u00e7ekle\u015ftiren Seyit Torun, 2019 s\u00fcrecine de\u011finerek se\u00e7imde demokrasiden, hukuktan, \u00f6zg\u00fcrl\u00fckten yana olanlar\u0131n se\u00e7imi olaca\u011f\u0131n\u0131 belirtti. \u00dclkedeki k\u00f6t\u00fc gidi\u015fat\u0131 i\u00e7in vatanda\u015f\u0131 da arkalar\u0131na al\u0131p bar\u0131\u015f\u0131 demokrasiyi \u00fclkenin k\u00f6t\u00fc durumunu \u00e7\u00f6zeceklerini dile getirdi. Ard\u0131ndan s\u00f6z alan B\u00fclent Tezcan, Torun\u2019un konu\u015fmalar\u0131na destek olarak\u00a0 \u00fclke hukukuna de\u011finerek toplumdaki hukuka d\u00fczene ve ya\u015fama dair bir gelecek b\u0131rakmad\u0131klar\u0131n\u0131 vurgulad\u0131.<\/span><\/p>\n<p>\u00a0<\/p>\n<p><span style=\"font-size:16px;\">TORUN: \u201cHEP BERABER BUNUN \u0130\u00c7\u0130NDE M\u00dcCADELE EDECE\u011e\u0130Z\u201d<\/span><\/p>\n<p>\u00a0<\/p>\n<p><span style=\"font-size:16px;\">Torun: \u201cBiz \u0130nan\u0131yoruz ki Atat\u00fcrk\u2019\u00fcn kurdu\u011fu T\u00fcrkiye Cumhuriyeti demokrasi ile ta\u015flanacak ve bir kad\u0131n devrimi ile birlikte 2019\u2019da iktidara gelece\u011fiz ve tek adam y\u00f6netimi bu \u00fclkeden ortadan kald\u0131raca\u011f\u0131z. Bunu yapacak ki\u015filer bizleriz. E\u011fer kar\u015f\u0131l\u0131kl\u0131 dayan\u0131\u015fma i\u00e7erisinde bir yolda\u015fl\u0131k k\u00fclt\u00fcr\u00fc i\u00e7erisinde\u00a0 m\u00fccadelemizi b\u00fcy\u00fct\u00fcrsek mutlaka ba\u015far\u0131r\u0131z.\u201d dedi. \u00a0<\/span><\/p>\n<\/p><\/div>\n<\/blockquote>\n<blockquote type=\"cite\">\n<div dir=\"ltr\">\n<p><span style=\"font-size:16px;\">2019 se\u00e7imlerinde Mersin B\u00fcy\u00fck\u015fehir Belediyesi\u2019nin CHP\u2019li bir belediye olaca\u011f\u0131n\u0131 kaydeden Torun, hem yerelde hem de genelde iktidar olacaklar\u0131n\u0131 kaydetti.<\/span><\/p>\n<\/p><\/div>\n<\/blockquote>\n<blockquote type=\"cite\">\n<div dir=\"ltr\">\n<p><span style=\"font-size:16px;\">Mersinde kendi belediye say\u0131lar\u0131n\u0131 art\u0131racaklar\u0131na de\u011finen Torun: \u201cMersin art\u0131k CHP\u2019nin kalesi olacak. Sizde biliyorsunuz ki T\u00fcrkiye\u2019nin g\u00fcndemi her g\u00fcn de\u011fi\u015ftiriliyor. Bir sorunu \u00e7\u00f6zmeden ba\u015fka g\u00fcndem\u00a0 olu\u015fturularak kar\u015f\u0131 \u00e7\u0131kt\u0131\u011f\u0131m\u0131z \u015feyleri bize unutturmaya \u00e7al\u0131\u015ft\u0131r\u0131yorlar. Her anlamda k\u00f6t\u00fcye gidiyoruz. T\u00fcrkiye\u2019de 5 temel sorun hala \u00e7\u00f6z\u00fclemedi. Bunlar ekonomi, e\u011fitim, sa\u011fl\u0131k, d\u0131\u015f politika ve \u00fclkenin durumudur. T\u00fcrkiye\u2019nin art\u0131k sarayda ya\u015fayan o zata ihtiyac\u0131n\u0131n kalmad\u0131\u011f\u0131n\u0131 o da biliyor. Bu \u00fclke bar\u0131\u015f\u0131 dayan\u0131\u015fmay\u0131 demokrasiyi ortaya koyaca\u011f\u0131z. Bu \u00fclkenin kaynaklar\u0131n\u0131 adaletli bir \u015fekilde payla\u015ft\u0131raca\u011f\u0131z. Hep beraber bunun i\u00e7inde m\u00fccadele edece\u011fiz.\u201d \u015feklinde konu\u015ftu.<\/span><\/p>\n<p>\u00a0<\/p>\n<p><span style=\"font-size:16px;\">TEZCAN: \u201cB\u00dcT\u00dcN\u00a0 AVUKATLARIMIZIN AVUKATLAR G\u00dcN\u00dcN\u00dc KUTLUYORUM\u201d<\/span><\/p>\n<p>\u00a0<\/p>\n<p><span style=\"font-size:16px;\">B\u00fclent Tezcan ise s\u00f6zlerine ba\u015flamadan \u00f6nce b\u00fct\u00fcn avukatlar\u0131n avukat g\u00fcn\u00fcn\u00fc kutlad\u0131. Tezcan: \u201cBug\u00fcn 5 Nisan D\u00fcnya avukatlar g\u00fcn\u00fcd\u00fcr. Avukatlar savunma mesle\u011fini b\u00fct\u00fcn zorluklara ra\u011fmen cesaretle y\u00fcr\u00fcten, hukukun \u00fcst\u00fcnl\u00fc\u011f\u00fc m\u00fccadelesini kararl\u0131 bir bi\u00e7imde veren ve b\u00fct\u00fcn zorluklara iktidar bask\u0131lar\u0131na talimatl\u0131 yarg\u0131 d\u00fczenine ra\u011fmen cesaretle kararl\u0131l\u0131kla, hukuk vicdan\u0131yla avukatl\u0131k g\u00f6revini y\u00fcr\u00fctmeye \u00e7al\u0131\u015fan b\u00fct\u00fcn\u00a0 avukatlar\u0131m\u0131z\u0131n avukatlar g\u00fcn\u00fcn\u00fc kutluyorum.\u201d dedi.<\/span><\/p>\n<p><span style=\"font-size:16px;\">Hukukun \u00fcst\u00fcnl\u00fc\u011f\u00fc T\u00fcrkiye\u2019de her zamankinden daha g\u00fcncel bir hal ald\u0131\u011f\u0131n\u0131 belirten Tezcan: \u201cT\u00fcrkiye yarg\u0131n\u0131n do\u011frudan do\u011fruya siyasetin emir ve talimat\u0131 alt\u0131na girdi\u011fi bir \u00a0s\u00fcrecin i\u00e7erisinde yer al\u0131yor. Art\u0131k olay sadece siyasetin emir ve talimat\u0131 de\u011fil do\u011frudan saray\u0131n yarg\u0131s\u0131n\u0131n yarat\u0131ld\u0131\u011f\u0131 ve sarayda oturan Ak Parti Genel Ba\u015fkan\u0131 Erdo\u011fan\u2019\u0131n iki duda\u011f\u0131n\u0131n aras\u0131nda y\u00fcr\u00fcyen oraya s\u0131k\u0131\u015fm\u0131\u015f bir yarg\u0131 d\u00fczeniyle kar\u015f\u0131 kar\u015f\u0131yay\u0131z. Hukukun olmad\u0131\u011f\u0131 bir \u00fclkede ki\u015finin g\u00fcvenli\u011fi olmaz, eme\u011fin g\u00fcvenli\u011fi olmaz, sermayenin g\u00fcvencesi olmaz. Huzurlu bir ekonomi olmaz, giri\u015fim \u00f6zg\u00fcrl\u00fc\u011f\u00fc olmaz. Adaletli bir payla\u015f\u0131m olmaz.\u00a0<\/span><span style=\"font-size: 16px; font-family: sans-serif, Arial, Verdana, 'Trebuchet MS'; line-height: 1.6em;\">Hukuk bir ki\u015finin emir talimat\u0131 ad\u0131na s\u0131k\u0131\u015fm\u0131\u015fsa yarg\u0131\u00e7lar emir alarak karar duruma gelmi\u015fse o \u00fclkede d\u00fczenden bahsetmek m\u00fcmk\u00fcn de\u011fildir. Ne yaz\u0131k ki T\u00fcrkiye b\u00f6yle bir tabloyla kar\u015f\u0131 kar\u015f\u0131yad\u0131r. Uzun zamand\u0131r yarg\u0131y\u0131 Fet\u00f6 denen \u00e7eteye teslim eden bu iktidar \u2018bug\u00fcn o \u00e7eteden temizliyorum\u2019 derken yeni bir yap\u0131lanmaya teslim etmek ve yok etmeyle hukuk d\u00fczenin ortadan kald\u0131rmayla bizi ba\u015f ba\u015fa b\u0131rakm\u0131\u015ft\u0131r. Hukuk m\u00fccadelesi asl\u0131nda bir ekmek m\u00fccadelesidir. Hukuk m\u00fccadelesi bir \u00f6zg\u00fcrl\u00fck m\u00fccadelesidir.\u201c ifadelerini kulland\u0131.<\/span><\/p>\n<p>\u00a0<\/p>\n<p><span style=\"font-size:16px;\">TEZCAN: \u201cBU \u0130KT\u0130DAR UYU\u015eTURUCU BA\u011eIMLISI G\u0130B\u0130 OHAL BA\u011eIMLISI OLMU\u015eTUR\u201d<\/span><\/p>\n<div>\n<div aria-label=\"Geni\u015fletilen i\u00e7eri\u011fi gizleyin\" data-tooltip=\"Geni\u015fletilen i\u00e7eri\u011fi gizleyin\" id=\":1bd\" role=\"button\" style=\"clear:both;\" tabindex=\"0\"><span style=\"font-size:16px;\"><img src=\"https:\/\/ssl.gstatic.com\/ui\/v1\/icons\/mail\/images\/cleardot.gif\" style=\"height:8px;width:20px;\" \/><\/span><\/div>\n<\/p><\/div>\n<div>\n<p><span style=\"font-size: 16px; font-family: sans-serif, Arial, Verdana, 'Trebuchet MS'; line-height: 1.6em;\">15 Temmuz darbe giri\u015fimine de\u011finen Tezcan: \u201cBug\u00fcn bir darbe d\u00fczenindeyiz. 15 Temmuz darbe giri\u015fimine kar\u015f\u0131 milletle beraber halkla birlikte direndik kar\u015f\u0131 durduk. Ama bu iktidar 15 Temmuz darbe giri\u015fimine kar\u015f\u0131 milletin bu m\u00fccadelesinden bir g\u00fc\u00e7l\u00fc demokrasi \u00e7\u0131karma tercihinde bulunmad\u0131. Bunu f\u0131rsat bilerek T\u00fcrkiye\u2019de sivil darbe ger\u00e7ekle\u015ftirdi. O g\u00fcnden bu yana 2 seneye yakla\u015fan bir s\u00fcre i\u00e7erisinde T\u00fcrkiye 15 Temmuz darbesi ko\u015fullar\u0131 alt\u0131nda ya\u015f\u0131yor. OHAL s\u00fcrecini ya\u015f\u0131yoruz. Vatanda\u015f ola\u011fan\u00fcst\u00fc hal alt\u0131nda s\u0131k\u0131\u015fm\u0131\u015f. OHAL durumunda KHK ile hak ve \u00f6zg\u00fcrl\u00fcklerin\u00a0 yok edildi\u011fi, m\u00fclkiyet hakk\u0131n\u0131n g\u00fcvence alt\u0131nda olmad\u0131\u011f\u0131, ya\u015fam hakk\u0131n\u0131n olmad\u0131\u011f\u0131 bir \u00fclke yaratt\u0131lar.\u00a0 Bu iktidar uyu\u015fturucu ba\u011f\u0131ml\u0131s\u0131 gibi OHAL ba\u011f\u0131ml\u0131s\u0131 olmu\u015flard\u0131r. OHAL\u2019siz h\u00fck\u00fcmeti y\u00f6netemez hale gelmi\u015fler.\u201d dedi.<\/span><\/p>\n<p>\u00a0<\/p>\n<p><span style=\"font-size:16px;\">TEZCAN: \u201cT\u00dcRK\u0130YE\u2019N\u0130N B\u0130R\u00c7OK YER\u0130NDE B\u0130R \u015eEKER \u0130TT\u0130FAKI OLU\u015eTU\u201d<\/span><\/p>\n<p>\u00a0<\/p>\n<p><span style=\"font-size:16px;\">Tezcan, son c\u00fcmlelerinde ise \u015funlar\u0131 kaydetti.: \u201cT\u00fcrkiye\u2019nin bir\u00e7ok yerinde bir \u015feker ittifak\u0131 olu\u015ftu. \u015eeker fabrikan\u0131n bir parti bayra\u011f\u0131 yok parti amblemi yok sadece emek etraf\u0131nda bu milletin zenginli\u011fi etraf\u0131nda toplanm\u0131\u015f bir ittifak. Ger\u00e7ekten milli \u015feylerden faydalanmak istiyorsan\u0131z \u015feker fabrikalar\u0131 \u00f6rnek g\u00f6sterilebilir. Milletin al\u0131n terine sahip \u00e7\u0131kmak gerekiyor. Bu milletin \u00e7ift\u00e7isine fabrikada \u00e7al\u0131\u015fan i\u015f\u00e7isine onlarca y\u0131ld\u0131r di\u015finden t\u0131rna\u011f\u0131ndan art\u0131rd\u0131\u011f\u0131 \u015feker fabrikalar\u0131na \u015feker pancar\u0131 \u00fcreticisine, \u015feker pancar\u0131 tarlalar\u0131na, t\u00fct\u00fcn tarlalar\u0131na, T\u00fcrk tar\u0131ma sahip \u00e7\u0131kmaktan geliyor. E\u011fer milli ittifak ar\u0131yorsan\u0131z genel ba\u015fkan\u0131m\u0131z \u00c7orumda b\u00fcy\u00fck bir \u015feker mitingi yapacak. T\u00fcrkiye\u2019de ger\u00e7ek milli ittifak\u0131n foto\u011fraf\u0131n\u0131 verecektir. Bu iktidar gayri milli bir iktidard\u0131r. Milletin varl\u0131\u011f\u0131n\u0131 ve servetini, eme\u011fini kendi birikimini yabanc\u0131 tekellere pe\u015fke\u015f \u00e7eken bir iktidard\u0131r. Bu\u00a0 iktidar 16 y\u0131ld\u0131r s\u00f6zde faiz lobisine kar\u015f\u0131 \u00e7\u0131karken 16 y\u0131l i\u00e7erisinde milletin 150 milyar dolar\u0131n\u0131\u00a0 d\u0131\u015f finans kurulu\u015flar\u0131na faiz olarak \u00f6deten iktidard\u0131r. Bu iktidar T\u00fcrk i\u015f\u00e7isini yabanc\u0131lara kul eden iktidard\u0131r. Bu iktidar kendi \u00fclkesinde \u015feker pancar\u0131 \u00fcreticisini ni\u015fasta \u00fcreten Amerika tekeline teslim etmektedir.\u201d<\/span><\/p>\n<\/p><\/div>\n<\/p><\/div>\n<\/blockquote><\/div>\n<\/p><\/div>\n<\/p><\/div>\n<\/p><\/div>\n<\/p><\/div>\n<\/p><\/div>\n<\/p><\/div>\n<\/p><\/div>\n<\/td>\n<\/tr>\n<\/tbody>\n<\/table>\n<div style=\"clear:both;\">\u00a0<\/div>\n<\/div>\n<\/div>\n<\/div>\n","protected":false},"excerpt":{"rendered":"<p>CHP Parti \u00d6rg\u00fct\u00fc ve \u00d6rg\u00fct Y\u00f6netimlerinden Sorumlu Genel Ba\u015fkan Yard\u0131mc\u0131s\u0131 B\u00fclent Tezcan ve Yerel Y\u00f6netim Politikalar\u0131ndan Sorumlu Genel Ba\u015fkan Yard\u0131mc\u0131s\u0131 Seyit Torun CHP \u0130l ba\u015fkanl\u0131\u011f\u0131nda Mersin&#8217;lilerle bir araya geldi. B\u00fclent &hellip; <a href=\"https:\/\/akdenizolaygazetesi.com\/?p=1689\" class=\"more-link\">Devam\u0131n\u0131 Oku&#8230;<\/a><\/p>\n","protected":false},"author":1,"featured_media":0,"comment_status":"open","ping_status":"open","sticky":false,"template":"","format":"standard","meta":[],"categories":[],"tags":[],"_links":{"self":[{"href":"https:\/\/akdenizolaygazetesi.com\/index.php?rest_route=\/wp\/v2\/posts\/1689"}],"collection":[{"href":"https:\/\/akdenizolaygazetesi.com\/index.php?rest_route=\/wp\/v2\/posts"}],"about":[{"href":"https:\/\/akdenizolaygazetesi.com\/index.php?rest_route=\/wp\/v2\/types\/post"}],"author":[{"embeddable":true,"href":"https:\/\/akdenizolaygazetesi.com\/index.php?rest_route=\/wp\/v2\/users\/1"}],"replies":[{"embeddable":true,"href":"https:\/\/akdenizolaygazetesi.com\/index.php?rest_route=%2Fwp%2Fv2%2Fcomments&post=1689"}],"version-history":[{"count":0,"href":"https:\/\/akdenizolaygazetesi.com\/index.php?rest_route=\/wp\/v2\/posts\/1689\/revisions"}],"wp:attachment":[{"href":"https:\/\/akdenizolaygazetesi.com\/index.php?rest_route=%2Fwp%2Fv2%2Fmedia&parent=1689"}],"wp:term":[{"taxonomy":"category","embeddable":true,"href":"https:\/\/akdenizolaygazetesi.com\/index.php?rest_route=%2Fwp%2Fv2%2Fcategories&post=1689"},{"taxonomy":"post_tag","embeddable":true,"href":"https:\/\/akdenizolaygazetesi.com\/index.php?rest_route=%2Fwp%2Fv2%2Ftags&post=1689"}],"curies":[{"name":"wp","href":"https:\/\/api.w.org\/{rel}","templated":true}]}}