{"id":1690,"date":"2020-11-04T18:22:13","date_gmt":"2020-11-04T15:22:13","guid":{"rendered":"http:\/\/mersinekonomipolitikagazetesi.com\/?p=1690"},"modified":"2020-11-04T18:22:13","modified_gmt":"2020-11-04T15:22:13","slug":"sapkayi-atti-araba-gitti","status":"publish","type":"post","link":"https:\/\/akdenizolaygazetesi.com\/?p=1690","title":{"rendered":"\u015eapkay\u0131 att\u0131 araba gitti"},"content":{"rendered":"<p>Mersin Tarsus il\u00e7esinde \u015fapkas\u0131n\u0131 arabas\u0131n\u0131n a\u00e7\u0131k cam\u0131ndan i\u00e7eri atan tamir ustas\u0131n\u0131n arabas\u0131 kayarak, geri geri gitti. Ko\u015farak arabas\u0131n\u0131 durduran tamirci \u015fa\u015fk\u0131nl\u0131k ya\u015fad\u0131.<\/p>\n<p><span style=\"font-size:16px;\"><span style=\"font-family: sans-serif; line-height: 20px; text-align: justify; background-color: rgb(242, 244, 245);\">Edinilen bilgiye g\u00f6re, 82 Evler Mahallesi\u2019nde bulunan sanayi sitesindeki i\u015f yerinin \u00f6n\u00fcne arabas\u0131n\u0131 park eden araba tamir ustas\u0131 Salih Do\u011fru (45) \u00e7al\u0131\u015fmaya ba\u015flad\u0131. \u015eapkas\u0131n\u0131 \u00e7\u0131kar\u0131p, arabas\u0131n\u0131n a\u00e7\u0131k cam\u0131ndan i\u00e7eri atan tamircinin arabas\u0131n\u0131n el freni bo\u015fa d\u00fc\u015ft\u00fc, arkas\u0131n\u0131 d\u00f6n\u00fcp giden tamirci arabas\u0131n\u0131n kayarak yola do\u011fru hareketlendi\u011fini g\u00f6r\u00fcnce ko\u015farak, direksiyonun ba\u015f\u0131na ge\u00e7ip arabas\u0131n\u0131 durdu.\u00a0<\/span><br style=\"box-sizing: border-box; font-family: sans-serif; font-size: 14px; line-height: 20px; text-align: justify; background-color: rgb(242, 244, 245);\" \/><br \/>\n<span style=\"font-family: sans-serif; line-height: 20px; text-align: justify; background-color: rgb(242, 244, 245);\">Arabas\u0131n\u0131n el frenini \u00e7ekti\u011fini belirten tamirci Salih Do\u011fru, 10 graml\u0131k \u015fapkan\u0131n a\u011f\u0131rl\u0131\u011f\u0131yla 900 kiloluk araban\u0131n hareket etmesine anlam veremedi\u011fini s\u00f6yledi. Do\u011fru, &#8220;D\u0131\u015far\u0131dan geldim arabam\u0131 d\u00fckkan\u0131n \u00f6n\u00fcne park ettim. D\u00fckkanda \u00e7al\u0131\u015fmaya ba\u015flad\u0131m. \u00c7al\u0131\u015f\u0131rken kulland\u0131\u011f\u0131m \u015fapkam vard\u0131 araban\u0131n i\u00e7erisine f\u0131rlatt\u0131m, d\u00f6nd\u00fcm arkama bir bakt\u0131m araba gidiyor. Bende anlamad\u0131m nas\u0131l oldu\u011funu ko\u015ftum arabaya yeti\u015ftim bir kazaya sebebiyet vermeden nihayet \u00f6nledik ald\u0131k arabam\u0131z\u0131 sa\u011f salim&#8221; dedi.\u00a0<\/span><\/span><\/p>\n","protected":false},"excerpt":{"rendered":"<p>Mersin Tarsus il\u00e7esinde \u015fapkas\u0131n\u0131 arabas\u0131n\u0131n a\u00e7\u0131k cam\u0131ndan i\u00e7eri atan tamir ustas\u0131n\u0131n arabas\u0131 kayarak, geri geri gitti. Ko\u015farak arabas\u0131n\u0131 durduran tamirci \u015fa\u015fk\u0131nl\u0131k ya\u015fad\u0131. Edinilen bilgiye g\u00f6re, 82 Evler Mahallesi\u2019nde bulunan sanayi &hellip; <a href=\"https:\/\/akdenizolaygazetesi.com\/?p=1690\" class=\"more-link\">Devam\u0131n\u0131 Oku&#8230;<\/a><\/p>\n","protected":false},"author":1,"featured_media":0,"comment_status":"open","ping_status":"open","sticky":false,"template":"","format":"standard","meta":[],"categories":[],"tags":[],"_links":{"self":[{"href":"https:\/\/akdenizolaygazetesi.com\/index.php?rest_route=\/wp\/v2\/posts\/1690"}],"collection":[{"href":"https:\/\/akdenizolaygazetesi.com\/index.php?rest_route=\/wp\/v2\/posts"}],"about":[{"href":"https:\/\/akdenizolaygazetesi.com\/index.php?rest_route=\/wp\/v2\/types\/post"}],"author":[{"embeddable":true,"href":"https:\/\/akdenizolaygazetesi.com\/index.php?rest_route=\/wp\/v2\/users\/1"}],"replies":[{"embeddable":true,"href":"https:\/\/akdenizolaygazetesi.com\/index.php?rest_route=%2Fwp%2Fv2%2Fcomments&post=1690"}],"version-history":[{"count":0,"href":"https:\/\/akdenizolaygazetesi.com\/index.php?rest_route=\/wp\/v2\/posts\/1690\/revisions"}],"wp:attachment":[{"href":"https:\/\/akdenizolaygazetesi.com\/index.php?rest_route=%2Fwp%2Fv2%2Fmedia&parent=1690"}],"wp:term":[{"taxonomy":"category","embeddable":true,"href":"https:\/\/akdenizolaygazetesi.com\/index.php?rest_route=%2Fwp%2Fv2%2Fcategories&post=1690"},{"taxonomy":"post_tag","embeddable":true,"href":"https:\/\/akdenizolaygazetesi.com\/index.php?rest_route=%2Fwp%2Fv2%2Ftags&post=1690"}],"curies":[{"name":"wp","href":"https:\/\/api.w.org\/{rel}","templated":true}]}}