{"id":1691,"date":"2020-11-04T18:22:13","date_gmt":"2020-11-04T15:22:13","guid":{"rendered":"http:\/\/mersinekonomipolitikagazetesi.com\/?p=1691"},"modified":"2020-11-04T18:22:13","modified_gmt":"2020-11-04T15:22:13","slug":"mersinde-biber-cesitleri-tanitim-gunleri-fuari-acildi","status":"publish","type":"post","link":"https:\/\/akdenizolaygazetesi.com\/?p=1691","title":{"rendered":"Mersin&#8217;de &#8216;Biber \u00c7e\u015fitleri Tan\u0131t\u0131m G\u00fcnleri Fuar\u0131&#8217; a\u00e7\u0131ld\u0131"},"content":{"rendered":"<p>Akdeniz Belediyesi taraf\u0131ndan bu y\u0131l ilk kez d\u00fczenlenen \u2018B\u0130BEREXPO\/Biber \u00c7e\u015fitleri Tan\u0131t\u0131m G\u00fcnleri Fuar\u0131\u2019, \u00fcreticilerin de kat\u0131ld\u0131\u011f\u0131 t\u00f6renle a\u00e7\u0131ld\u0131. Fuarda, kat\u0131l\u0131mc\u0131lara biberli baklava ve dolmal\u0131k biber tatl\u0131s\u0131 ikram edildi.<\/p>\n<p><span style=\"font-size:16px;\"><span style=\"font-family: sans-serif; line-height: 20px; text-align: justify; background-color: rgb(242, 244, 245);\">Merkez Akdeniz il\u00e7esi Adanal\u0131o\u011flu Mahallesi Spor Tesisleri&#8217;ndeki &#8216;B\u0130BEREXPO Fuar\u0131\u2019n\u0131n a\u00e7\u0131l\u0131\u015f\u0131na, Valisi Ali \u0130hsan Su, B\u00fcy\u00fck\u015fehir Belediye Ba\u015fkan\u0131 Burhanettin Kocamaz, Akdeniz Belediye Ba\u015fkan\u0131 Muhittin Pamuk, milletvekili Hac\u0131 \u00d6zkan ve \u00fcreticiler ile \u00e7ok say\u0131da vatanda\u015f kat\u0131ld\u0131.\u00a0<\/span><br style=\"box-sizing: border-box; font-family: sans-serif; font-size: 14px; line-height: 20px; text-align: justify; background-color: rgb(242, 244, 245);\" \/><br \/>\n<span style=\"font-family: sans-serif; line-height: 20px; text-align: justify; background-color: rgb(242, 244, 245);\">T\u00f6rende konu\u015fan Vali Su, d\u00fcnyada yakla\u015f\u0131k 34 milyon ton biber \u00fcretiminin ger\u00e7ekle\u015ftirildi\u011fini ve \u00fcretim a\u00e7\u0131s\u0131ndan ilk s\u0131rada \u00c7in&#8217;in geldi\u011fini s\u00f6yledi. T\u00fcrkiye&#8217;nin de 2 milyon 600 bin tonun \u00fczerinde biber \u00fcretti\u011fini belirten Su, bu rakam\u0131n 300 bin tonun ise 50 bin d\u00f6n\u00fcm arazi \u00fczerinde Mersin&#8217;de \u00fcretildi\u011fini kaydetti. Bu konuda, Mersin&#8217;in \u00f6nemli bir il oldu\u011funu vurgulayan Su, kentte 25 bin d\u00f6n\u00fcm arazi ile en \u00e7ok biber \u00fcretilen b\u00f6lgenin Akdeniz il\u00e7esi oldu\u011funu aktard\u0131. Bu fuar\u0131n Akdeniz&#8217;de yap\u0131lmas\u0131n\u0131n \u00f6nemli oldu\u011fu ifade eden Su, &#8220;Biber \u00fcreticilerimizin yar\u0131s\u0131 Akdeniz il\u00e7emizde bulunuyor. Biber bir\u00e7ok alanda kullan\u0131lan bir \u00fcr\u00fcn. Bu fuar\u0131n, hem burada \u00fcreticilerle t\u00fcketicileri bir araya getirme bak\u0131m\u0131ndan \u00e7ok \u00f6nemli hem de yeni teknolojik geli\u015fmeleri, yeni \u00fcr\u00fcnleri ortaya koymada \u00f6nemli yeri vard\u0131r. Fuar ayn\u0131 zamanda, Akdeniz il\u00e7esinin ve biberin tan\u0131t\u0131m\u0131nda \u00f6nemli bir rol oynayacakt\u0131r&#8221; dedi.\u00a0<\/span><br style=\"box-sizing: border-box; font-family: sans-serif; font-size: 14px; line-height: 20px; text-align: justify; background-color: rgb(242, 244, 245);\" \/><br \/>\n<br style=\"box-sizing: border-box; font-family: sans-serif; font-size: 14px; line-height: 20px; text-align: justify; background-color: rgb(242, 244, 245);\" \/><br \/>\n<span style=\"font-family: sans-serif; line-height: 20px; text-align: justify; background-color: rgb(242, 244, 245);\">&#8220;Fuar b\u00f6lgeye hareket getirecek&#8221;\u00a0<\/span><br style=\"box-sizing: border-box; font-family: sans-serif; font-size: 14px; line-height: 20px; text-align: justify; background-color: rgb(242, 244, 245);\" \/><br \/>\n<span style=\"font-family: sans-serif; line-height: 20px; text-align: justify; background-color: rgb(242, 244, 245);\">Fuar\u0131n, b\u00f6lgeye hareket getirece\u011fini, b\u00f6lgenin \u00fcr\u00fcn\u00fcn en iyi \u015fekilde de\u011ferlendirilmesi i\u00e7in bir f\u0131rsat olaca\u011f\u0131n\u0131 kaydeden B\u00fcy\u00fck\u015fehir Belediye Ba\u015fkan\u0131 Kocamaz ise, &#8220;Bizleri k\u00fc\u00e7\u00fckken &#8216;a\u011fz\u0131na biber s\u00fcrerim&#8217; diyerek korkuturlard\u0131. Fakat \u015fimdi biberin insan sa\u011fl\u0131\u011f\u0131 i\u00e7in ne kadar \u00f6nemli noktaya geldi\u011fini g\u00f6r\u00fcyoruz. \u0130nsanlar art\u0131k hayvansal g\u0131dalara y\u00f6neliyor. Mide asidi tam olmazsa bu g\u0131dalar\u0131n sindirimi ger\u00e7ekle\u015femiyor. Mide asidini ise ac\u0131 ya da tatl\u0131 biberlerden kar\u015f\u0131lamal\u0131y\u0131z. Onun i\u00e7in bu fuar\u0131n burada ger\u00e7ekle\u015ftiriliyor olmas\u0131, \u00fcreticilerimizin \u00fcretti\u011fi \u00fcr\u00fcnlerin kar\u015f\u0131l\u0131\u011f\u0131n\u0131 bulmas\u0131 a\u00e7\u0131s\u0131ndan hem de yeti\u015fen \u00e7e\u015fitlerin g\u00f6r\u00fclmesi a\u00e7\u0131s\u0131ndan \u00e7ok \u00f6nemli&#8221; diye konu\u015ftu.\u00a0<\/span><br style=\"box-sizing: border-box; font-family: sans-serif; font-size: 14px; line-height: 20px; text-align: justify; background-color: rgb(242, 244, 245);\" \/><br \/>\n<br style=\"box-sizing: border-box; font-family: sans-serif; font-size: 14px; line-height: 20px; text-align: justify; background-color: rgb(242, 244, 245);\" \/><br \/>\n<span style=\"font-family: sans-serif; line-height: 20px; text-align: justify; background-color: rgb(242, 244, 245);\">&#8220;T\u00fcrkiye&#8217;nin y\u00fczde 7 biber \u00fcretimini Akdeniz kar\u015f\u0131l\u0131yor&#8221;\u00a0<\/span><br style=\"box-sizing: border-box; font-family: sans-serif; font-size: 14px; line-height: 20px; text-align: justify; background-color: rgb(242, 244, 245);\" \/><br \/>\n<span style=\"font-family: sans-serif; line-height: 20px; text-align: justify; background-color: rgb(242, 244, 245);\">Fuar\u0131 Akdenizli \u00fcreticilerle birlikte d\u00fczenlediklerini aktaran Akdeniz Belediye Ba\u015fkan\u0131 Muhuttin Pamuk, Mersin&#8217;in ye\u015fil biber \u00fcretiminde Antalya&#8217;dan sonra T\u00fcrkiye&#8217;de ikinci s\u0131rada yer ald\u0131\u011f\u0131n\u0131 s\u00f6yledi. Akdeniz il\u00e7esinin de ye\u015fil biber \u00fcretimininde \u00f6nemli bir yeri oldu\u011funu vurgulayan Pamuk, &#8220;\u0130l\u00e7emizde T\u00fcrkiye biber \u00fcretiminin y\u00fczde 7&#8217;si kar\u015f\u0131lan\u0131yor. \u00dcreticilerimiz, tan\u0131t\u0131m konusunda bizlere eksiklikler oldu\u011funu s\u00f6yledi. Bizde b\u00f6yle bir tan\u0131t\u0131m fuar\u0131 d\u00fczenledik. Etkinli\u011fimizin temel amac\u0131, bu \u00fcretim potansiyelimizi, \u00f6nce \u00c7ukurova sonrada t\u00fcm T\u00fcrkiye&#8217;ye tan\u0131tmak. Bunun yan\u0131 s\u0131ra biber \u00fcretimindeki geli\u015fmeleri t\u00fcketicilerle bulu\u015fturmak&#8221; \u015feklinde konu\u015ftu.\u00a0<\/span><br style=\"box-sizing: border-box; font-family: sans-serif; font-size: 14px; line-height: 20px; text-align: justify; background-color: rgb(242, 244, 245);\" \/><br \/>\n<span style=\"font-family: sans-serif; line-height: 20px; text-align: justify; background-color: rgb(242, 244, 245);\">Konu\u015fmalar\u0131n ard\u0131ndan a\u00e7\u0131l\u0131\u015f\u0131 ger\u00e7ekle\u015ftirilen fuarda, kat\u0131l\u0131mc\u0131lara biberli baklava ve dolmal\u0131k biber tatl\u0131s\u0131 ikram edildi. \u0130kram edilen biber tatl\u0131lar\u0131n\u0131 olduk\u00e7a be\u011fenen protokol \u00fcyeleri, stantlar\u0131 gezerek \u00fcreticilerle sohbet ettiler.\u00a0<\/span><br style=\"box-sizing: border-box; font-family: sans-serif; font-size: 14px; line-height: 20px; text-align: justify; background-color: rgb(242, 244, 245);\" \/><br \/>\n<span style=\"font-family: sans-serif; line-height: 20px; text-align: justify; background-color: rgb(242, 244, 245);\">Fuar\u0131n 7 Nisan tarihine kadar s\u00fcrece\u011fi bildirildi.\u00a0<\/span><\/span><\/p>\n","protected":false},"excerpt":{"rendered":"<p>Akdeniz Belediyesi taraf\u0131ndan bu y\u0131l ilk kez d\u00fczenlenen \u2018B\u0130BEREXPO\/Biber \u00c7e\u015fitleri Tan\u0131t\u0131m G\u00fcnleri Fuar\u0131\u2019, \u00fcreticilerin de kat\u0131ld\u0131\u011f\u0131 t\u00f6renle a\u00e7\u0131ld\u0131. Fuarda, kat\u0131l\u0131mc\u0131lara biberli baklava ve dolmal\u0131k biber tatl\u0131s\u0131 ikram edildi. Merkez Akdeniz &hellip; <a href=\"https:\/\/akdenizolaygazetesi.com\/?p=1691\" class=\"more-link\">Devam\u0131n\u0131 Oku&#8230;<\/a><\/p>\n","protected":false},"author":1,"featured_media":0,"comment_status":"open","ping_status":"open","sticky":false,"template":"","format":"standard","meta":[],"categories":[],"tags":[],"_links":{"self":[{"href":"https:\/\/akdenizolaygazetesi.com\/index.php?rest_route=\/wp\/v2\/posts\/1691"}],"collection":[{"href":"https:\/\/akdenizolaygazetesi.com\/index.php?rest_route=\/wp\/v2\/posts"}],"about":[{"href":"https:\/\/akdenizolaygazetesi.com\/index.php?rest_route=\/wp\/v2\/types\/post"}],"author":[{"embeddable":true,"href":"https:\/\/akdenizolaygazetesi.com\/index.php?rest_route=\/wp\/v2\/users\/1"}],"replies":[{"embeddable":true,"href":"https:\/\/akdenizolaygazetesi.com\/index.php?rest_route=%2Fwp%2Fv2%2Fcomments&post=1691"}],"version-history":[{"count":0,"href":"https:\/\/akdenizolaygazetesi.com\/index.php?rest_route=\/wp\/v2\/posts\/1691\/revisions"}],"wp:attachment":[{"href":"https:\/\/akdenizolaygazetesi.com\/index.php?rest_route=%2Fwp%2Fv2%2Fmedia&parent=1691"}],"wp:term":[{"taxonomy":"category","embeddable":true,"href":"https:\/\/akdenizolaygazetesi.com\/index.php?rest_route=%2Fwp%2Fv2%2Fcategories&post=1691"},{"taxonomy":"post_tag","embeddable":true,"href":"https:\/\/akdenizolaygazetesi.com\/index.php?rest_route=%2Fwp%2Fv2%2Ftags&post=1691"}],"curies":[{"name":"wp","href":"https:\/\/api.w.org\/{rel}","templated":true}]}}