{"id":1692,"date":"2020-11-04T18:22:13","date_gmt":"2020-11-04T15:22:13","guid":{"rendered":"http:\/\/mersinekonomipolitikagazetesi.com\/?p=1692"},"modified":"2020-11-04T18:22:13","modified_gmt":"2020-11-04T15:22:13","slug":"baskan-kocamaz-turkesi-anma-etkinliklerine-katildi","status":"publish","type":"post","link":"https:\/\/akdenizolaygazetesi.com\/?p=1692","title":{"rendered":"Ba\u015fkan Kocamaz, T\u00fcrke\u015f&#8217;i anma etkinliklerine kat\u0131ld\u0131"},"content":{"rendered":"<p>Mersin B\u00fcy\u00fck\u015fehir Belediye Ba\u015fkan\u0131 Burhanettin Kocamaz, vefat\u0131n\u0131n 21\u2019inci y\u0131l d\u00f6n\u00fcm\u00fcnde merhum Alparslan T\u00fcrke\u015f\u2019i kabri ba\u015f\u0131nda and\u0131.<\/p>\n<p><span style=\"font-size:16px;\"><span style=\"font-family: sans-serif; line-height: 20px; text-align: justify; background-color: rgb(242, 244, 245);\">T\u00fcrke\u015f, vefat\u0131n\u0131n 21\u2019inci y\u0131l\u0131nda kabri ba\u015f\u0131nda d\u00fczenlenen t\u00f6renle an\u0131ld\u0131. Mersin B\u00fcy\u00fck\u015fehir Belediye Ba\u015fkan\u0131 Burhanettin Kocamaz da merhum T\u00fcrke\u015f\u2019i anmak i\u00e7in Ankara\u2019daki t\u00f6rene kat\u0131ld\u0131. Kocamaz, T\u00fcrke\u015f\u2019in kabri ba\u015f\u0131nda dua ettikten sonra Kur\u2019an-\u0131 Kerin tilaveti ve ard\u0131ndan edilen duaya el a\u00e7t\u0131. Ba\u015fkan Kocamaz, anma t\u00f6reninin ard\u0131ndan MHP Lideri Devlet Bah\u00e7eli\u2019nin g\u00fcn\u00fcn \u00f6nemine binaen yapt\u0131\u011f\u0131 konu\u015fmay\u0131 dinlerken, vatanda\u015flarla hat\u0131ra foto\u011fraf\u0131 \u00e7ektirdikten sonra alandan ayr\u0131ld\u0131.\u00a0<\/span><br style=\"box-sizing: border-box; font-family: sans-serif; font-size: 14px; line-height: 20px; text-align: justify; background-color: rgb(242, 244, 245);\" \/><br \/>\n<span style=\"font-family: sans-serif; line-height: 20px; text-align: justify; background-color: rgb(242, 244, 245);\">Kocamaz, Ankara&#8217;daki temaslar\u0131 kapsam\u0131nda MHP&#8217;nin grup toplant\u0131s\u0131na kat\u0131ld\u0131. Grup toplant\u0131s\u0131nda \u00f6nemli mesajlar veren MHP Lideri Bah\u00e7eli\u2019yi dinleyen Kocamaz, toplant\u0131 sonras\u0131nda Genel Ba\u015fkan Devlet Bah\u00e7eli ile yapt\u0131\u011f\u0131 g\u00f6r\u00fc\u015fmede hay\u0131rl\u0131 olsun dileklerini iletti. MHP Mersin milletvekilleri Oktay \u00d6zt\u00fcrk ve Baki \u015eim\u015fek\u2019i T\u00fcrkiye B\u00fcy\u00fck Millet Meclisi\u2019nde ziyaret eden Ba\u015fkan Kocamaz, 18 Mart\u2019ta ger\u00e7ekle\u015fen b\u00fcy\u00fck kurultay sonras\u0131 yeni Merkez Y\u00fcr\u00fctme Kurulunda g\u00f6reve ba\u015flayan idarecileri ziyaret ederek hay\u0131rl\u0131 olsun temennisinde bulundu.\u00a0<\/span><\/span><\/p>\n","protected":false},"excerpt":{"rendered":"<p>Mersin B\u00fcy\u00fck\u015fehir Belediye Ba\u015fkan\u0131 Burhanettin Kocamaz, vefat\u0131n\u0131n 21\u2019inci y\u0131l d\u00f6n\u00fcm\u00fcnde merhum Alparslan T\u00fcrke\u015f\u2019i kabri ba\u015f\u0131nda and\u0131. T\u00fcrke\u015f, vefat\u0131n\u0131n 21\u2019inci y\u0131l\u0131nda kabri ba\u015f\u0131nda d\u00fczenlenen t\u00f6renle an\u0131ld\u0131. Mersin B\u00fcy\u00fck\u015fehir Belediye Ba\u015fkan\u0131 Burhanettin &hellip; <a href=\"https:\/\/akdenizolaygazetesi.com\/?p=1692\" class=\"more-link\">Devam\u0131n\u0131 Oku&#8230;<\/a><\/p>\n","protected":false},"author":1,"featured_media":0,"comment_status":"open","ping_status":"open","sticky":false,"template":"","format":"standard","meta":[],"categories":[],"tags":[],"_links":{"self":[{"href":"https:\/\/akdenizolaygazetesi.com\/index.php?rest_route=\/wp\/v2\/posts\/1692"}],"collection":[{"href":"https:\/\/akdenizolaygazetesi.com\/index.php?rest_route=\/wp\/v2\/posts"}],"about":[{"href":"https:\/\/akdenizolaygazetesi.com\/index.php?rest_route=\/wp\/v2\/types\/post"}],"author":[{"embeddable":true,"href":"https:\/\/akdenizolaygazetesi.com\/index.php?rest_route=\/wp\/v2\/users\/1"}],"replies":[{"embeddable":true,"href":"https:\/\/akdenizolaygazetesi.com\/index.php?rest_route=%2Fwp%2Fv2%2Fcomments&post=1692"}],"version-history":[{"count":0,"href":"https:\/\/akdenizolaygazetesi.com\/index.php?rest_route=\/wp\/v2\/posts\/1692\/revisions"}],"wp:attachment":[{"href":"https:\/\/akdenizolaygazetesi.com\/index.php?rest_route=%2Fwp%2Fv2%2Fmedia&parent=1692"}],"wp:term":[{"taxonomy":"category","embeddable":true,"href":"https:\/\/akdenizolaygazetesi.com\/index.php?rest_route=%2Fwp%2Fv2%2Fcategories&post=1692"},{"taxonomy":"post_tag","embeddable":true,"href":"https:\/\/akdenizolaygazetesi.com\/index.php?rest_route=%2Fwp%2Fv2%2Ftags&post=1692"}],"curies":[{"name":"wp","href":"https:\/\/api.w.org\/{rel}","templated":true}]}}