{"id":1693,"date":"2020-11-04T18:22:13","date_gmt":"2020-11-04T15:22:13","guid":{"rendered":"http:\/\/mersinekonomipolitikagazetesi.com\/?p=1693"},"modified":"2020-11-04T18:22:13","modified_gmt":"2020-11-04T15:22:13","slug":"cumhuriyet-tarihinin-en-onemli-ve-en-buyuk-projesi","status":"publish","type":"post","link":"https:\/\/akdenizolaygazetesi.com\/?p=1693","title":{"rendered":"Cumhuriyet tarihinin en \u00f6nemli ve en b\u00fcy\u00fck projesi"},"content":{"rendered":"<p>Ba\u015fbakan Yard\u0131mc\u0131s\u0131 Bekir Bozda\u011f, &#8220;YPG\/PYD ter\u00f6r \u00f6rg\u00fctleri Afrin&#8217;den nas\u0131l temizlendiyse, \u015fimdi Tel R\u0131fat\u2019tan temizlenecek, ki orada da sona do\u011fru yakla\u015f\u0131ld\u0131. Yak\u0131nda Tel R\u0131fat\u2019ta da istedi\u011fimiz neticeyi elde edece\u011fiz. Arkas\u0131ndan Menbi\u00e7, arkas\u0131ndan F\u0131rat&#8217;\u0131n do\u011fusu&#8221; dedi.<\/p>\n<p><span style=\"font-size:16px;\"><span style=\"font-family: sans-serif; line-height: 20px; text-align: justify; background-color: rgb(242, 244, 245);\">Ba\u015fbakan Yard\u0131mc\u0131s\u0131 ve H\u00fck\u00fcmet S\u00f6zc\u00fcs\u00fc Bekir Bozda\u011f, g\u00fcndeme ili\u015fkin a\u00e7\u0131klamalarda bulundu. Rusya Devlet Ba\u015fkan\u0131 Putin ile Cumhurba\u015fkan\u0131 Erdo\u011fan&#8217;\u0131n T\u00fcrkiye&#8217;nin ilk n\u00fckleer g\u00fc\u00e7 santrali olan Mersin Akkuyu N\u00fckleer Santrali&#8217;nin temelini atmalar\u0131n\u0131n ve son geli\u015fmelerin \u00f6nemine de\u011finen Bozda\u011f, &#8220;Bu Cumhuriyet tarihinin en \u00f6nemli ve en b\u00fcy\u00fck projelerinin ba\u015f\u0131nda geliyor. Yani yakla\u015f\u0131k yar\u0131m as\u0131rl\u0131k bir r\u00fcyan\u0131n ger\u00e7e\u011fe d\u00f6n\u00fc\u015fmesidir. Cumhurba\u015fkan\u0131m\u0131z\u0131n liderli\u011fi, Putin&#8217;in deste\u011fi ve h\u00fck\u00fcmetimizin, Enerji Bakan\u0131m\u0131z\u0131n gayretleri ve \u00e7abalar\u0131yla T\u00fcrkiye bir tarihe imza att\u0131, yeni bir T\u00fcrkiye a\u00e7\u0131s\u0131ndan d\u00f6nemi ba\u015flatt\u0131. N\u00fckleer enerji d\u00f6nemini ba\u015flatt\u0131. Tabii bu yeni teknolojiler, yeni g\u00fc\u00e7 kaynaklar\u0131, yeni enerjiler demektir ve \u00fclkemizin \u00f6n\u00fcn\u00fc a\u00e7acakt\u0131r. Bu T\u00fcrkiye a\u00e7\u0131s\u0131ndan tarihi bir d\u00f6n\u00fcm noktas\u0131d\u0131r. Di\u011fer yandan T\u00fcrkiye&#8217;de yap\u0131lan zirvede de Putin, Ruhani ve Cumhurba\u015fkan\u0131m\u0131z, T\u00fcrkiye&#8217;nin hem b\u00f6lgesel hem de k\u00fcresel g\u00fc\u00e7l\u00fc bir akt\u00f6r oldu\u011funun somut g\u00f6stergesi olmu\u015ftur. B\u00f6lgede ya\u015fanan sorunlara AB, ABD ve ba\u015fka \u00fclkeler m\u00fcdahil olurken, bu b\u00f6lgenin en uzun s\u0131n\u0131ra sahip kom\u015fusu T\u00fcrkiye ile ve yak\u0131nda olan \u0130ran ve Rusya\u2019yla bu b\u00f6lgede ya\u015fanan sorunlar\u0131n \u00e7\u00f6z\u00fcm\u00fcne katk\u0131 sunmak bak\u0131m\u0131ndan son derece \u00f6nemli. Bildi\u011finiz gibi daha \u00f6nce Astana s\u00fcreci vard\u0131, So\u00e7i vard\u0131. \u015eimdi bu So\u00e7i&#8217;nin devam\u0131 T\u00fcrkiye&#8217;de ve \u0130ran&#8217;da da bunun devam\u0131 olacak. Bunlar Suriye&#8217;de ya\u015fanan \u00e7at\u0131\u015fmalara, dramlara \u00e7\u00f6z\u00fcm bulma bak\u0131m\u0131ndan son derece \u00f6nemli sonu\u00e7lar ortaya koydu. Bildi\u011finiz gibi Suriye&#8217;de \u00e7at\u0131\u015fmalar eskisi kadar yo\u011funlukta de\u011fil. Gene var ama eskisi kadar de\u011fil. O bu i\u015fbirli\u011finin ortaya koydu\u011fu bir sonu\u00e7tur. Tabii siyasi \u00e7\u00f6z\u00fcm\u00fc de h\u0131zland\u0131racakt\u0131r bu i\u015fbirli\u011fi. \u00c7\u00fcnk\u00fc sonu\u00e7ta hepimiz biliyoruz ki Suriye&#8217;de sadece askeri y\u00f6ntemlerle \u00e7\u00f6z\u00fcm ortaya koyman\u0131n imkan\u0131 yok. E\u011fer \u00f6yle olsayd\u0131 bug\u00fcne kadar olurdu. Bu g\u00f6r\u00fc\u015fmeler Cenevre s\u00fcrecine de yeni bir ivme kazand\u0131racak. Uzaktan bak\u0131p geli\u015fmelere m\u00fcdahale etmesi gereken, etmeyenlerin de bu i\u015fe m\u00fcdahil olmalar\u0131n\u0131 ortaya koyacakt\u0131r. Ama bu g\u00f6r\u00fc\u015fmenin sonras\u0131nda yay\u0131nlanan bildirge baz\u0131 \u015feyleri \u00e7ok net olarak ortaya koydu. Bu T\u00fcrkiye&#8217;nin de, Rusya&#8217;n\u0131n da, \u0130ran&#8217;\u0131n da esas\u0131nda yeni d\u00f6nemdeki yol haritas\u0131n\u0131 da ortaya koydu. Bir defa Suriye&#8217;yi b\u00f6lme hayali g\u00fcdenler, orada kendi kafalar\u0131na g\u00f6re farkl\u0131 idari yap\u0131lar olu\u015fturmak isteyenlere ve Suriye&#8217;de ameliyat yapmak isteyenlere kar\u015f\u0131 \u00e7ok net bir duru\u015f ortaya kondu&#8221; \u015feklinde konu\u015ftu.\u00a0<\/span><br style=\"box-sizing: border-box; font-family: sans-serif; font-size: 14px; line-height: 20px; text-align: justify; background-color: rgb(242, 244, 245);\" \/><br \/>\n<br style=\"box-sizing: border-box; font-family: sans-serif; font-size: 14px; line-height: 20px; text-align: justify; background-color: rgb(242, 244, 245);\" \/><br \/>\n<span style=\"font-family: sans-serif; line-height: 20px; text-align: justify; background-color: rgb(242, 244, 245);\">&#8220;Suriye&#8217;de mezhep esasl\u0131 de\u011fi\u015fime izin vermeyiz&#8221;\u00a0<\/span><br style=\"box-sizing: border-box; font-family: sans-serif; font-size: 14px; line-height: 20px; text-align: justify; background-color: rgb(242, 244, 245);\" \/><br \/>\n<span style=\"font-family: sans-serif; line-height: 20px; text-align: justify; background-color: rgb(242, 244, 245);\">Suriye&#8217;nin topraklar\u0131n\u0131n b\u00f6l\u00fcnmesine izin vermeyeceklerinin alt\u0131n\u0131 \u00e7izen Bozda\u011f, &#8220;Suriye&#8217;de mezhep esasl\u0131 bir de\u011fi\u015fime gidilmesine biz izin vermeyiz. Egemenli\u011finin b\u00f6l\u00fcnmesine de r\u0131za g\u00f6stermeyiz. Bu son derece \u00f6nemli. Ayn\u0131 zamanda T\u00fcrkiye&#8217;nin bug\u00fcne kadar savunageldi\u011fi tezin her \u00fc\u00e7 \u00fclke taraf\u0131ndan da, her iki \u00fclke taraf\u0131ndan da benimsendi\u011fini g\u00f6steriyor. Biz de toprak b\u00fct\u00fcnl\u00fc\u011f\u00fcnden yanay\u0131z ve biz de egemenli\u011fin, birli\u011fin korunmas\u0131 ve mezhep esasl\u0131 veya mezheplere g\u00f6re bir par\u00e7alanman\u0131n, yap\u0131lanman\u0131n \u00f6n\u00fcne ge\u00e7ilmesi, T\u00fcrkiye&#8217;nin de savundu\u011fu tezdir. Bu tez uluslararas\u0131 kabul g\u00f6rm\u00fc\u015ft\u00fcr. Bundan sonra da burada bir ameliyat yap\u0131lmas\u0131n\u0131n imkan\u0131 yoktur. Bu ter\u00f6r \u00f6rg\u00fct\u00fc, PYD\/YPG\/PKK\/KCK ter\u00f6r \u00f6rg\u00fct\u00fcn\u00fcn amac\u0131 burada bir ter\u00f6r koridoru olu\u015fturmak. Sonra bu koridoru ter\u00f6r devletine d\u00f6nd\u00fcrmek. Ve buna destek veren \u00fclkeleri de hepimiz biliyoruz. Bunu partner kabul eden \u00fclkeler burada esas\u0131nda tam da bu \u00f6rg\u00fctlerin istedi\u011fi gibi bir yap\u0131lanman\u0131n pe\u015finde oldu\u011funu g\u00f6r\u00fcyoruz. Bir defa bu toprak b\u00fct\u00fcnl\u00fc\u011f\u00fcn\u00fc koruma, birli\u011fi ve egemenli\u011fi koruma konusu bu anlamda. Mezheplere g\u00f6re \u00f6nemli, b\u00f6l\u00fcnmeyi de, ayr\u0131\u015fmay\u0131 da, yap\u0131lanmay\u0131 da \u00f6nleme konusunu da bu anlamda Suriye&#8217;nin bug\u00fcnk\u00fc birli\u011fini, b\u00fct\u00fcnl\u00fc\u011f\u00fcn\u00fc, toprak b\u00fct\u00fcnl\u00fc\u011f\u00fcn\u00fc ve egemenli\u011fini koruma anlam\u0131nda tarihi bir ad\u0131md\u0131r. Ama burada bir \u015fey daha var. Hem DEA\u015e, hem El Nusra, hem PYD, hem YPG ve bunlarla ba\u011flant\u0131l\u0131 ter\u00f6r \u00f6rg\u00fctleriyle m\u00fccadele konusunda da bir kararl\u0131l\u0131k var. T\u00fcrkiye, T\u00fcrkiye&#8217;yi tehdit eden, b\u00f6lgeyi tehdit eden, kana bulayan ter\u00f6r \u00f6rg\u00fctleri b\u00f6lgeden temizlenene kadar m\u00fccadelesine devam edecektir. YPG\/PYD ter\u00f6r \u00f6rg\u00fctleri, Afrin&#8217;den nas\u0131l temizlendiyse \u015fimdi Tel R\u0131fat\u2019tan temizlenecek, ki orada da sona do\u011fru yakla\u015f\u0131ld\u0131. \u0130n\u015fallah yak\u0131nda Tel R\u0131fat\u2019ta da istedi\u011fimiz neticeyi elde edece\u011fiz. Arkas\u0131ndan Menbi\u00e7, arkas\u0131ndan F\u0131rat&#8217;\u0131n do\u011fusu. Son Milli G\u00fcvenlik Kurulunda da biz bunu ifade ettik. E\u011fer Menbi\u00e7&#8217;te ABD&#8217;li yetkililer aram\u0131zdaki g\u00f6r\u00fc\u015fmelerde bize verdikleri s\u00f6zlerin gere\u011fini yerine getirmezlerse T\u00fcrkiye&#8217;nin tutumu \u00e7ok nettir&#8221; dedi.\u00a0<\/span><br style=\"box-sizing: border-box; font-family: sans-serif; font-size: 14px; line-height: 20px; text-align: justify; background-color: rgb(242, 244, 245);\" \/><br \/>\n<br style=\"box-sizing: border-box; font-family: sans-serif; font-size: 14px; line-height: 20px; text-align: justify; background-color: rgb(242, 244, 245);\" \/><br \/>\n<span style=\"font-family: sans-serif; line-height: 20px; text-align: justify; background-color: rgb(242, 244, 245);\">&#8220;Rusya&#8217;n\u0131n ter\u00f6rle m\u00fccadelemize verdi\u011fi destek ortadad\u0131r&#8221;\u00a0<\/span><br style=\"box-sizing: border-box; font-family: sans-serif; font-size: 14px; line-height: 20px; text-align: justify; background-color: rgb(242, 244, 245);\" \/><br \/>\n<span style=\"font-family: sans-serif; line-height: 20px; text-align: justify; background-color: rgb(242, 244, 245);\">Bug\u00fcne kadar Rusya&#8217;n\u0131n T\u00fcrkiye&#8217;nin ter\u00f6rle m\u00fccadelesine verdi\u011fi deste\u011fin a\u015fikar oldu\u011funu dile getiren Bozda\u011f, &#8220;Bu destek, iradeyi g\u00f6steriyor. Onun i\u00e7in bu b\u00f6lgeden de temizlenecekler. Ve di\u011fer b\u00f6lgelerde de biz istiyoruz ki ABD ile anla\u015farak hem Menbi\u00e7&#8217;te hem de F\u0131rat&#8217;\u0131n do\u011fusunda ad\u0131mlar\u0131 atal\u0131m. Sincar\u2019da benzer ad\u0131mlar\u0131 atal\u0131m. Biz \u015fimdi Sincar\u2019da Irak Merkezi H\u00fck\u00fcmeti ile g\u00f6r\u00fc\u015ft\u00fck ve onlar; biz buralarda gerekli ad\u0131mlar\u0131 ataca\u011f\u0131z. Nitekim Irak ordusu oralara girdi. Ama biz arazideki hareketlili\u011fi takip ediyoruz. Ter\u00f6r \u00f6rg\u00fct\u00fcn\u00fcn at de\u011fi\u015ftirerek, k\u0131yafet de\u011fi\u015ftirerek, \u00fcniforma de\u011fi\u015ftirerek, ba\u015fka ba\u015fka k\u0131l\u0131klara girerek b\u00f6lgede varl\u0131\u011f\u0131n\u0131 devam ettirmesine de biz kar\u015f\u0131y\u0131z. Biz ger\u00e7ekten Sincar\u2019da ve di\u011fer yerlerden ter\u00f6r \u00f6rg\u00fct\u00fcn\u00fcn ve ter\u00f6ristlerinin temizlenmesini istiyoruz. Bunlar yap\u0131ld\u0131\u011f\u0131 zaman bizim i\u00e7in sorun yok. E\u011fer yap\u0131lmazsa T\u00fcrkiye buralar\u0131 temizleyecek g\u00fcce ve kudrete sahiptir. Mecbur kald\u0131\u011f\u0131nda Afrin\u2019de nas\u0131l yapt\u0131ysa, F\u0131rat Kalkan\u0131 Harekat\u0131&#8217;yla nas\u0131l yapt\u0131ysa Menbi\u00e7\u2019te de, F\u0131rat&#8217;\u0131n do\u011fusunda da, Sincar&#8217;da da ayn\u0131s\u0131n\u0131 yapma kudretine T\u00fcrkiye bug\u00fcn hamdolsun sahiptir. D\u00fcnk\u00fc zirvede b\u00f6lgenin ter\u00f6rden ve ter\u00f6ristlerden ar\u0131nd\u0131r\u0131lmas\u0131 konusunda bu anlamda da bir iradeyi yans\u0131t\u0131yor&#8221; ifadelerini kulland\u0131.\u00a0<\/span><br style=\"box-sizing: border-box; font-family: sans-serif; font-size: 14px; line-height: 20px; text-align: justify; background-color: rgb(242, 244, 245);\" \/><br \/>\n<br style=\"box-sizing: border-box; font-family: sans-serif; font-size: 14px; line-height: 20px; text-align: justify; background-color: rgb(242, 244, 245);\" \/><br \/>\n<span style=\"font-family: sans-serif; line-height: 20px; text-align: justify; background-color: rgb(242, 244, 245);\">&#8220;ABD\u2019nin kafas\u0131 kar\u0131\u015f\u0131k&#8221;\u00a0<\/span><br style=\"box-sizing: border-box; font-family: sans-serif; font-size: 14px; line-height: 20px; text-align: justify; background-color: rgb(242, 244, 245);\" \/><br \/>\n<span style=\"font-family: sans-serif; line-height: 20px; text-align: justify; background-color: rgb(242, 244, 245);\">ABD&#8217;de bir kafa kar\u0131\u015f\u0131kl\u0131\u011f\u0131 oldu\u011funu s\u00f6yleyen Bozda\u011f, ABD Ba\u015fkan\u0131 Trump&#8217;\u0131n yapt\u0131\u011f\u0131 bir a\u00e7\u0131klaman\u0131n sonras\u0131nda farkl\u0131 bir noktaya d\u00f6nd\u00fc\u011f\u00fcn\u00fc aktard\u0131. S\u00f6zc\u00fclerden ayr\u0131, CENTCOM\u2019dan ayr\u0131, Pentagon&#8217;dan ayr\u0131 a\u00e7\u0131klama geldi\u011fini an\u0131msatan Bozda\u011f, &#8220;Amerika&#8217;da Suriye konusunda bir kafa kar\u0131\u015f\u0131kl\u0131\u011f\u0131 var. Bu kafa kar\u0131\u015f\u0131kl\u0131\u011f\u0131 nedeniyle de ad\u0131m atmakta zorland\u0131\u011f\u0131 \u00e7ok a\u00e7\u0131k. T\u00fcrkiye bu noktada biraz \u015ferbetli. Neden \u015ferbetli? \u00c7\u00fcnk\u00fc Amerika, Suriye&#8217;de ya\u015fanan hadiselerle ilgili T\u00fcrkiye&#8217;ye bug\u00fcne kadar pek \u00e7ok s\u00f6z s\u00f6yledi; \u015f\u00f6yle yapaca\u011f\u0131z, b\u00f6yle yapaca\u011f\u0131z. Ama bug\u00fcne kadar bu s\u00f6zlerin hi\u00e7birisini maalesef tutmad\u0131. O nedenle biz bu a\u00e7\u0131klamalar\u0131 dikkate al\u0131yoruz, \u00f6nemsiyoruz. Suriye&#8217;den \u00e7ekilme a\u00e7\u0131klamas\u0131n\u0131. Ama bunun arazideki yans\u0131mas\u0131n\u0131 da g\u00f6rmek istiyoruz. S\u00f6z\u00fcn do\u011frulu\u011funu, arazideki hareketlili\u011fi g\u00f6rd\u00fc\u011f\u00fcm\u00fczde anlam\u0131\u015f olaca\u011f\u0131z. Aksi takdirde \u00f6nceki s\u00f6zler gibi bir s\u00f6z olabilir, ki nitekim daha sonraki a\u00e7\u0131klamada, &#8216;Suudi Arabistan bizim kalmam\u0131z\u0131 istiyorsa paras\u0131n\u0131 verir, biz orada kal\u0131r\u0131z.&#8217; Yani biz paraya bakar\u0131z, para olursa kal\u0131r\u0131z gibi. Onlar da paras\u0131n\u0131 verebilirler, &#8216;Biz orada kal\u0131r\u0131z.&#8217; \u015eimdi orada ba\u015fka bir hesap var. Belki birilerinden para alma hesab\u0131 olabilir, ba\u015fka \u015feyler olabilir. Amerika&#8217;n\u0131n hesab\u0131 ne olursa olsun, o kendi devlet olarak yapabilir onu. Bizim ona diyece\u011fimiz yok. Ama bizim diyece\u011fimiz \u015fey b\u00f6lgede T\u00fcrkiye&#8217;ye verilen s\u00f6zlerin tutulmas\u0131d\u0131r. Biz o y\u00fczden bundan sonra hep arazideki at\u0131lacak ad\u0131mlara bak\u0131yoruz. S\u00f6z \u00f6nemli ama uygulamas\u0131 s\u00f6zden daha \u00f6nemli bizim i\u00e7in&#8221; de\u011ferlendirmesinde bulundu.\u00a0<\/span><\/span><\/p>\n","protected":false},"excerpt":{"rendered":"<p>Ba\u015fbakan Yard\u0131mc\u0131s\u0131 Bekir Bozda\u011f, &#8220;YPG\/PYD ter\u00f6r \u00f6rg\u00fctleri Afrin&#8217;den nas\u0131l temizlendiyse, \u015fimdi Tel R\u0131fat\u2019tan temizlenecek, ki orada da sona do\u011fru yakla\u015f\u0131ld\u0131. Yak\u0131nda Tel R\u0131fat\u2019ta da istedi\u011fimiz neticeyi elde edece\u011fiz. Arkas\u0131ndan Menbi\u00e7, &hellip; <a href=\"https:\/\/akdenizolaygazetesi.com\/?p=1693\" class=\"more-link\">Devam\u0131n\u0131 Oku&#8230;<\/a><\/p>\n","protected":false},"author":1,"featured_media":0,"comment_status":"open","ping_status":"open","sticky":false,"template":"","format":"standard","meta":[],"categories":[],"tags":[],"_links":{"self":[{"href":"https:\/\/akdenizolaygazetesi.com\/index.php?rest_route=\/wp\/v2\/posts\/1693"}],"collection":[{"href":"https:\/\/akdenizolaygazetesi.com\/index.php?rest_route=\/wp\/v2\/posts"}],"about":[{"href":"https:\/\/akdenizolaygazetesi.com\/index.php?rest_route=\/wp\/v2\/types\/post"}],"author":[{"embeddable":true,"href":"https:\/\/akdenizolaygazetesi.com\/index.php?rest_route=\/wp\/v2\/users\/1"}],"replies":[{"embeddable":true,"href":"https:\/\/akdenizolaygazetesi.com\/index.php?rest_route=%2Fwp%2Fv2%2Fcomments&post=1693"}],"version-history":[{"count":0,"href":"https:\/\/akdenizolaygazetesi.com\/index.php?rest_route=\/wp\/v2\/posts\/1693\/revisions"}],"wp:attachment":[{"href":"https:\/\/akdenizolaygazetesi.com\/index.php?rest_route=%2Fwp%2Fv2%2Fmedia&parent=1693"}],"wp:term":[{"taxonomy":"category","embeddable":true,"href":"https:\/\/akdenizolaygazetesi.com\/index.php?rest_route=%2Fwp%2Fv2%2Fcategories&post=1693"},{"taxonomy":"post_tag","embeddable":true,"href":"https:\/\/akdenizolaygazetesi.com\/index.php?rest_route=%2Fwp%2Fv2%2Ftags&post=1693"}],"curies":[{"name":"wp","href":"https:\/\/api.w.org\/{rel}","templated":true}]}}