{"id":1695,"date":"2020-11-04T18:22:13","date_gmt":"2020-11-04T15:22:13","guid":{"rendered":"http:\/\/mersinekonomipolitikagazetesi.com\/?p=1695"},"modified":"2020-11-04T18:22:13","modified_gmt":"2020-11-04T15:22:13","slug":"dere-yatagi-utanc-verici","status":"publish","type":"post","link":"https:\/\/akdenizolaygazetesi.com\/?p=1695","title":{"rendered":"DERE YATA\u011eI UTAN\u00c7 VER\u0130C\u0130!"},"content":{"rendered":"<p>G\u00fcndo\u011fdu mahallesinde bulunan dere yata\u011f\u0131n\u0131n sorunu hala \u00e7\u00f6z\u00fclmedi. \u00d6nceki g\u00fcnlerde g\u00f6rme engelli bir vatanda\u015f d\u00fc\u015fm\u00fc\u015ft\u00fc, \u015fimdi ise bir motosiklet dereye d\u00fc\u015ft\u00fc.<\/p>\n<blockquote type=\"cite\">\n<div dir=\"ltr\">\n<p><span style=\"font-size:16px;\">G\u00fcndo\u011fdu mahallesi 141. Cadde\u2019de yer alan dere yata\u011f\u0131n\u0131n kenar\u0131na hala \u00f6nlem al\u0131nmamas\u0131na, \u00f6nceki g\u00fcnlerde g\u00f6rme engelli bir vatanda\u015f\u0131n dereye d\u00fc\u015ferek yaralanmas\u0131na halk tepkilerini belirtti. Tepkileri \u00f6nemsemeyen yetkililere ise son isyan dere yata\u011f\u0131na bu seferde bir motosikletin d\u00fc\u015fmesi oldu.<\/span><\/p>\n<p><span style=\"font-size:16px;\">Daha \u00f6nceden de mahalleli derenin \u0131slah\u0131 i\u00e7in tepkilerini dile getirmi\u015fti.<\/span><\/p>\n<p><span style=\"font-size:16px;\">Yetkililerin vatanda\u015f i\u00e7in tehlike arz eden sorunlara el atmad\u0131\u011f\u0131 belirtiliyor. Dere yata\u011f\u0131 yak\u0131n\u0131nda ya\u015fayan vatanda\u015f, mahalle i\u00e7in dere k\u00f6t\u00fc bir izlenim verdi\u011fi, bunun yan\u0131 s\u0131ra i\u00e7inde bulunan \u00e7\u00f6plerden dolay\u0131 dereden k\u00f6t\u00fc kokular geldi\u011fi kaydedildi.<\/span><\/p>\n<p>\u00a0<\/p>\n<p><span style=\"font-size:16px;\">Vatanda\u015f\u00a0\u201cBelediyeler bunu g\u00f6rm\u00fcyorlar m\u0131?, Vatanda\u015f\u0131 hi\u00e7 \u00f6nemsemiyorlar m\u0131?, Hani bizler i\u00e7in \u00e7al\u0131\u015f\u0131lm\u0131yor muydu?\u201d diyerek sorular\u0131 dile getiriyor.<\/span><\/p>\n<\/div>\n<\/blockquote>\n","protected":false},"excerpt":{"rendered":"<p>G\u00fcndo\u011fdu mahallesinde bulunan dere yata\u011f\u0131n\u0131n sorunu hala \u00e7\u00f6z\u00fclmedi. \u00d6nceki g\u00fcnlerde g\u00f6rme engelli bir vatanda\u015f d\u00fc\u015fm\u00fc\u015ft\u00fc, \u015fimdi ise bir motosiklet dereye d\u00fc\u015ft\u00fc. G\u00fcndo\u011fdu mahallesi 141. Cadde\u2019de yer alan dere yata\u011f\u0131n\u0131n kenar\u0131na &hellip; <a href=\"https:\/\/akdenizolaygazetesi.com\/?p=1695\" class=\"more-link\">Devam\u0131n\u0131 Oku&#8230;<\/a><\/p>\n","protected":false},"author":1,"featured_media":0,"comment_status":"open","ping_status":"open","sticky":false,"template":"","format":"standard","meta":[],"categories":[],"tags":[],"_links":{"self":[{"href":"https:\/\/akdenizolaygazetesi.com\/index.php?rest_route=\/wp\/v2\/posts\/1695"}],"collection":[{"href":"https:\/\/akdenizolaygazetesi.com\/index.php?rest_route=\/wp\/v2\/posts"}],"about":[{"href":"https:\/\/akdenizolaygazetesi.com\/index.php?rest_route=\/wp\/v2\/types\/post"}],"author":[{"embeddable":true,"href":"https:\/\/akdenizolaygazetesi.com\/index.php?rest_route=\/wp\/v2\/users\/1"}],"replies":[{"embeddable":true,"href":"https:\/\/akdenizolaygazetesi.com\/index.php?rest_route=%2Fwp%2Fv2%2Fcomments&post=1695"}],"version-history":[{"count":0,"href":"https:\/\/akdenizolaygazetesi.com\/index.php?rest_route=\/wp\/v2\/posts\/1695\/revisions"}],"wp:attachment":[{"href":"https:\/\/akdenizolaygazetesi.com\/index.php?rest_route=%2Fwp%2Fv2%2Fmedia&parent=1695"}],"wp:term":[{"taxonomy":"category","embeddable":true,"href":"https:\/\/akdenizolaygazetesi.com\/index.php?rest_route=%2Fwp%2Fv2%2Fcategories&post=1695"},{"taxonomy":"post_tag","embeddable":true,"href":"https:\/\/akdenizolaygazetesi.com\/index.php?rest_route=%2Fwp%2Fv2%2Ftags&post=1695"}],"curies":[{"name":"wp","href":"https:\/\/api.w.org\/{rel}","templated":true}]}}