{"id":1696,"date":"2020-11-04T18:22:13","date_gmt":"2020-11-04T15:22:13","guid":{"rendered":"http:\/\/mersinekonomipolitikagazetesi.com\/?p=1696"},"modified":"2020-11-04T18:22:13","modified_gmt":"2020-11-04T15:22:13","slug":"tehlikeli-okul-yolu","status":"publish","type":"post","link":"https:\/\/akdenizolaygazetesi.com\/?p=1696","title":{"rendered":"TEHL\u0130KEL\u0130 OKUL YOLU..!"},"content":{"rendered":"<p>Mersin\u2019in Tece\u2019nin \u00e7\u0131k\u0131\u015f\u0131nda yer alan \u00c7ekok fabrikas\u0131 \u00f6n\u00fcndeki Cumhuriyet ilkokulu  yolunda olu\u015fan \u00e7ukur velileri tedirgin etti.<\/p>\n<div>\n<div>\n<div>\n<div>\n<div>\n<div>\n<div>\n<div>\n<div>\n<div>\n<div>\n<div id=\":4\">\n<div id=\":2\">\n<div>\n<div role=\"main\">\n<table cellpadding=\"0\" role=\"presentation\" style=\"width:1675px;\">\n<tbody>\n<tr>\n<td>\n<div>\n<div>\n<div>\n<div role=\"list\">\n<div role=\"listitem\" style=\"clear:both;\" tabindex=\"-1\">\n<div>\n<div>\n<div id=\":1ki\">\n<div data-legacy-message-id=\"16299ee92f03036e\" data-message-id=\"16299ee92f03036e\">\n<div style=\"margin-left:44px;\">\n<div id=\":1j3\">\n<div id=\":1kk\">\n<div dir=\"auto\">\n<blockquote type=\"cite\">\n<div dir=\"ltr\">\n<p><span style=\"font-size:16px;\">\u00d6ncelik olarak e\u011fitim yollar\u0131n\u0131n iyile\u015ftirilmesi gerekirken Mersin\u2019in Tece\u2019nin \u00e7\u0131k\u0131\u015f\u0131nda bulunan \u00c7ekok fabrikas\u0131 \u00f6n\u00fcndeki okul yolunda olu\u015fan \u00e7ukuru g\u00f6ren veliler \u015foke oldu.<\/span><\/p>\n<p>\u00a0<\/p>\n<p><span style=\"font-size:16px;\">Cumhuriyet ilkokuluna \u00a0giden \u00f6\u011frencilerin o yolu kullanmas\u0131 velileri tedirgin ederek \u015fikayetlerini dile getirdiler.<\/span><\/p>\n<p><span style=\"font-size:16px;\">Olu\u015fan \u00e7ukurun haftalard\u0131r bu durumda kald\u0131\u011f\u0131n\u0131 \u00f6ne s\u00fcrerek \u00f6\u011frencilerin okula giderken tehlike atlat\u0131p okula gittikleri belirtildi.<\/span><\/p>\n<p>\u00a0<\/p>\n<p><span style=\"font-size:16px;\">Veliler \u201c\u00f6\u011frenciler bu \u00e7ukur ile ilgili k\u00f6t\u00fc\u00a0bir durum ya\u015fad\u0131ktan sonra m\u0131 yap\u0131lacak?\u201d sorusunu y\u00f6nelttiler.\u00a0<\/span><\/p>\n<p><span style=\"font-size:16px;\">Veliler, \u00a0\u00e7ukur olan okul yolu sorunun yetkili ki\u015filer taraf\u0131ndan \u00e7\u00f6z\u00fclmesini isteyerek, yetkili ki\u015filerir bu t\u00fcr \u00f6nemli konularda duyars\u0131z kald\u0131klar\u0131n\u0131 vurguland\u0131.<\/span><\/p>\n<p>\u00a0<\/p>\n<\/p><\/div>\n<\/blockquote>\n<blockquote type=\"cite\"><p>\u00a0<\/p><\/blockquote><\/div>\n<\/p><\/div>\n<\/p><\/div>\n<\/p><\/div>\n<\/p><\/div>\n<\/p><\/div>\n<\/p><\/div>\n<\/p><\/div>\n<\/p><\/div>\n<\/p><\/div>\n<\/p><\/div>\n<\/p><\/div>\n<\/p><\/div>\n<\/td>\n<\/tr>\n<\/tbody>\n<\/table>\n<div style=\"clear:both;\">\u00a0<\/div>\n<\/div>\n<\/div>\n<\/div>\n<\/div>\n<\/div>\n<\/div>\n<\/div>\n<\/div>\n<\/div>\n<\/div>\n<\/div>\n<\/div>\n<\/div>\n<\/div>\n<\/div>\n","protected":false},"excerpt":{"rendered":"<p>Mersin\u2019in Tece\u2019nin \u00e7\u0131k\u0131\u015f\u0131nda yer alan \u00c7ekok fabrikas\u0131 \u00f6n\u00fcndeki Cumhuriyet ilkokulu yolunda olu\u015fan \u00e7ukur velileri tedirgin etti. \u00d6ncelik olarak e\u011fitim yollar\u0131n\u0131n iyile\u015ftirilmesi gerekirken Mersin\u2019in Tece\u2019nin \u00e7\u0131k\u0131\u015f\u0131nda bulunan \u00c7ekok fabrikas\u0131 \u00f6n\u00fcndeki okul &hellip; <a href=\"https:\/\/akdenizolaygazetesi.com\/?p=1696\" class=\"more-link\">Devam\u0131n\u0131 Oku&#8230;<\/a><\/p>\n","protected":false},"author":1,"featured_media":0,"comment_status":"open","ping_status":"open","sticky":false,"template":"","format":"standard","meta":[],"categories":[],"tags":[],"_links":{"self":[{"href":"https:\/\/akdenizolaygazetesi.com\/index.php?rest_route=\/wp\/v2\/posts\/1696"}],"collection":[{"href":"https:\/\/akdenizolaygazetesi.com\/index.php?rest_route=\/wp\/v2\/posts"}],"about":[{"href":"https:\/\/akdenizolaygazetesi.com\/index.php?rest_route=\/wp\/v2\/types\/post"}],"author":[{"embeddable":true,"href":"https:\/\/akdenizolaygazetesi.com\/index.php?rest_route=\/wp\/v2\/users\/1"}],"replies":[{"embeddable":true,"href":"https:\/\/akdenizolaygazetesi.com\/index.php?rest_route=%2Fwp%2Fv2%2Fcomments&post=1696"}],"version-history":[{"count":0,"href":"https:\/\/akdenizolaygazetesi.com\/index.php?rest_route=\/wp\/v2\/posts\/1696\/revisions"}],"wp:attachment":[{"href":"https:\/\/akdenizolaygazetesi.com\/index.php?rest_route=%2Fwp%2Fv2%2Fmedia&parent=1696"}],"wp:term":[{"taxonomy":"category","embeddable":true,"href":"https:\/\/akdenizolaygazetesi.com\/index.php?rest_route=%2Fwp%2Fv2%2Fcategories&post=1696"},{"taxonomy":"post_tag","embeddable":true,"href":"https:\/\/akdenizolaygazetesi.com\/index.php?rest_route=%2Fwp%2Fv2%2Ftags&post=1696"}],"curies":[{"name":"wp","href":"https:\/\/api.w.org\/{rel}","templated":true}]}}