{"id":1698,"date":"2020-11-04T18:22:13","date_gmt":"2020-11-04T15:22:13","guid":{"rendered":"http:\/\/mersinekonomipolitikagazetesi.com\/?p=1698"},"modified":"2020-11-04T18:22:13","modified_gmt":"2020-11-04T15:22:13","slug":"cukurova-havalimaninda-insaat-calismalari-suruyor","status":"publish","type":"post","link":"https:\/\/akdenizolaygazetesi.com\/?p=1698","title":{"rendered":"\u00c7ukurova Havaliman\u0131\u2019nda in\u015faat \u00e7al\u0131\u015fmalar\u0131 s\u00fcr\u00fcyor"},"content":{"rendered":"<p>Mersin\u2019in Tarsus il\u00e7esinde yap\u0131lmakta olan ve T\u00fcrkiye\u2018nin ilk b\u00f6lgesel, b\u00fcy\u00fckl\u00fck bak\u0131m\u0131ndan da ikinci havaliman\u0131 unvan\u0131na sahip olacak \u00c7ukurova B\u00f6lgesel Havaliman\u0131\u2019nda in\u015faat \u00e7al\u0131\u015fmalar\u0131 s\u00fcr\u00fcyor.<\/p>\n<p><span style=\"font-size:16px;\"><span style=\"font-family: sans-serif; line-height: 20px; text-align: justify; background-color: rgb(242, 244, 245);\">AK Parti Tarsus \u0130l\u00e7e Ba\u015fkanl\u0131\u011f\u0131&#8217;ndan yap\u0131lan a\u00e7\u0131klamaya g\u00f6re, \u0130l\u00e7e Ba\u015fkan\u0131 \u0130brahim G\u00fcl, baz\u0131 y\u00f6netim kurulu \u00fcyeleriyle birlikte gitti\u011fi havaliman\u0131 in\u015faat \u00e7al\u0131\u015fmalar\u0131 hakk\u0131nda y\u00fcklenici firman\u0131n Proje Koordinat\u00f6r\u00fc Ferhat G\u00fcney\u2019den bilgi ald\u0131.\u00a0<\/span><br style=\"box-sizing: border-box; font-family: sans-serif; font-size: 14px; line-height: 20px; text-align: justify; background-color: rgb(242, 244, 245);\" \/><br \/>\n<span style=\"font-family: sans-serif; line-height: 20px; text-align: justify; background-color: rgb(242, 244, 245);\">G\u00fcney, \u00c7ukurova Havaliman\u0131\u2019n\u0131n 60 ve 45 metre geni\u015fli\u011finde, her biri 3 bin 500 metre uzunlu\u011funda iki pisti olaca\u011f\u0131n\u0131 belirterek, \u201cProje kapsam\u0131nda karayolu ve demiryolu ba\u011flant\u0131s\u0131yla yolcular\u0131n havaliman\u0131na kolay ula\u015f\u0131mlar\u0131 sa\u011flanacak. Mersin ile Adana aras\u0131ndaki D-400 karayoluna havaliman\u0131ndan direkt ba\u011flant\u0131 olacak. 40 metre geni\u015fli\u011finde 16 kilometrelik yol yap\u0131m \u00e7al\u0131\u015fmas\u0131 h\u0131zla s\u00fcr\u00fcyor. Yine karayolu ile birlikte gelecek demiryolu hatt\u0131 da projenin kapsam\u0131 i\u00e7erisinde bulunmaktad\u0131r. B\u00f6ylece Adana\u2018dan veya Mersin\u2018den \u00e7\u0131kan yolcular rahatl\u0131kla havaliman\u0131na ula\u015fabilecek&#8221; dedi.\u00a0<\/span><br style=\"box-sizing: border-box; font-family: sans-serif; font-size: 14px; line-height: 20px; text-align: justify; background-color: rgb(242, 244, 245);\" \/><br \/>\n<span style=\"font-family: sans-serif; line-height: 20px; text-align: justify; background-color: rgb(242, 244, 245);\">\u015eu anda asfalt plentinin kuruldu\u011funu, ayr\u0131ca 2 adet beton santralinin mevcut oldu\u011funu ve \u00fc\u00e7\u00fcnc\u00fcs\u00fcn\u00fcn kurulaca\u011f\u0131n\u0131 kaydeden G\u00fcney, &#8220;Bunun yan\u0131nda k\u00f6y yollar\u0131 i\u00e7in 8 adet \u00fcst ge\u00e7it yapaca\u011f\u0131z. Deyim yerindeyse 24 saat \u00e7al\u0131\u015f\u0131yoruz. B\u00fcy\u00fck bir aksilik olmad\u0131\u011f\u0131 takdirde 2019 y\u0131l\u0131 sonuna kadar \u00c7ukurova Havaliman\u0131 bitmi\u015f olacakt\u0131r\u201d ifadelerini kulland\u0131.\u00a0<\/span><br style=\"box-sizing: border-box; font-family: sans-serif; font-size: 14px; line-height: 20px; text-align: justify; background-color: rgb(242, 244, 245);\" \/><br \/>\n<span style=\"font-family: sans-serif; line-height: 20px; text-align: justify; background-color: rgb(242, 244, 245);\">&#8220;B\u00f6lgemiz cazibe merkezi olacak&#8221;\u00a0<\/span><br style=\"box-sizing: border-box; font-family: sans-serif; font-size: 14px; line-height: 20px; text-align: justify; background-color: rgb(242, 244, 245);\" \/><br \/>\n<span style=\"font-family: sans-serif; line-height: 20px; text-align: justify; background-color: rgb(242, 244, 245);\">AK Parti Tarsus \u0130l\u00e7e Ba\u015fkan\u0131 \u0130brahim G\u00fcl, iktidarlar\u0131 d\u00f6neminde hayallerin ger\u00e7e\u011fe d\u00f6n\u00fc\u015ft\u00fc\u011f\u00fcn\u00fc belirterek, \u201cHavaliman\u0131n\u0131n tamamlanarak hizmete girmesiyle birlikte b\u00f6lgemiz T\u00fcrkiye\u2019nin cazibe merkezi olacak. Ba\u015fta Tarsus\u2019umuz olmak \u00fczere, \u00c7ukurova B\u00f6lgesi T\u00fcrkiye\u2019nin parlayan y\u0131ld\u0131z\u0131 olacak&#8221; diye konu\u015ftu.\u00a0<\/span><br style=\"box-sizing: border-box; font-family: sans-serif; font-size: 14px; line-height: 20px; text-align: justify; background-color: rgb(242, 244, 245);\" \/><br \/>\n<span style=\"font-family: sans-serif; line-height: 20px; text-align: justify; background-color: rgb(242, 244, 245);\">Tarsus\u2019un Karg\u0131l\u0131 k\u00f6y\u00fcnde yap\u0131lmakta olan \u00c7ukurova Havaliman\u0131\u2019n\u0131n b\u00f6lge ekonomisine turizm a\u00e7\u0131s\u0131ndan da b\u00fcy\u00fck bir katk\u0131 sa\u011flayaca\u011f\u0131n\u0131 kaydeden G\u00fcl, &#8220;Sadece turizm a\u00e7\u0131s\u0131ndan de\u011fil, ihracat\u0131m\u0131z\u0131n daha da artmas\u0131 ve g\u00fc\u00e7lenmesi a\u00e7\u0131s\u0131ndan da bu\u00a0<\/span><br style=\"box-sizing: border-box; font-family: sans-serif; font-size: 14px; line-height: 20px; text-align: justify; background-color: rgb(242, 244, 245);\" \/><br \/>\n<span style=\"font-family: sans-serif; line-height: 20px; text-align: justify; background-color: rgb(242, 244, 245);\">havaalan\u0131 b\u00fcy\u00fck bir \u00f6nem arz ediyor. \u00d6zellikle kargo ta\u015f\u0131mac\u0131l\u0131\u011f\u0131n\u0131n g\u00fc\u00e7l\u00fc bir \u015fekilde ba\u015flat\u0131lmas\u0131n\u0131, \u00c7ukurova Havaliman\u0131\u2019n\u0131n yap\u0131lmas\u0131ndan sonra hep birlikte g\u00f6zlemleyece\u011fimiz, T\u00fcrkiye\u2019nin en \u00f6nemli tar\u0131m havzas\u0131 olan \u00c7ukurova havzas\u0131nda \u00fcretilen \u00fcr\u00fcnlerin ihracat\u0131n\u0131n nas\u0131l ve ne \u015fekilde ger\u00e7ekle\u015fece\u011fini hep birlikte g\u00f6rece\u011fiz\u201d dedi.\u00a0<\/span><br style=\"box-sizing: border-box; font-family: sans-serif; font-size: 14px; line-height: 20px; text-align: justify; background-color: rgb(242, 244, 245);\" \/><br \/>\n<span style=\"font-family: sans-serif; line-height: 20px; text-align: justify; background-color: rgb(242, 244, 245);\">Mersin ve Adana ba\u015fta olmak \u00fczere b\u00f6lgeye hizmet vermek amac\u0131yla konvansiyonel boyutlarda yap\u0131lmakta olan ve 30 milyon yolcu kapasitesine sahip bulunan \u00c7ukurova B\u00f6lgesel Havaliman\u0131 in\u015faat\u0131n\u0131n 24 saat yap\u0131lan \u00e7al\u0131\u015fmayla devam etti\u011fini ifade eden G\u00fcl, \u00c7ukurova B\u00f6lgesinin \u00fclkenin en \u00f6nemli cazibe merkezlerinden biri oldu\u011funu dile getirerek, Marmara B\u00f6lgesi&#8217;nden sonra T\u00fcrkiye\u2019nin ekonomisinde, sanayisinde, tar\u0131m\u0131nda ve hizmet sekt\u00f6rlerinde \u00f6n planda ve \u00fclkeye \u00e7ok \u00f6nemli katk\u0131lar sa\u011flayan bir b\u00f6lge oldu\u011funu kaydetti.\u00a0<\/span><br style=\"box-sizing: border-box; font-family: sans-serif; font-size: 14px; line-height: 20px; text-align: justify; background-color: rgb(242, 244, 245);\" \/><br \/>\n<span style=\"font-family: sans-serif; line-height: 20px; text-align: justify; background-color: rgb(242, 244, 245);\">Cumhuriyetin ilk y\u0131llar\u0131nda ilk sanayile\u015fme hamlesinin Tarsus, Adana ve Mersin\u2019de ba\u015flad\u0131\u011f\u0131n\u0131 ifade eden G\u00fcl, modern tar\u0131m tekniklerinin \u00c7ukurova havzas\u0131nda uygulanmakta oldu\u011funu, \u00c7ukurova\u2019n\u0131n son derece bereketli topraklara sahip oldu\u011funu belirterek, \u015f\u00f6yle devam etti; &#8220;\u00c7ukurova B\u00f6lgemiz havaliman\u0131n\u0131n hizmete girmesiyle birlikte, T\u00fcrkiye ekonomisinin geli\u015fmesine, kalk\u0131nmas\u0131na \u00e7ok ciddi katk\u0131lar verecektir. Havaalan\u0131n\u0131n yap\u0131m\u0131 ile birlikte Adana ve Mersin\u2019in turizm potansiyeli inan\u0131lmaz bir \u015fekilde de\u011ferlendirilecek ve b\u00f6lge ekonomisine turizm a\u00e7\u0131s\u0131ndan inan\u0131lmaz bir katk\u0131 sa\u011flanacakt\u0131r. Tarihi ve k\u00fclt\u00fcr\u00fc ile \u00e7ok \u00f6nemli bir de\u011fere sahip olan \u00c7ukurova havzas\u0131, uzun sahili ile hem yurt i\u00e7i hem de yurt d\u0131\u015f\u0131 turistlere \u00f6nemli bir hizmet verecektir. Bu anlamda \u00c7ukurova B\u00f6lgesel Havaliman\u0131 \u00f6nemli bir i\u015flevi yerine getirmenin yan\u0131 s\u0131ra turizmle birlikte, ihracat\u0131m\u0131z\u0131n daha da artmas\u0131 ve g\u00fc\u00e7lenmesi a\u00e7\u0131s\u0131ndan da bu havaalan\u0131 b\u00fcy\u00fck bir \u00f6neme haizdir. Havaliman\u0131n\u0131n hizmete girmesiyle birlikte kargo ta\u015f\u0131mac\u0131l\u0131\u011f\u0131n\u0131n da g\u00fc\u00e7l\u00fc bir \u015fekilde ba\u015flayaca\u011f\u0131n\u0131 hep birlikte g\u00f6rece\u011fiz.&#8221;\u00a0<\/span><\/span><\/p>\n","protected":false},"excerpt":{"rendered":"<p>Mersin\u2019in Tarsus il\u00e7esinde yap\u0131lmakta olan ve T\u00fcrkiye\u2018nin ilk b\u00f6lgesel, b\u00fcy\u00fckl\u00fck bak\u0131m\u0131ndan da ikinci havaliman\u0131 unvan\u0131na sahip olacak \u00c7ukurova B\u00f6lgesel Havaliman\u0131\u2019nda in\u015faat \u00e7al\u0131\u015fmalar\u0131 s\u00fcr\u00fcyor. AK Parti Tarsus \u0130l\u00e7e Ba\u015fkanl\u0131\u011f\u0131&#8217;ndan yap\u0131lan a\u00e7\u0131klamaya &hellip; <a href=\"https:\/\/akdenizolaygazetesi.com\/?p=1698\" class=\"more-link\">Devam\u0131n\u0131 Oku&#8230;<\/a><\/p>\n","protected":false},"author":1,"featured_media":0,"comment_status":"open","ping_status":"open","sticky":false,"template":"","format":"standard","meta":[],"categories":[],"tags":[],"_links":{"self":[{"href":"https:\/\/akdenizolaygazetesi.com\/index.php?rest_route=\/wp\/v2\/posts\/1698"}],"collection":[{"href":"https:\/\/akdenizolaygazetesi.com\/index.php?rest_route=\/wp\/v2\/posts"}],"about":[{"href":"https:\/\/akdenizolaygazetesi.com\/index.php?rest_route=\/wp\/v2\/types\/post"}],"author":[{"embeddable":true,"href":"https:\/\/akdenizolaygazetesi.com\/index.php?rest_route=\/wp\/v2\/users\/1"}],"replies":[{"embeddable":true,"href":"https:\/\/akdenizolaygazetesi.com\/index.php?rest_route=%2Fwp%2Fv2%2Fcomments&post=1698"}],"version-history":[{"count":0,"href":"https:\/\/akdenizolaygazetesi.com\/index.php?rest_route=\/wp\/v2\/posts\/1698\/revisions"}],"wp:attachment":[{"href":"https:\/\/akdenizolaygazetesi.com\/index.php?rest_route=%2Fwp%2Fv2%2Fmedia&parent=1698"}],"wp:term":[{"taxonomy":"category","embeddable":true,"href":"https:\/\/akdenizolaygazetesi.com\/index.php?rest_route=%2Fwp%2Fv2%2Fcategories&post=1698"},{"taxonomy":"post_tag","embeddable":true,"href":"https:\/\/akdenizolaygazetesi.com\/index.php?rest_route=%2Fwp%2Fv2%2Ftags&post=1698"}],"curies":[{"name":"wp","href":"https:\/\/api.w.org\/{rel}","templated":true}]}}