{"id":1699,"date":"2020-11-04T18:22:13","date_gmt":"2020-11-04T15:22:13","guid":{"rendered":"http:\/\/mersinekonomipolitikagazetesi.com\/?p=1699"},"modified":"2020-11-04T18:22:13","modified_gmt":"2020-11-04T15:22:13","slug":"farkindalik-bocce-turnuvasi-basladi","status":"publish","type":"post","link":"https:\/\/akdenizolaygazetesi.com\/?p=1699","title":{"rendered":"Fark\u0131ndal\u0131k Bocce Turnuvas\u0131 ba\u015flad\u0131"},"content":{"rendered":"<p>Mersin\u2019de ilk defa d\u00fczenlenen ve iki g\u00fcn s\u00fcrecek olan Fark\u0131ndal\u0131k Bocce Mersin \u0130l Birincili\u011fi m\u00fcsabakalar\u0131 ba\u015flad\u0131.<\/p>\n<p><span style=\"font-family: sans-serif; font-size: 14px; line-height: 20px; text-align: justify; background-color: rgb(242, 244, 245);\">Yeni\u015fehir Engelliler Gen\u00e7lik Merkezi&#8217;ndeki turnuvada, engelli sporculara yak\u0131n ilgi g\u00f6steren Gen\u00e7lik Hizmetleri ve Spor \u0130l M\u00fcd\u00fcr\u00fc \u015eaban G\u00fcne\u015f, engelli sporculara her zaman pozitif ayr\u0131mc\u0131l\u0131k yapt\u0131klar\u0131n\u0131 s\u00f6yledi. G\u00fcne\u015f, \u201cT\u00fcrkiye sosyal devlet anlay\u0131\u015f\u0131nda \u00e7ok yol kat etti. Engelli gen\u00e7lerimizle bir arada olmak, onlar\u0131n spor yapmalar\u0131n\u0131 izlemek ve onlar\u0131n heyecanlar\u0131na ortak olmak bizleri mutlu ediyor. Gen\u00e7lik Hizmetleri ve Spor \u0130l M\u00fcd\u00fcrl\u00fc\u011f\u00fc olarak bundan sonra da bu t\u00fcr faaliyetlerin artmas\u0131 konusunda gerekli \u00e7al\u0131\u015fmalar yaparak siz k\u0131ymetli engelli yavrular\u0131m\u0131za hizmet etmeye devam edece\u011fiz. Engelli karde\u015flerimizin hizmetkar\u0131y\u0131z, sizler i\u00e7in bu yolda \u00e7al\u0131\u015fmalar\u0131m\u0131z\u0131 devam ettirece\u011fiz. Bizden istek ve talepleriniz olursa her zaman yan\u0131n\u0131zda olaca\u011f\u0131m\u0131z\u0131 bilmenizi istiyorum. Bu turnuvan\u0131n dostluk, karde\u015flik ve kayna\u015fma duygusuyla ge\u00e7mesini temenni ediyorum&#8221; dedi.\u00a0<\/span><br style=\"box-sizing: border-box; font-family: sans-serif; font-size: 14px; line-height: 20px; text-align: justify; background-color: rgb(242, 244, 245);\" \/><br \/>\n<span style=\"font-family: sans-serif; font-size: 14px; line-height: 20px; text-align: justify; background-color: rgb(242, 244, 245);\">T\u00fcrkiye\u2019nin ilk ve tek engelli gen\u00e7lik merkezinde ilk defa d\u00fczenlenen 18 \u00f6zel sporcu ve 6 bedensel engelliler tak\u0131m\u0131ndan toplam 95 sporcunun kat\u0131ld\u0131\u011f\u0131 +1. Fark\u0131ndal\u0131k Bocce Mersin \u0130l Birincili\u011fi, G\u00fcne\u015f&#8217;in ba\u015flama d\u00fcd\u00fc\u011f\u00fcyle start ald\u0131.\u00a0<\/span><br style=\"box-sizing: border-box; font-family: sans-serif; font-size: 14px; line-height: 20px; text-align: justify; background-color: rgb(242, 244, 245);\" \/><br \/>\n<span style=\"font-family: sans-serif; font-size: 14px; line-height: 20px; text-align: justify; background-color: rgb(242, 244, 245);\">\u0130ki g\u00fcn s\u00fcrecek olan turnuva sonunda dereceye giren sporculara ba\u015far\u0131 belgesi ve madalya verilecek.\u00a0<\/span><\/p>\n","protected":false},"excerpt":{"rendered":"<p>Mersin\u2019de ilk defa d\u00fczenlenen ve iki g\u00fcn s\u00fcrecek olan Fark\u0131ndal\u0131k Bocce Mersin \u0130l Birincili\u011fi m\u00fcsabakalar\u0131 ba\u015flad\u0131. Yeni\u015fehir Engelliler Gen\u00e7lik Merkezi&#8217;ndeki turnuvada, engelli sporculara yak\u0131n ilgi g\u00f6steren Gen\u00e7lik Hizmetleri ve Spor &hellip; <a href=\"https:\/\/akdenizolaygazetesi.com\/?p=1699\" class=\"more-link\">Devam\u0131n\u0131 Oku&#8230;<\/a><\/p>\n","protected":false},"author":1,"featured_media":0,"comment_status":"open","ping_status":"open","sticky":false,"template":"","format":"standard","meta":[],"categories":[],"tags":[],"_links":{"self":[{"href":"https:\/\/akdenizolaygazetesi.com\/index.php?rest_route=\/wp\/v2\/posts\/1699"}],"collection":[{"href":"https:\/\/akdenizolaygazetesi.com\/index.php?rest_route=\/wp\/v2\/posts"}],"about":[{"href":"https:\/\/akdenizolaygazetesi.com\/index.php?rest_route=\/wp\/v2\/types\/post"}],"author":[{"embeddable":true,"href":"https:\/\/akdenizolaygazetesi.com\/index.php?rest_route=\/wp\/v2\/users\/1"}],"replies":[{"embeddable":true,"href":"https:\/\/akdenizolaygazetesi.com\/index.php?rest_route=%2Fwp%2Fv2%2Fcomments&post=1699"}],"version-history":[{"count":0,"href":"https:\/\/akdenizolaygazetesi.com\/index.php?rest_route=\/wp\/v2\/posts\/1699\/revisions"}],"wp:attachment":[{"href":"https:\/\/akdenizolaygazetesi.com\/index.php?rest_route=%2Fwp%2Fv2%2Fmedia&parent=1699"}],"wp:term":[{"taxonomy":"category","embeddable":true,"href":"https:\/\/akdenizolaygazetesi.com\/index.php?rest_route=%2Fwp%2Fv2%2Fcategories&post=1699"},{"taxonomy":"post_tag","embeddable":true,"href":"https:\/\/akdenizolaygazetesi.com\/index.php?rest_route=%2Fwp%2Fv2%2Ftags&post=1699"}],"curies":[{"name":"wp","href":"https:\/\/api.w.org\/{rel}","templated":true}]}}