{"id":1700,"date":"2020-11-04T18:22:13","date_gmt":"2020-11-04T15:22:13","guid":{"rendered":"http:\/\/mersinekonomipolitikagazetesi.com\/?p=1700"},"modified":"2020-11-04T18:22:13","modified_gmt":"2020-11-04T15:22:13","slug":"akamibin-ihracati-yuzde-5-artti","status":"publish","type":"post","link":"https:\/\/akdenizolaygazetesi.com\/?p=1700","title":{"rendered":"AKAM\u0130B&#8217;in ihracat\u0131 y\u00fczde 5 artt\u0131"},"content":{"rendered":"<p>Akdeniz Mobilya, Ka\u011f\u0131t ve Orman \u00dcr\u00fcnleri \u0130hracat\u00e7\u0131lar\u0131 Birli\u011fi&#8217;nin (AKAM\u0130B) ihracat\u0131, mart ay\u0131nda y\u00fczde 5 art\u0131\u015f g\u00f6stererek 53 milyon 189 bin dolar olarak ger\u00e7ekle\u015fti.<\/p>\n<p><span style=\"font-size:16px;\"><span style=\"font-family: sans-serif; line-height: 20px; text-align: justify; background-color: rgb(242, 244, 245);\">Akdeniz \u0130hracat\u00e7\u0131 Birlikleri&#8217;nden (AK\u0130B) yap\u0131lan a\u00e7\u0131klamaya g\u00f6re, 2018 y\u0131l\u0131 Mart ay\u0131 sekt\u00f6rel bazda ihracat rakamlar\u0131na g\u00f6re, T\u00fcrkiye mobilya, ka\u011f\u0131t ve orman \u00fcr\u00fcnleri ihracat\u0131, 2017 y\u0131l\u0131n\u0131n e\u015f de\u011fer d\u00f6nemine k\u0131yasla y\u00fczde 17 oran\u0131nda art\u0131\u015f g\u00f6stererek 456 milyon 639 bin dolar olarak ger\u00e7ekle\u015fti. Sekt\u00f6r\u00fcn mart ay\u0131 T\u00fcrkiye toplam ihracat\u0131ndaki pay\u0131 ise y\u00fczde 3 oldu.\u00a0<\/span><br style=\"box-sizing: border-box; font-family: sans-serif; font-size: 14px; line-height: 20px; text-align: justify; background-color: rgb(242, 244, 245);\" \/><br \/>\n<span style=\"font-family: sans-serif; line-height: 20px; text-align: justify; background-color: rgb(242, 244, 245);\">2018 y\u0131l\u0131 Mart ay\u0131 sekt\u00f6rel bazda ihracat rakamlar\u0131n\u0131 de\u011ferlendiren AKAM\u0130B Ba\u015fkan\u0131 B\u00fclent Aymen, AKAM\u0130B&#8217;in ihracat\u0131nda 1. s\u0131rada y\u00fczde 64 oran\u0131nda pay ile yakla\u015f\u0131k 34 milyon dolar ihracat\u0131 olan mobilyalar \u00fcr\u00fcn grubu ihracat\u0131 yer ald\u0131\u011f\u0131n\u0131 belirterek, \u201cKayseri mobilya \u00fcr\u00fcn grubu ihracat\u0131nda yakla\u015f\u0131k y\u00fczde 80 paya sahip. Kayseri\u2019de ba\u015flat\u0131lmas\u0131 planlanan URGE Projesi i\u00e7in Kayserili \u00fcye firmalara ziyaretler ger\u00e7ekle\u015ftirilerek projenin tan\u0131t\u0131m\u0131n\u0131 sa\u011flad\u0131k. \u00c7al\u0131\u015fmalar\u0131m\u0131z Mersin ilinde mobilya sekt\u00f6r\u00fcnde faaliyet g\u00f6steren \u00fcyelerimiz i\u00e7inde devam ediyor. Akdeniz \u0130hracat\u00e7\u0131 Birlikleri\u2019nde ger\u00e7ekle\u015ftirilen toplant\u0131 ile Mersinli firmalar ile de bir araya gelerek firmalar\u0131m\u0131z\u0131 bilgilendirdik\u201d dedi.\u00a0<\/span><br style=\"box-sizing: border-box; font-family: sans-serif; font-size: 14px; line-height: 20px; text-align: justify; background-color: rgb(242, 244, 245);\" \/><br \/>\n<span style=\"font-family: sans-serif; line-height: 20px; text-align: justify; background-color: rgb(242, 244, 245);\">\u0130talya\u2019ya mobilya ihracat\u0131nda y\u00fczde 137 art\u0131\u015f\u00a0<\/span><br style=\"box-sizing: border-box; font-family: sans-serif; font-size: 14px; line-height: 20px; text-align: justify; background-color: rgb(242, 244, 245);\" \/><br \/>\n<span style=\"font-family: sans-serif; line-height: 20px; text-align: justify; background-color: rgb(242, 244, 245);\">T\u00fcrkiye geneli ve AKAM\u0130B olarak sekt\u00f6r\u00fcn mart ay\u0131nda en \u00f6nemli pazar\u0131n\u0131n Irak oldu\u011funa dikkat \u00e7eken Aymen, \u201cAKAM\u0130B ihracat\u0131nda Irak pazar\u0131n\u0131 Almanya ve \u0130srail takip etti. Mart ay\u0131nda dikkat \u00e7eken pazar \u0130talya olurken, T\u00fcrkiye sekt\u00f6r ihracat\u0131nda y\u00fczde 248 art\u0131\u015f g\u00f6sterdi. AKAM\u0130B ihracat\u0131nda ise y\u00fczde 137 oran\u0131nda art\u0131\u015f g\u00f6stererek en \u00e7ok ihracat ger\u00e7ekle\u015ftirilen \u00fclkeler aras\u0131nda 5. s\u0131rada yer ald\u0131\u201d diye konu\u015ftu.\u00a0<\/span><br style=\"box-sizing: border-box; font-family: sans-serif; font-size: 14px; line-height: 20px; text-align: justify; background-color: rgb(242, 244, 245);\" \/><br \/>\n<span style=\"font-family: sans-serif; line-height: 20px; text-align: justify; background-color: rgb(242, 244, 245);\">Sekt\u00f6r ihra\u00e7 pazarlar\u0131n\u0131 da de\u011finen Aymen, yakla\u015f\u0131k 2 senedir y\u00fcr\u00fct\u00fclen kereste-palet sekt\u00f6r\u00fc URGE projesinde ger\u00e7ekle\u015ftirilecek 6. heyetin \u0130talya pazar\u0131na olaca\u011f\u0131n\u0131 kaydederek, pazar ara\u015ft\u0131rmalar\u0131n\u0131n AKAM\u0130B ihracat\u0131nda y\u00fczde 3 paya sahip \u00dcrd\u00fcn i\u00e7in devam edece\u011fini aktard\u0131.\u00a0<\/span><\/span><\/p>\n","protected":false},"excerpt":{"rendered":"<p>Akdeniz Mobilya, Ka\u011f\u0131t ve Orman \u00dcr\u00fcnleri \u0130hracat\u00e7\u0131lar\u0131 Birli\u011fi&#8217;nin (AKAM\u0130B) ihracat\u0131, mart ay\u0131nda y\u00fczde 5 art\u0131\u015f g\u00f6stererek 53 milyon 189 bin dolar olarak ger\u00e7ekle\u015fti. Akdeniz \u0130hracat\u00e7\u0131 Birlikleri&#8217;nden (AK\u0130B) yap\u0131lan a\u00e7\u0131klamaya g\u00f6re, &hellip; <a href=\"https:\/\/akdenizolaygazetesi.com\/?p=1700\" class=\"more-link\">Devam\u0131n\u0131 Oku&#8230;<\/a><\/p>\n","protected":false},"author":1,"featured_media":0,"comment_status":"open","ping_status":"open","sticky":false,"template":"","format":"standard","meta":[],"categories":[],"tags":[],"_links":{"self":[{"href":"https:\/\/akdenizolaygazetesi.com\/index.php?rest_route=\/wp\/v2\/posts\/1700"}],"collection":[{"href":"https:\/\/akdenizolaygazetesi.com\/index.php?rest_route=\/wp\/v2\/posts"}],"about":[{"href":"https:\/\/akdenizolaygazetesi.com\/index.php?rest_route=\/wp\/v2\/types\/post"}],"author":[{"embeddable":true,"href":"https:\/\/akdenizolaygazetesi.com\/index.php?rest_route=\/wp\/v2\/users\/1"}],"replies":[{"embeddable":true,"href":"https:\/\/akdenizolaygazetesi.com\/index.php?rest_route=%2Fwp%2Fv2%2Fcomments&post=1700"}],"version-history":[{"count":0,"href":"https:\/\/akdenizolaygazetesi.com\/index.php?rest_route=\/wp\/v2\/posts\/1700\/revisions"}],"wp:attachment":[{"href":"https:\/\/akdenizolaygazetesi.com\/index.php?rest_route=%2Fwp%2Fv2%2Fmedia&parent=1700"}],"wp:term":[{"taxonomy":"category","embeddable":true,"href":"https:\/\/akdenizolaygazetesi.com\/index.php?rest_route=%2Fwp%2Fv2%2Fcategories&post=1700"},{"taxonomy":"post_tag","embeddable":true,"href":"https:\/\/akdenizolaygazetesi.com\/index.php?rest_route=%2Fwp%2Fv2%2Ftags&post=1700"}],"curies":[{"name":"wp","href":"https:\/\/api.w.org\/{rel}","templated":true}]}}