{"id":1701,"date":"2020-11-04T18:22:13","date_gmt":"2020-11-04T15:22:13","guid":{"rendered":"http:\/\/mersinekonomipolitikagazetesi.com\/?p=1701"},"modified":"2020-11-04T18:22:13","modified_gmt":"2020-11-04T15:22:13","slug":"mersin-polisinden-sehitlik-ziyareti","status":"publish","type":"post","link":"https:\/\/akdenizolaygazetesi.com\/?p=1701","title":{"rendered":"Mersin polisinden \u015fehitlik ziyareti"},"content":{"rendered":"<p>T\u00fcrk Polis Te\u015fkilat\u0131&#8217;n\u0131n 173. y\u0131l d\u00f6n\u00fcm\u00fc dolay\u0131s\u0131yla \u015fehitlikteki etkinli\u011fe kat\u0131lan Mersin \u0130l Emniyet M\u00fcd\u00fcr\u00fc Mehmet \u015eahne, &#8220;Allah&#8217;a \u00e7ok \u015f\u00fck\u00fcr ki, topra\u011f\u0131 i\u00e7in, bayra\u011f\u0131 i\u00e7in, dini i\u00e7in \u015fehit olacak evlatlar\u0131m\u0131z var. Bu topraklar onun i\u00e7in vatan&#8221; dedi.<\/p>\n<p><span style=\"font-size:16px;\"><span style=\"font-family: sans-serif; line-height: 20px; text-align: justify; background-color: rgb(242, 244, 245);\">\u0130l Emniyet M\u00fcd\u00fcr\u00fc Mehmet \u015eahne, Polis Te\u015fkilat\u0131&#8217;n\u0131n 173. kurulu\u015f y\u0131l d\u00f6n\u00fcm\u00fc ve Polis Haftas\u0131 etkinlikleri kapsam\u0131nda, Mersin \u015eehir Mezarl\u0131\u011f\u0131&#8217;ndaki \u015fehitli\u011fi ziyaret etti. Toroslar Belediye Ba\u015fkan\u0131 Hamit Tuna, AK Parti Mersin Milletvekili Hac\u0131 \u00d6zkan ile \u00e7ok say\u0131da emniyet mensubu, \u00f6\u011frenci ve \u015fehit ailelerinin de yer ald\u0131\u011f\u0131 ziyarette, Kur&#8217;an-\u0131 Kerim okundu, \u015fehit mezarlar\u0131 ba\u015f\u0131nda dua edildi. \u0130l Emniyet M\u00fcd\u00fcr\u00fc Mehmet \u015eahne, \u015fehit aileleriyle yak\u0131ndan ilgilenerek sohbet etti ve \u015fehit mezarlar\u0131na karanfil b\u0131rakt\u0131.\u00a0<\/span><br style=\"box-sizing: border-box; font-family: sans-serif; font-size: 14px; line-height: 20px; text-align: justify; background-color: rgb(242, 244, 245);\" \/><br \/>\n<span style=\"font-family: sans-serif; line-height: 20px; text-align: justify; background-color: rgb(242, 244, 245);\">\u015eahne, burada yapt\u0131\u011f\u0131 a\u00e7\u0131klamada, &#8220;Allah&#8217;a \u00e7ok \u015f\u00fck\u00fcr ki, topra\u011f\u0131 i\u00e7in, bayra\u011f\u0131 i\u00e7in, dini i\u00e7in \u015fehit olacak evlatlar\u0131m\u0131z var. Bu topraklar onun i\u00e7in vatan oldu. Bayra\u011f\u0131m\u0131z onun i\u00e7in bayrak oldu. \u0130slam onun i\u00e7in yer y\u00fcz\u00fcnde hakim oldu. Allah, vatan i\u00e7in \u00f6lmeyi g\u00f6ze alacak evlatlar\u0131m\u0131z\u0131n say\u0131s\u0131n\u0131 daim etsin. \u015eehitlerimizi rahmetle an\u0131yorum. Bu u\u011furda gazi olanlar\u0131m\u0131za bundan sonraki hayatlar\u0131nda sa\u011fl\u0131kl\u0131, g\u00fczel bir \u00f6m\u00fcr diliyorum. Te\u015fkilat mensuplar\u0131m\u0131za ve te\u015fkilat\u0131m\u0131zdan emekli olanlara da mutlu huzurlu bir \u00f6m\u00fcr diliyorum. Vatan\u0131m\u0131z, milletimiz var olsun. Allah nice 173 y\u0131llar nasip eylesin&#8221; diye konu\u015ftu.<\/span><\/span><\/p>\n","protected":false},"excerpt":{"rendered":"<p>T\u00fcrk Polis Te\u015fkilat\u0131&#8217;n\u0131n 173. y\u0131l d\u00f6n\u00fcm\u00fc dolay\u0131s\u0131yla \u015fehitlikteki etkinli\u011fe kat\u0131lan Mersin \u0130l Emniyet M\u00fcd\u00fcr\u00fc Mehmet \u015eahne, &#8220;Allah&#8217;a \u00e7ok \u015f\u00fck\u00fcr ki, topra\u011f\u0131 i\u00e7in, bayra\u011f\u0131 i\u00e7in, dini i\u00e7in \u015fehit olacak evlatlar\u0131m\u0131z var. &hellip; <a href=\"https:\/\/akdenizolaygazetesi.com\/?p=1701\" class=\"more-link\">Devam\u0131n\u0131 Oku&#8230;<\/a><\/p>\n","protected":false},"author":1,"featured_media":0,"comment_status":"open","ping_status":"open","sticky":false,"template":"","format":"standard","meta":[],"categories":[],"tags":[],"_links":{"self":[{"href":"https:\/\/akdenizolaygazetesi.com\/index.php?rest_route=\/wp\/v2\/posts\/1701"}],"collection":[{"href":"https:\/\/akdenizolaygazetesi.com\/index.php?rest_route=\/wp\/v2\/posts"}],"about":[{"href":"https:\/\/akdenizolaygazetesi.com\/index.php?rest_route=\/wp\/v2\/types\/post"}],"author":[{"embeddable":true,"href":"https:\/\/akdenizolaygazetesi.com\/index.php?rest_route=\/wp\/v2\/users\/1"}],"replies":[{"embeddable":true,"href":"https:\/\/akdenizolaygazetesi.com\/index.php?rest_route=%2Fwp%2Fv2%2Fcomments&post=1701"}],"version-history":[{"count":0,"href":"https:\/\/akdenizolaygazetesi.com\/index.php?rest_route=\/wp\/v2\/posts\/1701\/revisions"}],"wp:attachment":[{"href":"https:\/\/akdenizolaygazetesi.com\/index.php?rest_route=%2Fwp%2Fv2%2Fmedia&parent=1701"}],"wp:term":[{"taxonomy":"category","embeddable":true,"href":"https:\/\/akdenizolaygazetesi.com\/index.php?rest_route=%2Fwp%2Fv2%2Fcategories&post=1701"},{"taxonomy":"post_tag","embeddable":true,"href":"https:\/\/akdenizolaygazetesi.com\/index.php?rest_route=%2Fwp%2Fv2%2Ftags&post=1701"}],"curies":[{"name":"wp","href":"https:\/\/api.w.org\/{rel}","templated":true}]}}