{"id":1702,"date":"2020-11-04T18:22:13","date_gmt":"2020-11-04T15:22:13","guid":{"rendered":"http:\/\/mersinekonomipolitikagazetesi.com\/?p=1702"},"modified":"2020-11-04T18:22:13","modified_gmt":"2020-11-04T15:22:13","slug":"kadin-meclisi-istismara-sessiz-kalmayacagiz","status":"publish","type":"post","link":"https:\/\/akdenizolaygazetesi.com\/?p=1702","title":{"rendered":"KADIN MECL\u0130S\u0130 \u201c \u0130ST\u0130SMARA SESS\u0130Z KALMAYACA\u011eIZ\u201d"},"content":{"rendered":"<p>Mersin Gazeteciler Cemiyetinde bir araya gelen kad\u0131nlar \u0130stismara kar\u015f\u0131 tepkilerini dile getirdi.<\/p>\n<div id=\":4\">\n<div id=\":2\">\n<div role=\"main\">\n<table cellpadding=\"0\" role=\"presentation\" style=\"width:1675px;\">\n<tbody>\n<tr>\n<td>\n<div role=\"list\">\n<div role=\"listitem\" style=\"clear:both;\" tabindex=\"-1\">\n<div id=\":19b\">\n<div data-legacy-message-id=\"1629b3e44263b35f\" data-message-id=\"1629b3e44263b35f\">\n<div style=\"margin-left:44px;\">\n<div id=\":129\">\n<div id=\":1h8\">\n<div dir=\"ltr\">\n<div dir=\"auto\">\n<blockquote type=\"cite\">\n<div dir=\"ltr\">\n<p><span style=\"font-size:16px;\">Mersin Gazeteciler Cemiyetinde Mersin Kad\u0131n Meclisi b\u00fcnyesinde toplanan kad\u0131nlar \u2018\u0130stismara sesiz kalm\u0131yoruz\u2019 ba\u015fl\u0131\u011f\u0131 alt\u0131nda a\u00e7\u0131klama ger\u00e7ekle\u015ftirdi.<\/span><\/p>\n<p><span style=\"font-size:16px;\"><span style=\"font-family: sans-serif, Arial, Verdana, 'Trebuchet MS'; line-height: 1.6em;\">A\u00e7\u0131klama konu\u015fmas\u0131n\u0131 Kad\u0131n Meclisi ad\u0131na \u00dcniversite \u00f6\u011frencisi Asl\u0131 Ceren Mandak yapt\u0131.<\/span><\/span><\/p>\n<p><span style=\"font-size:16px;\"><span style=\"font-family: sans-serif, Arial, Verdana, 'Trebuchet MS'; line-height: 1.6em;\">Tacize u\u011frayan \u00e7ocu\u011fun \u00e7\u0131\u011fl\u0131k atamad\u0131\u011f\u0131 i\u00e7in istismarc\u0131lara hak tan\u0131d\u0131klar\u0131 konusunda tepki olarak kad\u0131nlar hep beraber \u00e7\u0131\u011fl\u0131k att\u0131.<\/span><\/span><\/p>\n<p><span style=\"font-size:16px;\"><span style=\"font-family: sans-serif, Arial, Verdana, 'Trebuchet MS'; line-height: 1.6em;\">Tarsus\u2019ta babas\u0131 taraf\u0131ndan 6 y\u0131l boyunca cinsel istismara maruz kalan 15 ya\u015f\u0131ndaki \u00e7ocu\u011fun avukatl\u0131\u011f\u0131n\u0131 yapan Semra Kabasakal ise k\u0131sa bir konu\u015fma ger\u00e7ekle\u015ftirdi. Kabasakal, avukatl\u0131\u011f\u0131n\u0131 yapt\u0131\u011f\u0131 \u00e7ocu\u011fun konu\u015fmalar\u0131na yer verince a\u00e7\u0131klamaya kat\u0131lan kad\u0131nlar g\u00f6z ya\u015flar\u0131na hakim olamad\u0131.<\/span><\/span><\/p>\n<p>\u00a0<\/p>\n<p><span style=\"font-size:16px;\">\u201c\u0130ST\u0130SMARI DA KARARI DA KABUL ETM\u0130YORUZ\u201d<\/span><\/p>\n<p>\u00a0<\/p>\n<p><span style=\"font-size:16px;\">Kad\u0131n Meclisi ad\u0131na konu\u015fmas\u0131n\u0131 ger\u00e7ekle\u015ftiren Asl\u0131 Ceren Mandak, maalesef her g\u00fcn ba\u015fka bir cinsel istismar haberi adl\u0131\u011f\u0131n\u0131 kaydetti. Mandak: \u201cMersin\u2019de yak\u0131n zamanda \u00f6\u011frendi\u011fimiz, ba\u011f\u0131rmad\u0131\u011f\u0131 gerek\u00e7esiyle faillerine ceza verilmeyen Sinem bir yan\u0131m\u0131zda babas\u0131 taraf\u0131ndan y\u0131llarca u\u011frayan 15 ya\u015f\u0131ndaki \u00e7ocuk di\u011fer yan\u0131m\u0131zda.\u201d dedi.<\/span><\/p>\n<p><span style=\"font-size:16px;\">Silifke\u2019den zihinsel engelli, kemik ya\u015f\u0131 22 zihin ya\u015f\u0131 11 olan Sinem\u2019e 5 ki\u015fi taraf\u0131ndan cinsel istismara maruz kald\u0131\u011f\u0131n\u0131 kaydeden Mandak: \u201cSinem 16 haftal\u0131k hamileyken durum ortaya \u00e7\u0131kt\u0131 ve 5 adamdan birinin bebe\u011finin babas\u0131 oldu\u011fu %99.9 DNA raporlar\u0131yla kan\u0131tland\u0131. Mahkeme delillerin yeterli olmamas\u0131n\u0131 ve Sinem\u2019in ba\u011f\u0131ramamas\u0131n\u0131 gerek\u00e7e g\u00f6stererek 5 ki\u015fi beraat karar\u0131 verdi. \u0130stismar\u0131 da karar\u0131 da kabul etmiyoruz. \u0130stismar\u0131n gerek\u00e7esi olmaz.\u201d \u015feklinde dile getirdi.<\/span><\/p>\n<p>\u00a0<\/p>\n<p><span style=\"font-size:16px;\">\u201cADALET BEKL\u0130YORUZ\u201d<\/span><\/p>\n<p>\u00a0<\/p>\n<p><span style=\"font-size:16px;\">\u0130stismarc\u0131y\u0131 koruyan uygulamalara art\u0131k son verilmesine de\u011finen Mandak: \u201cTarsus\u2019ta 15 ya\u015f\u0131ndaki \u00e7ocu\u011fa babas\u0131n\u0131n 6 y\u0131l boyunca cinsel istismarda bulundu\u011fu ortaya \u00e7\u0131kt\u0131. \u0130stismarc\u0131 baba tutuklu yarg\u0131lama devam ediyor. Davada indirim uygulanmamas\u0131 i\u00e7in m\u00fccadele ediyor, adalet bekliyoruz.\u201d dedi.<\/span><\/p>\n<p>\u00a0<\/p>\n<p><span style=\"font-size:16px;\">\u201c\u00c7\u00d6Z\u00dcM\u00dc \u00c7I\u011eLIK ATMAKTA ARIYORLAR\u201d<\/span><\/p>\n<p>\u00a0<\/p>\n<p><span style=\"font-size:16px;\">Hi\u00e7bir kad\u0131n, hi\u00e7bir \u00e7ocuk kendini savunmak zorunda kalmamas\u0131 gerekti\u011fini belirten Mandak: \u201cAile ve Sosyal Politikalar Bakan\u0131\u2019n\u0131n \u2018istemedikleri bir durumda kar\u015f\u0131la\u015ft\u0131klar\u0131nda \u00e7ocuklar\u0131m\u0131z\u0131n \u00e7\u0131\u011fl\u0131k atmas\u0131 gerekiyor\u2019 a\u00e7\u0131klamas\u0131n\u0131, Diyanet\u2019in baban\u0131n k\u0131z\u0131na \u015fehvet duyabilece\u011fi a\u00e7\u0131klamas\u0131n\u0131 hat\u0131rlat\u0131yoruz. Geldi\u011fi nokta; Sinem\u2019in failleri aram\u0131zda dola\u015f\u0131yor, 15 ya\u015f\u0131ndaki \u00e7ocuk babas\u0131 taraf\u0131nca y\u0131llarca istismara u\u011fruyor.\u00a0 \u00c7\u00f6z\u00fcm\u00fc \u00e7\u0131\u011fl\u0131k atmakta arayan Aile ve Sosyal Politikalar Bakan\u0131, cezay\u0131 \u00e7\u0131\u011fl\u0131k at\u0131p atmamakla ba\u011fda\u015ft\u0131ran adalet, Zihinsel engelli Sinem\u2019den, 9 ya\u015f\u0131ndan itibaren evinin i\u00e7inde \u00f6z babas\u0131n\u0131n istismar\u0131na u\u011frayan \u00e7ocu\u011fumuzdan, neden \u00e7\u0131\u011fl\u0131k atamad\u0131klar\u0131n\u0131 sorgulad\u0131\u011f\u0131n\u0131z kadar sorumlusunuz!\u201d ifadelerini kulland\u0131.<\/span><\/p>\n<p>\u00a0<\/p>\n<p><span style=\"font-size:16px;\">\u201cKADINLAR VE \u00c7OCUKLAR \u0130\u00c7\u0130N M\u00dcCADELEYE DEVAM EDECE\u011e\u0130Z\u201d<\/span><\/p>\n<p>\u00a0<\/p>\n<p><span style=\"font-size:16px;\">T\u00fcrkiye \u0130statistik Kurumu verilerine g\u00f6re \u00e7ocuk istismar\u0131 davlar\u0131nda Mersin\u2019in 5. s\u0131rada yer ald\u0131\u011f\u0131 kaydeden Mandak: \u201c Mersin Kad\u0131n Meclisleri olarak istismarc\u0131lar hak ettikleri cezalar\u0131 alana, adalet sa\u011flanana kadar bu davalar\u0131n da takip\u00e7isi olaca\u011f\u0131z. \u015eiddette u\u011frayan hi\u00e7bir kad\u0131n ve \u00e7ocuk yaln\u0131z de\u011fildir. Bu zamana kadar oldu\u011fu gibi kad\u0131nlar ve \u00e7ocuklar i\u00e7in m\u00fccadeleye devam edece\u011fiz.\u201d diyerek son c\u00fcmlelerini tamamlad\u0131.<\/span><\/p>\n<\/p><\/div>\n<\/blockquote><\/div>\n<div>\u00a0<\/div>\n<\/p><\/div>\n<\/p><\/div>\n<\/p><\/div>\n<\/p><\/div>\n<\/p><\/div>\n<\/p><\/div>\n<\/p><\/div>\n<\/p><\/div>\n<\/td>\n<\/tr>\n<\/tbody>\n<\/table>\n<\/div>\n<\/div>\n<\/div>\n","protected":false},"excerpt":{"rendered":"<p>Mersin Gazeteciler Cemiyetinde bir araya gelen kad\u0131nlar \u0130stismara kar\u015f\u0131 tepkilerini dile getirdi. Mersin Gazeteciler Cemiyetinde Mersin Kad\u0131n Meclisi b\u00fcnyesinde toplanan kad\u0131nlar \u2018\u0130stismara sesiz kalm\u0131yoruz\u2019 ba\u015fl\u0131\u011f\u0131 alt\u0131nda a\u00e7\u0131klama ger\u00e7ekle\u015ftirdi. A\u00e7\u0131klama konu\u015fmas\u0131n\u0131 &hellip; <a href=\"https:\/\/akdenizolaygazetesi.com\/?p=1702\" class=\"more-link\">Devam\u0131n\u0131 Oku&#8230;<\/a><\/p>\n","protected":false},"author":1,"featured_media":0,"comment_status":"open","ping_status":"open","sticky":false,"template":"","format":"standard","meta":[],"categories":[],"tags":[],"_links":{"self":[{"href":"https:\/\/akdenizolaygazetesi.com\/index.php?rest_route=\/wp\/v2\/posts\/1702"}],"collection":[{"href":"https:\/\/akdenizolaygazetesi.com\/index.php?rest_route=\/wp\/v2\/posts"}],"about":[{"href":"https:\/\/akdenizolaygazetesi.com\/index.php?rest_route=\/wp\/v2\/types\/post"}],"author":[{"embeddable":true,"href":"https:\/\/akdenizolaygazetesi.com\/index.php?rest_route=\/wp\/v2\/users\/1"}],"replies":[{"embeddable":true,"href":"https:\/\/akdenizolaygazetesi.com\/index.php?rest_route=%2Fwp%2Fv2%2Fcomments&post=1702"}],"version-history":[{"count":0,"href":"https:\/\/akdenizolaygazetesi.com\/index.php?rest_route=\/wp\/v2\/posts\/1702\/revisions"}],"wp:attachment":[{"href":"https:\/\/akdenizolaygazetesi.com\/index.php?rest_route=%2Fwp%2Fv2%2Fmedia&parent=1702"}],"wp:term":[{"taxonomy":"category","embeddable":true,"href":"https:\/\/akdenizolaygazetesi.com\/index.php?rest_route=%2Fwp%2Fv2%2Fcategories&post=1702"},{"taxonomy":"post_tag","embeddable":true,"href":"https:\/\/akdenizolaygazetesi.com\/index.php?rest_route=%2Fwp%2Fv2%2Ftags&post=1702"}],"curies":[{"name":"wp","href":"https:\/\/api.w.org\/{rel}","templated":true}]}}