{"id":1703,"date":"2020-11-04T18:22:13","date_gmt":"2020-11-04T15:22:13","guid":{"rendered":"http:\/\/mersinekonomipolitikagazetesi.com\/?p=1703"},"modified":"2020-11-04T18:22:13","modified_gmt":"2020-11-04T15:22:13","slug":"mtsoda-kiziltan-donemi","status":"publish","type":"post","link":"https:\/\/akdenizolaygazetesi.com\/?p=1703","title":{"rendered":"MTSO\u2019DA KIZILTAN D\u00d6NEM\u0130"},"content":{"rendered":"<p>Mersin Ticaret ve Sanayi Odas\u0131&#8217;nda bug\u00fcn yap\u0131lan Y\u00f6netim Kurulu ve Ba\u015fkanl\u0131k se\u00e7imini Ayhan K\u0131z\u0131ltan ve ekibi kazand\u0131.<\/p>\n<p class=\"m_2358047209159405076gmail-p1\" style=\"color: rgb(34, 34, 34); font-family: arial, sans-serif; font-size: 12.8px; line-height: normal;\"><span style=\"font-size:16px;\">Aylard\u0131r s\u00fcren se\u00e7im maratonu sona erdi. D\u00fcn sabah saatlerinde MTSO&#8217;nun binas\u0131nda ba\u015flayan se\u00e7ime meclis \u00fcyelerinin d\u0131\u015f\u0131nda hi\u00e7 kimse al\u0131nmad\u0131. Bas\u0131nada kapal\u0131 olan se\u00e7ime tamamiyle meclis \u00fcyelerinin daha rahat ve \u00f6zg\u00fcr karar vermelerine dair bir ortam yarat\u0131ld\u0131. Yap\u0131lan oylama sonras\u0131nda Ayhan K\u0131z\u0131ltan&#8217;\u0131n listesi 65 oy ald\u0131. Buna kar\u015f\u0131l\u0131k Hakan Kayac\u0131&#8217;n\u0131n listesi ise 30 oyda kalarak MTSO ba\u015fkanl\u0131\u011f\u0131na Ayhan K\u0131z\u0131ltan se\u00e7ildi.\u00a0<\/span><\/p>\n<p class=\"m_2358047209159405076gmail-p1\" style=\"color: rgb(34, 34, 34); font-family: arial, sans-serif; font-size: 12.8px; line-height: normal;\"><span style=\"font-size:16px;\">\u0130\u015fte MTSO&#8217;nun yeni Y\u00f6netim Kurulu:\u00a0<\/span><\/p>\n<p class=\"m_2358047209159405076gmail-p1\" style=\"color: rgb(34, 34, 34); font-family: arial, sans-serif; font-size: 12.8px; line-height: normal;\"><span style=\"font-size:16px;\">Y\u00f6netim Kurulu Ba\u015fkan\u0131: Ayhan K\u0131z\u0131ltan \u00a0<\/span><\/p>\n<p class=\"m_2358047209159405076gmail-p1\" style=\"color: rgb(34, 34, 34); font-family: arial, sans-serif; font-size: 12.8px; line-height: normal;\"><span style=\"font-size:16px;\">Asil \u00dcyeler:\u00a0 Ali Fuad Budur\u00a0 Hakan Sefa \u00c7ak\u0131r\u00a0 \u00c7etin Kanar\u00a0 Yasemin Ta\u015f\u00a0 Yal\u00e7\u0131n Dar\u0131c\u0131\u00a0 Nedim \u0130kan\u00e7\u00a0 Ahmet Belice\u00a0 \u0130sa \u00c7ani\u00a0 Cem Bucuge\u00a0 Hac\u0131 Halil K\u00fcrek \u00a0<\/span><\/p>\n<p class=\"m_2358047209159405076gmail-p1\" style=\"color: rgb(34, 34, 34); font-family: arial, sans-serif; font-size: 12.8px; line-height: normal;\">\u00a0<\/p>\n<p class=\"m_2358047209159405076gmail-p1\" style=\"color: rgb(34, 34, 34); font-family: arial, sans-serif; font-size: 12.8px; line-height: normal;\"><span style=\"font-size:16px;\">Yedek \u00dcyeler:\u00a0 Mesut Selim \u00d6zc\u00f6mert\u00a0 Cebrail Orman\u00a0 Orhan Kemal Y\u00fcksek\u00a0 Osman Kiper\u00a0 Hakan Bozbey\u00a0 Yal\u00e7\u0131n Balc\u0131\u00a0 Selami Ar\u0131c\u0131\u00a0 Bayram \u00d6zbalta\u00a0 Metin Sapan\u00a0 Murat \u0130l\u00e7a\u00a0<\/span><\/p>\n","protected":false},"excerpt":{"rendered":"<p>Mersin Ticaret ve Sanayi Odas\u0131&#8217;nda bug\u00fcn yap\u0131lan Y\u00f6netim Kurulu ve Ba\u015fkanl\u0131k se\u00e7imini Ayhan K\u0131z\u0131ltan ve ekibi kazand\u0131. Aylard\u0131r s\u00fcren se\u00e7im maratonu sona erdi. D\u00fcn sabah saatlerinde MTSO&#8217;nun binas\u0131nda ba\u015flayan se\u00e7ime &hellip; <a href=\"https:\/\/akdenizolaygazetesi.com\/?p=1703\" class=\"more-link\">Devam\u0131n\u0131 Oku&#8230;<\/a><\/p>\n","protected":false},"author":1,"featured_media":0,"comment_status":"open","ping_status":"open","sticky":false,"template":"","format":"standard","meta":[],"categories":[],"tags":[],"_links":{"self":[{"href":"https:\/\/akdenizolaygazetesi.com\/index.php?rest_route=\/wp\/v2\/posts\/1703"}],"collection":[{"href":"https:\/\/akdenizolaygazetesi.com\/index.php?rest_route=\/wp\/v2\/posts"}],"about":[{"href":"https:\/\/akdenizolaygazetesi.com\/index.php?rest_route=\/wp\/v2\/types\/post"}],"author":[{"embeddable":true,"href":"https:\/\/akdenizolaygazetesi.com\/index.php?rest_route=\/wp\/v2\/users\/1"}],"replies":[{"embeddable":true,"href":"https:\/\/akdenizolaygazetesi.com\/index.php?rest_route=%2Fwp%2Fv2%2Fcomments&post=1703"}],"version-history":[{"count":0,"href":"https:\/\/akdenizolaygazetesi.com\/index.php?rest_route=\/wp\/v2\/posts\/1703\/revisions"}],"wp:attachment":[{"href":"https:\/\/akdenizolaygazetesi.com\/index.php?rest_route=%2Fwp%2Fv2%2Fmedia&parent=1703"}],"wp:term":[{"taxonomy":"category","embeddable":true,"href":"https:\/\/akdenizolaygazetesi.com\/index.php?rest_route=%2Fwp%2Fv2%2Fcategories&post=1703"},{"taxonomy":"post_tag","embeddable":true,"href":"https:\/\/akdenizolaygazetesi.com\/index.php?rest_route=%2Fwp%2Fv2%2Ftags&post=1703"}],"curies":[{"name":"wp","href":"https:\/\/api.w.org\/{rel}","templated":true}]}}