{"id":1704,"date":"2020-11-04T18:22:13","date_gmt":"2020-11-04T15:22:13","guid":{"rendered":"http:\/\/mersinekonomipolitikagazetesi.com\/?p=1704"},"modified":"2020-11-04T18:22:13","modified_gmt":"2020-11-04T15:22:13","slug":"son-15-yilda-esitsizlik-kutuplasma-krizi-var","status":"publish","type":"post","link":"https:\/\/akdenizolaygazetesi.com\/?p=1704","title":{"rendered":"\u201cSON 15 YILDA E\u015e\u0130TS\u0130ZL\u0130K, KUTUPLA\u015eMA KR\u0130Z\u0130 VAR\u201d"},"content":{"rendered":"<p>Mersin CHP \u0130l Ba\u015fkan\u0131 Av. Adil Aktay farkl\u0131 illerden gelen CHP il ba\u015fkanlar\u0131yla bir araya geldi. D\u00fczenledikleri \u201cE\u015fit ko\u015fullarda bir arada ya\u015famak i\u00e7in\u201d konulu panelde ise bir\u00e7ok konu aktar\u0131ld\u0131.<\/p>\n<blockquote type=\"cite\">\n<div dir=\"ltr\">\n<p><span style=\"font-size:16px;\">Mersin CHP \u0130l Ba\u015fkan\u0131 Av. Adil Aktay \u00f6nc\u00fcl\u00fc\u011f\u00fcnde\u00a0 \u201cE\u015fit ko\u015fullarda bir arada ya\u015famak i\u00e7in\u201d konulu ba\u015fl\u0131k alt\u0131nda panel d\u00fczenlendi.\u00a0<\/span><\/p>\n<p><span style=\"font-size:16px;\">Ger\u00e7ekle\u015fen etkinli\u011fe CHP PM \u00dcyesi Y\u0131ld\u0131r\u0131m Kaya, CHP Trabzon \u0130l Ba\u015fkan\u0131 G\u00fczide Uzun, CHP Siirt \u0130l Ba\u015fkan\u0131 Nevaf Bilek, CHP K\u0131r\u0131kkale \u0130l Ba\u015fkan\u0131 Ahmet \u00d6nal, CHP Manisa \u0130l Ba\u015fkan\u0131 Semih Balaban, CHP K\u0131rklareli \u0130l Ba\u015fkan\u0131 Tayfun Okan \u00c7obanc\u0131k, CHP Mersin \u0130l Ba\u015fkan\u0131 Adil Aktay panelistler yer ald\u0131. \u00a0<\/span><\/p>\n<p><span style=\"font-size:16px;\">Panel konu\u015fmas\u0131n\u0131 ger\u00e7ekle\u015ftiren Adil Aktay, ilk olarak konu\u015fmas\u0131na ho\u015fg\u00f6r\u00fcl\u00fc bir toplum olabilmekten bahsetti. Ard\u0131ndan T\u00fcrkiye\u2019de son 15 y\u0131ldaki siyasete de\u011finerek halk\u0131n ya\u015fama \u00f6zg\u00fcrl\u00fcklerine var olan demokrasiye, e\u015fitlik hakk\u0131nda da bilgilere yer verdi.<\/span><\/p>\n<p>\u00a0<\/p>\n<p><span style=\"font-size:16px;\">\u201c\u0130KT\u0130DARLARIN KI\u015eKIRTMALARINA KAPILMAZLAR\u201d<\/span><\/p>\n<p>\u00a0<\/p>\n<p><span style=\"font-size:16px;\">Aktay \u201c\u00c7ukuroval\u0131 hem\u015ferimiz, T\u00fcrk\u00e7enin b\u00fcy\u00fck ustas\u0131 Ya\u015far Kemal, \u2018Bir toplum, ho\u015fg\u00f6r\u00fcs\u00fc kadar g\u00fc\u00e7l\u00fcd\u00fcr\u2019 diyor. G\u00fcc\u00fcn\u00fc, sahip oldu\u011fu ho\u015fg\u00f6r\u00fcden alan bir toplum olabilmek&#8230; Umudumuz bu, hayalimiz bu, gayretimiz bunun i\u00e7in&#8230; Son y\u0131llarda, ho\u015fg\u00f6r\u00fcm\u00fczden vazge\u00e7meye zorlan\u0131yoruz. Ho\u015fg\u00f6r\u00fc bir zay\u0131fl\u0131k olarak g\u00f6steriliyor. Ba\u015fkas\u0131n\u0131n ac\u0131lar\u0131ndan adeta sevin\u00e7 duyan, \u00f6tekinin ne dedi\u011fini dinlemeye bile tahamm\u00fcl\u00fc olmayan bir toplum yarat\u0131lmak isteniyor. Bu son derece bilin\u00e7li bir tercih. \u00c7\u00fcnk\u00fc vatanda\u015flar birbirlerini dinleyip anlarsa, iktidarlar\u0131n yalanlar\u0131 daha net g\u00f6r\u00fcl\u00fcr. Vatanda\u015flar birbirine ho\u015fg\u00f6r\u00fcyle yakla\u015f\u0131rsa, iktidarlar\u0131n k\u0131\u015fk\u0131rtmalar\u0131na kap\u0131lmazlar.\u201d \u015feklinde konu\u015fmas\u0131n\u0131 ba\u015flad\u0131.<\/span><\/p>\n<p>\u00a0<\/p>\n<p>\u00a0<\/p>\n<p><span style=\"font-size:16px;\">\u201cERDO\u011eAN\u2019A B\u0130AT EDENLER VE ETMEYENLER ARASINDAK\u0130 E\u015e\u0130TS\u0130ZL\u0130K\u201d<\/span><\/p>\n<p>\u00a0<\/p>\n<p><span style=\"font-size:16px;\">Yalana, k\u0131\u015fk\u0131rtmaya dayal\u0131 iktidarlar a\u00e7\u0131s\u0131ndan, bir toplumun bar\u0131\u015f i\u00e7inde, bir arada, huzurla ya\u015famas\u0131 b\u00fcy\u00fck bir risk oldu\u011funu belirten Aktay: \u201cEmperyalist g\u00fc\u00e7lerden \u00f6\u011frendikleri \u015feyi yapmay\u0131 tercih ederler: Yani b\u00f6lerek y\u00f6netmeyi&#8230; T\u00fcrkiye siyaseti, son on be\u015f y\u0131lda, iktidar\u0131n topluma y\u00f6nelik b\u00f6l ve y\u00f6net yakla\u015f\u0131m\u0131 y\u00fcz\u00fcnden ciddi bir kutupla\u015fma krizine girdi.\u201d ifadelerini kulland\u0131. Aktay \u00f6te yandan, ekonomik ve sosyal hayat\u0131n her yan\u0131n\u0131 ku\u015fatm\u0131\u015f olan e\u015fitsizlikler, bizim bar\u0131\u015f i\u00e7inde, bir arada, huzurla ya\u015famam\u0131z\u0131n \u00f6n\u00fcnde b\u00fcy\u00fck bir engel olu\u015fturdu\u011funu kaydederek \u201cGelir adaletsizli\u011finden, kad\u0131n\u0131n ve erke\u011fin toplumdaki yerine&#8230; Farkl\u0131 din, dil ve inan\u00e7tan olanlara yakla\u015f\u0131mdan, kamu olanaklar\u0131ndan yararlanmaya kadar pek \u00e7ok alanda e\u015fitsizlik h\u00fck\u00fcm s\u00fcr\u00fcyor. AKP iktidar\u0131, devrald\u0131\u011f\u0131 e\u015fitsizlikleri art\u0131rmakla kalmad\u0131\u011f\u0131n\u0131 bu e\u015fitsizliklere bir de yenisini ekledi.\u00a0 Erdo\u011fan\u2019a biat edenler ve etmeyenler aras\u0131ndaki e\u015fitsizlik&#8230;\u201d \u015feklinde belirtti.<\/span><\/p>\n<p>\u00a0<\/p>\n<p>\u00a0<\/p>\n<p><span style=\"font-size:16px;\">Her t\u00fcrl\u00fc e\u015fitsizli\u011fin ortadan kalkmas\u0131n\u0131n \u00f6n ko\u015fulu demokrasi oldu\u011funu kaydeden Aktay : \u201cHukukun \u00fcst\u00fcnl\u00fc\u011f\u00fcn\u00fcn sa\u011fland\u0131\u011f\u0131, ifade ve bas\u0131n \u00f6zg\u00fcrl\u00fc\u011f\u00fcn\u00fcn g\u00fcvenceye al\u0131nd\u0131\u011f\u0131 \u00e7a\u011fda\u015f bir demokrasi\u2026 Yasama, y\u00fcr\u00fctme ve yarg\u0131 kuvvetlerinin birbirinden ayr\u0131ld\u0131\u011f\u0131 ve bunlar aras\u0131ndaki denge ve denetleme mekanizmalar\u0131n\u0131n eksiksiz i\u015fledi\u011fi bir demokrasi&#8230; Devletin farkl\u0131 inan\u00e7lara e\u015fit mesafede durdu\u011fu laik bir demokrasi\u2026 Farkl\u0131 gelenek, k\u00fclt\u00fcr ve dillerin bir sorun de\u011fil, ya\u015fat\u0131lmas\u0131 gereken de\u011ferler olarak g\u00f6r\u00fcld\u00fc\u011f\u00fc, \u00f6zg\u00fcrl\u00fck\u00e7\u00fc bir demokrasi\u2026 Ya\u015fam alanlar\u0131n\u0131 korumay\u0131 hedefleyen, sa\u011fl\u0131kl\u0131 bir \u00e7evrede ya\u015fama, var olma hakk\u0131n\u0131 yaln\u0131z insanlar i\u00e7in de\u011fil, t\u00fcm canl\u0131lar i\u00e7in kabul eden, do\u011fal hayata sayg\u0131l\u0131 bir demokrasi&#8230; Kad\u0131nlar\u0131, \u00e7ocuklar\u0131, ya\u015fl\u0131lar\u0131, engellileri, yoksullar\u0131, al\u0131n teriyle \u00e7al\u0131\u015f\u0131p \u00fcreten i\u015f\u00e7iyi, k\u00f6yl\u00fcy\u00fc, esnaf\u0131, sanatkar\u0131 koruyan ve kollayan, sosyal bir demokrasi\u2026 Ancak b\u00f6yle bir demokrasi, b\u00f6yle bir Cumhuriyet, Mustafa Kemal Atat\u00fcrk\u2019\u00fcn s\u00f6yledi\u011fi gibi, \u2018Kimsesizlerin kimsesi\u2019 olabilir.\u201d diye kaydetti.<\/span><\/p>\n<p>\u00a0<\/p>\n<p>\u00a0<\/p>\n<p><span style=\"font-size:16px;\">\u201cB\u0130ZE \u00c7OK \u00d6NEML\u0130 G\u00d6REVLER D\u00dc\u015e\u00dcYOR\u201d<\/span><\/p>\n<p>\u00a0<\/p>\n<p><span style=\"font-size:16px;\">Aktay: \u201c\u0130nsanlar\u0131n hayatlar\u0131n\u0131 ve tercihlerini yok sayarak, do\u011fal ya\u015fam\u0131n uyumunu yok ederek, yaln\u0131zca rant u\u011fruna ba\u015f\u0131m\u0131za bela edilen o lanetli projelerden ancak demokrasiyle kurtulabiliriz. Demokrasi yaln\u0131zca insanlar\u0131n de\u011fil, t\u00fcm canl\u0131lar\u0131n bir arada uyum i\u00e7erisinde ya\u015famas\u0131n\u0131n g\u00fcvencesidir. Ger\u00e7ek bir demokrasi Akkuyu\u2019nun da Cerattepe\u2019nin de g\u00fcvencesidir.\u201d \u015feklinde belirterek her konuda \u2018biz\u2019 ve \u2018onlar\u2019 diye ayr\u0131\u015ft\u0131r\u0131lan, her f\u0131rsatta birbirine kar\u015f\u0131 k\u0131\u015fk\u0131rt\u0131lan toplumun sorunlar\u0131 ger\u00e7ek bir demokraside \u00e7\u00f6zebilece\u011fini ifade etti. Bunlar\u0131n kendili\u011finden olmayaca\u011f\u0131n\u0131 ifade eden Aktay: \u201cBize \u00e7ok \u00f6nemli g\u00f6revler d\u00fc\u015f\u00fcyor. E\u015fitli\u011fin, adaletin, bar\u0131\u015f ve huzur i\u00e7inde ya\u015faman\u0131n her yurtta\u015f i\u00e7in bir hak oldu\u011funu herkese anlatmak, zorunday\u0131z. E\u015fit ko\u015fullarda, birlikte ya\u015faman\u0131n ko\u015fullar\u0131n\u0131 sa\u011flaman\u0131n devletin bir g\u00f6revi oldu\u011funu hat\u0131rlatmak zorunday\u0131z.<\/span><\/p>\n<p><span style=\"font-size:16px;\">Y\u0131llard\u0131r \u00f6r\u00fclen \u00f6nyarg\u0131 duvarlar\u0131n\u0131n da y\u0131k\u0131lmas\u0131 gerekiyor. Einstein diyor ya, \u2018\u00d6nyarg\u0131y\u0131 par\u00e7alamak, atomu par\u00e7alamaktan zordur\u2019 diye&#8230; Bizim \u00fclkemizde bu, Einstein\u2019in zannetti\u011finden de zordur.\u201d dedi.<\/span><\/p>\n<p>\u00a0<\/p>\n<p><span style=\"font-size:16px;\">\u201cT\u00dcRK\u0130YE\u2019Y\u0130 T\u00dcM RENKLER\u0130YLE KUCAKLAYAN B\u0130R D\u0130L\u0130 EGEMEN KILMALIYIZ\u201d<\/span><\/p>\n<p>\u00a0<\/p>\n<p><span style=\"font-size:16px;\">Merkez medyay\u0131 tamamen ele ge\u00e7irdi\u011fini, iktidar g\u00fcc\u00fcyle sosyal medyay\u0131 istedi\u011fi gibi y\u00f6nlendirdi\u011fini AKP her an her saniye Cumhuriyet Halk Partisi\u2019yle vatanda\u015flar aras\u0131na duvarlar \u00f6rtmeye \u00e7al\u0131\u015ft\u0131\u011f\u0131n\u0131 dile getiren Aktay: \u201c Yalanlarla, \u00e7arp\u0131tmalarla, uydurmalarla \u00f6r\u00fclen bu duvarlara kar\u015f\u0131 \u00e7ok ciddi ve kararl\u0131 bir m\u00fccadele s\u00fcrd\u00fcrmek zorunday\u0131z. Bu m\u00fccadelede, iktidar\u0131n kutupla\u015ft\u0131ran, ayr\u0131\u015ft\u0131ran, \u00f6tekile\u015ftiren dili kar\u015f\u0131s\u0131nda, T\u00fcrkiye\u2019yi t\u00fcm renkleriyle kucaklayan bir dili egemen k\u0131lmal\u0131y\u0131z. Kim oldu\u011funa, kimden oldu\u011funa bakmadan, her zaman, zorda olan\u0131n, darda kalan\u0131n, haks\u0131zl\u0131\u011fa, adaletsizli\u011fe u\u011frayan\u0131n yan\u0131nda oldu\u011fumuzu g\u00f6stermeliyiz.\u201d \u015feklinde konu\u015ftu.<\/span><\/p>\n<p>\u00a0<\/p>\n<p><span style=\"font-size:16px;\">\u201cBU \u00d6RNEKLER\u0130 \u00c7O\u011eALTMALIYIZ\u201d<\/span><\/p>\n<p>\u00a0<\/p>\n<p><span style=\"font-size:16px;\">\u201c\u00d6nyarg\u0131lar\u0131n en kolay k\u0131r\u0131ld\u0131\u011f\u0131 anlar, m\u00fccadele zamanlar\u0131d\u0131r.\u201d \u00a0diye ifade eden Aktay: \u201cKurtulu\u015f Sava\u015f\u0131m\u0131z\u0131 ve \u0130lk Meclis\u2019i d\u00fc\u015f\u00fcnelim. Milli M\u00fccadele, toplum i\u00e7indeki \u00f6nyarg\u0131lar\u0131n ve g\u00fcvensizliklerin rafa kald\u0131r\u0131lmas\u0131na vesile olmu\u015ftu. \u00d6zg\u00fcrl\u00fck ve ba\u011f\u0131ms\u0131zl\u0131k ideali, farkl\u0131 toplum kesimlerinin birbiriyle kolayca bulu\u015fup b\u00fct\u00fcnle\u015fmesini sa\u011flam\u0131\u015ft\u0131. Evet, \u00f6nyarg\u0131lar\u0131n en kolay k\u0131r\u0131ld\u0131\u011f\u0131 anlar, m\u00fccadele zamanlar\u0131d\u0131r. Ayr\u0131\u015ft\u0131rman\u0131n, kutupla\u015ft\u0131rman\u0131n en etkisiz oldu\u011fu anlar, m\u00fccadele zamanlar\u0131d\u0131r. Gezi Park\u0131 eylemlerini hat\u0131rlayal\u0131m. Hileli referandumda ula\u015ft\u0131\u011f\u0131m\u0131z \u2018hay\u0131r\u2019 zaferini hat\u0131rlayal\u0131m. \u00c7ocuk istismarc\u0131lar\u0131na af yasas\u0131na kar\u015f\u0131 kad\u0131nlar\u0131m\u0131z\u0131n OHAL\u2019e ra\u011fmen cesur hayk\u0131r\u0131\u015f\u0131n\u0131 hat\u0131rlayal\u0131m. Genel Ba\u015fkan\u0131m\u0131z Kemal K\u0131l\u0131\u00e7daro\u011flu\u2019nun Adalet Y\u00fcr\u00fcy\u00fc\u015f\u00fcn\u00fc, Maltepe Mitingini hat\u0131rlayal\u0131m. B\u00fct\u00fcn bu \u00f6rneklerde, toplumun farkl\u0131 kesimleri ortak bir ama\u00e7, ortak bir ideal u\u011fruna bir arada olmay\u0131 ba\u015farm\u0131\u015ft\u0131. Bu \u00f6rnekleri \u00e7o\u011faltmal\u0131y\u0131z. \u201d \u015feklinde belirtti.<\/span><\/p>\n<p>\u00a0<\/p>\n<p><span style=\"font-size:16px;\">\u201cHAK VE \u00d6ZG\u00dcRL\u00dcKLERDE E\u015e\u0130T OLMAK ZORUNDAYIZ\u201d<\/span><\/p>\n<p>\u00a0<\/p>\n<p><span style=\"font-size:16px;\">Aktay e\u015fit ko\u015fullarda bir arada ya\u015famak \u00e7ok de\u011ferli ama ula\u015f\u0131lmas\u0131 zor bir hedef oldu\u011funa dikkat \u00e7ekerek o hedefe ancak bir arada m\u00fccadele ederek ula\u015fabileceklerini dile getirdi. \u201cE\u015fit ko\u015fullarda ve bir arada ya\u015famak istiyorsak, hi\u00e7bir \u00f6nyarg\u0131 ta\u015f\u0131madan, hi\u00e7bir huzursuzluk hissetmeden, m\u00fccadele cephesini geni\u015fletmeyi ba\u015farmal\u0131y\u0131z.\u201d dedi.<\/span><\/p>\n<p><span style=\"font-size:16px;\">Aktay \u201c\u015eeker fabrikalar\u0131n\u0131n \u00f6zelle\u015ftirilmesine kar\u015f\u0131 \u00e7\u0131kan, \u2018\u015eeker vatand\u0131r, vatan sat\u0131lamaz\u201d diyen AK Parti se\u00e7meni, \u2018\u015feker davas\u0131nda\u2019 benim yolda\u015f\u0131md\u0131r. Ben b\u00f6yle hissediyorum. T\u00fcrkiye\u2019nin bir n\u00fckleer \u00e7\u00f6pl\u00fck ve n\u00fckleer sava\u015f alan\u0131 olmas\u0131na kar\u015f\u0131 duran, n\u00fckleer santrale hay\u0131r diyen MHP se\u00e7meni, \u2018temiz enerji\u2019 davas\u0131nda benim yolda\u015f\u0131md\u0131r. Ben b\u00f6yle hissediyorum. Kad\u0131na toplumsal ya\u015fam\u0131 yasaklayan, kad\u0131nlara y\u00f6nelik insanl\u0131k d\u0131\u015f\u0131 su\u00e7lara duyars\u0131z kalan bir zihniyete tepki g\u00f6steren HDP se\u00e7meni, \u2018kad\u0131nlar\u0131n \u00f6zg\u00fcrle\u015fmesi\u2019 davas\u0131nda benim yolda\u015f\u0131md\u0131r. Ben b\u00f6yle hissediyorum. Tek adam rejimine kar\u015f\u0131 parlamenter demokrasiyi savunan, \u00fcst\u00fcnlerin hukuku yerine hukukun \u00fcst\u00fcnl\u00fc\u011f\u00fcn\u00fc talep eden \u0130Y\u0130 Parti, Saadet Partisi ve di\u011fer t\u00fcm partilerin se\u00e7menleri, \u2018acil demokrasi\u2019 davas\u0131nda benim yolda\u015f\u0131md\u0131r. Ben b\u00f6yle hissediyorum.\u201d diye kaydetti. Aktay, bu \u00fclkede birbirlerini d\u00fc\u015fman gibi g\u00f6rerek, birlikte ya\u015fayamayacaklar\u0131na dikkat \u00e7ekerek \u201cHepimiz bir ve ayn\u0131 olmak mecburiyetinde de\u011filiz. Ama hak ve \u00f6zg\u00fcrl\u00fcklerde e\u015fit olmak zorunday\u0131z. \u00c7\u00fcnk\u00fc e\u015fitsizlik, en tehlikeli vir\u00fcst\u00fcr. Toplumlar\u0131 hastaland\u0131r\u0131r, devletleri yerle bir eder. Sa\u011fl\u0131kl\u0131 bir toplum, g\u00fc\u00e7l\u00fc ve adil bir devlet i\u00e7in&#8230; Mutlu ve huzurlu bir \u00fclkede, karde\u015f\u00e7e ya\u015fayabilmek i\u00e7in&#8230; E\u015fitli\u011fe mecburuz. Hava gibi, su gibi, mecburuz.\u201d diyerek son c\u00fcmlelerini tamamlad\u0131.<\/span><\/p>\n<\/div>\n<\/blockquote>\n","protected":false},"excerpt":{"rendered":"<p>Mersin CHP \u0130l Ba\u015fkan\u0131 Av. Adil Aktay farkl\u0131 illerden gelen CHP il ba\u015fkanlar\u0131yla bir araya geldi. D\u00fczenledikleri \u201cE\u015fit ko\u015fullarda bir arada ya\u015famak i\u00e7in\u201d konulu panelde ise bir\u00e7ok konu aktar\u0131ld\u0131. Mersin &hellip; <a href=\"https:\/\/akdenizolaygazetesi.com\/?p=1704\" class=\"more-link\">Devam\u0131n\u0131 Oku&#8230;<\/a><\/p>\n","protected":false},"author":1,"featured_media":0,"comment_status":"open","ping_status":"open","sticky":false,"template":"","format":"standard","meta":[],"categories":[],"tags":[],"_links":{"self":[{"href":"https:\/\/akdenizolaygazetesi.com\/index.php?rest_route=\/wp\/v2\/posts\/1704"}],"collection":[{"href":"https:\/\/akdenizolaygazetesi.com\/index.php?rest_route=\/wp\/v2\/posts"}],"about":[{"href":"https:\/\/akdenizolaygazetesi.com\/index.php?rest_route=\/wp\/v2\/types\/post"}],"author":[{"embeddable":true,"href":"https:\/\/akdenizolaygazetesi.com\/index.php?rest_route=\/wp\/v2\/users\/1"}],"replies":[{"embeddable":true,"href":"https:\/\/akdenizolaygazetesi.com\/index.php?rest_route=%2Fwp%2Fv2%2Fcomments&post=1704"}],"version-history":[{"count":0,"href":"https:\/\/akdenizolaygazetesi.com\/index.php?rest_route=\/wp\/v2\/posts\/1704\/revisions"}],"wp:attachment":[{"href":"https:\/\/akdenizolaygazetesi.com\/index.php?rest_route=%2Fwp%2Fv2%2Fmedia&parent=1704"}],"wp:term":[{"taxonomy":"category","embeddable":true,"href":"https:\/\/akdenizolaygazetesi.com\/index.php?rest_route=%2Fwp%2Fv2%2Fcategories&post=1704"},{"taxonomy":"post_tag","embeddable":true,"href":"https:\/\/akdenizolaygazetesi.com\/index.php?rest_route=%2Fwp%2Fv2%2Ftags&post=1704"}],"curies":[{"name":"wp","href":"https:\/\/api.w.org\/{rel}","templated":true}]}}