{"id":1705,"date":"2020-11-04T18:22:15","date_gmt":"2020-11-04T15:22:15","guid":{"rendered":"http:\/\/mersinekonomipolitikagazetesi.com\/?p=1705"},"modified":"2020-11-04T18:22:15","modified_gmt":"2020-11-04T15:22:15","slug":"asut-son-anda-adayliktan-vazgecti","status":"publish","type":"post","link":"https:\/\/akdenizolaygazetesi.com\/?p=1705","title":{"rendered":"A\u015eUT SON ANDA ADAYLIKTAN VAZGE\u00c7T\u0130!"},"content":{"rendered":"<p>MTSO&#8217;nun mevcut ba\u015fkan\u0131 \u015eerafettin A\u015fut, d\u00fcn yap\u0131lan MTSO y\u00f6netim kurulu ve meclis ba\u015fkanl\u0131\u011f\u0131 se\u00e7iminden \u00f6nce aday olmad\u0131\u011f\u0131n\u0131 a\u00e7\u0131klad\u0131.\u0130\u015fte \u015eerafettin A\u015fut&#8217;un o a\u00e7\u0131klamas\u0131:<\/p>\n<p><span style=\"font-size:16px;\"><span style=\"color: rgb(34, 34, 34); font-family: arial, sans-serif; line-height: normal;\">01 Nisan 2018 itibariyle g\u00f6reve gelen t\u00fcm Meclis \u00dcyesi Dostlar\u0131m, Meslek Komitelerinin De\u011ferli \u00dcyeleri, Odam\u0131z\u0131n De\u011ferli \u00c7al\u0131\u015fanlar\u0131, De\u011ferli Mersinliler, Bildi\u011finiz gibi uzun s\u00fcre \u00f6nce alm\u0131\u015f oldu\u011fum yeni d\u00f6nemde Oda se\u00e7imlerinde Meclise ve Y\u00f6netime aday olmama karar\u0131m\u0131 sizlerle samimi bir \u015fekilde payla\u015fm\u0131\u015ft\u0131m. Ancak, se\u00e7imler s\u00fcresince son ana kadar i\u015fimin ba\u015f\u0131nda olmam, gruplar\u0131n a\u011fabeyli\u011fini b\u0131rakmamam, t\u00fcm sekt\u00f6rleri bir araya getirmem baz\u0131 \u00e7evrelerde yanl\u0131\u015f alg\u0131land\u0131. Ben 50 senedir sanayinin, 25 senedir de STK\u2019lar\u0131n i\u00e7inde biri olarak ald\u0131\u011f\u0131m g\u00f6revi son saniyeye kadar lay\u0131k\u0131yla yapma ahlak\u0131n\u0131 b\u00fcy\u00fcklerimden ald\u0131m. Bu belirsizlik baz\u0131 \u00e7evrelerin sand\u0131\u011f\u0131 gibi, son anda bir manevra yapma veya \u015fahs\u0131ma haks\u0131zca yak\u0131\u015ft\u0131r\u0131lan bir senaryo ile tekrar g\u00f6reve gelmek gibi basit ve s\u0131\u011f bir d\u00fc\u015f\u00fcncenin de\u011fil, tam aksine zaten yeterince hiziple\u015fmi\u015f, f\u0131rkalara ve kutuplara ayr\u0131lm\u0131\u015f, bir Mersinli olarak k\u00fclt\u00fcr\u00fcm\u00fczde olmayan ayr\u0131mc\u0131l\u0131k ve kutupla\u015fmalar\u0131n zirve yapt\u0131\u011f\u0131 bu g\u00fcnlerde g\u00fczel Mersinimizin, Mersin i\u015f camias\u0131n\u0131n ve Odam\u0131z\u0131n birlik ve dirli\u011fini sa\u011flama \u00e7abas\u0131ndan ba\u015fka bir \u015fey de\u011fildi. \u0130stesem bu gruplar\u0131n \u00e7o\u011funlu\u011fu ile Y\u00f6netimi kuracak ilgiye, g\u00fcce ve \u00fcyelerimizin tevecc\u00fch\u00fcne sahibim. \u201cHerkes kar\u015f\u0131s\u0131ndakini kendi gibi bilir\u201d derler. Baz\u0131 \u00e7evreler benim o g\u00fcn yapt\u0131\u011f\u0131m aday olmama a\u00e7\u0131klamam\u0131 inand\u0131r\u0131c\u0131 bulmam\u0131\u015flar demek ki. Bu da onlar\u0131n ki\u015fili\u011fi\u2026 Bu konuda, samimi ve Mersin sevgisi ile sitem eden dostlar\u0131ma ise son s\u00f6z\u00fcm sudur: Dostlar\u0131m! konu ki\u015filer de\u011fil, de\u011ferlerdir. Mersinliler art\u0131k bu de\u011ferlere sahip \u00e7\u0131kmal\u0131d\u0131r. Umar\u0131m varl\u0131\u011f\u0131mla y\u0131llard\u0131r anlatamad\u0131\u011f\u0131m bu bilin\u00e7, belki yoklu\u011fumla bir fark\u0131ndal\u0131k olu\u015fturur ve Mersinlileri kendine getirir. Bu g\u00fcn MTSO\u2019da bir se\u00e7im yap\u0131lacak. Bu se\u00e7imde 99 Meclis \u00fcyesinin bu de\u011ferlere ve bilince sahip \u00e7\u0131kaca\u011f\u0131na inan\u0131yorum. Cumhuriyet de\u011ferleri, Vatanseverlik, laiklik, Atat\u00fcrk\u2019\u00fcn bilimsel miras\u0131, \u00e7o\u011fulculuk, t\u00fcm inan\u00e7lara sayg\u0131 ve Mersinlilik ortak paydas\u0131nda hareket eden bu ekol, bu de\u011ferleri y\u00fcceltecektir ve eminin Oday\u0131 kucakla\u015ft\u0131racak, birli\u011fi sa\u011flayacak, ayr\u0131m yapmadan k\u00fc\u00e7\u00fck bir Mersin olan Odam\u0131z\u0131n Y\u00f6netimini kuracak ve g\u00f6rev da\u011f\u0131l\u0131mlar\u0131n\u0131 lay\u0131k\u0131yla yapacakt\u0131r. Beni ve benim gibi bir \u00e7ok arkada\u015f\u0131m\u0131 gen\u00e7 ya\u015flar\u0131m\u0131zdan itibaren yeti\u015ftiren, bu g\u00f6revleri bize veren ve hatta vasiyet olarak bize tevdi eden b\u00fcy\u00fcklerimize olan s\u00f6z\u00fcm\u00fcz\u00fc bu 25 y\u0131lda her \u015feyimizden fedakarl\u0131k yaparak yerine getirdim. Kalbim rahat ve m\u00fcsterihim. 25 y\u0131ld\u0131r Morskud\u2019tan Tosy\u00f6v\u2019e, Mersin \u2013Tarsus OSB Ba\u015fkanl\u0131\u011f\u0131mdan MTSO\u2019da ald\u0131\u011f\u0131m t\u00fcm g\u00f6revlere ve yurt i\u00e7i ve yurt d\u0131\u015f\u0131 temsillere kadar, onlar\u0131n bize \u00f6\u011fretti\u011fi de\u011ferleri, kentimizin ve milletimizin de\u011ferlerini korumak ve y\u00fcceltmek i\u00e7in gece g\u00fcnd\u00fcz \u00e7al\u0131\u015ft\u0131m. Onlara selam olsun, ruhlar\u0131 \u015fad olsun. Buradan onlar\u0131n manevi \u015fahsiyetlerine ve ruhlar\u0131na sesleniyorum. Ben g\u00f6revimi yapt\u0131m ve bu bayra\u011f\u0131 aln\u0131m\u0131n ak\u0131yla teslim ediyorum. Makamlar\u0131n esiri olmad\u0131m. Odam\u0131z\u0131n s\u0131radan bir \u00fcyesi olarak da MTSO\u2019ya ve kentime hizmet etmekten gurur duyaca\u011f\u0131m. 10 y\u0131l Y\u00f6netim Kurulu Ba\u015fkanl\u0131\u011f\u0131 yapt\u0131\u011f\u0131m MTSO\u2019da makam koltu\u011funda bir kez bile orada daha \u00f6nce oturan ve bizleri yeti\u015ftiren b\u00fcy\u00fcklerimin aziz hat\u0131ras\u0131na sayg\u0131dan oturmad\u0131m. Makamlar ge\u00e7er; \u201cBaki kalan \u015fu kubbede bir ho\u015f seda imi\u015f\u201d d\u00fcsturunu unutmad\u0131m. MTSO\u2019da g\u00f6rev alan t\u00fcm dostlar\u0131ma son kez \u015funu s\u00f6ylemek isterim: MTSO \u015fahsi menfaatlerin pazarl\u0131k yeri de\u011fildir. MTSO siyaset, etnik k\u00f6ken, mezhep veya t\u00fcm di\u011fer \u00e7a\u011f d\u0131\u015f\u0131 ayr\u0131mc\u0131l\u0131klar\u0131n yeri de\u011fildir. MTSO bu kentin demokrasi de\u011feridir, kentin refah\u0131n\u0131n ve huzurunun payandas\u0131d\u0131r. Sahip \u00e7\u0131karsan\u0131z daha da y\u00fccelir. Ki\u015fisel d\u00fc\u015fmanl\u0131klarla, h\u0131rslarla, beklentilerle hareket ederseniz, MTSO bu de\u011ferleri sahiplenmeyenlerin odakland\u0131\u011f\u0131 yer olur. \u00d6nce i\u015finizi, sonra kimli\u011finizi, sonrada Mersin\u2019i kaybedersiniz. B\u00f6l\u00fcnmeyin birle\u015fin; Y\u0131kmay\u0131n yap\u0131n, Ayr\u0131\u015fmay\u0131n kucakla\u015f\u0131n, Bu de\u011ferleri sahiplenenlerin yan\u0131nda dimdik durun. Durun ki, Mersin tarihi sizi sayg\u0131yla ans\u0131n. Durun ki, gelecekte bir Mersin kals\u0131n\u2026 Merhum Akif\u2019in dedi\u011fi gibi: Sahipsiz vatan\u0131n her batmas\u0131 hakt\u0131r, Sen sahip \u00e7\u0131karsan bu vatan batmayacakt\u0131r\u2026 Hakk\u0131n\u0131z\u0131 helal edin. Allah\u2019a emanet olun.<\/span><\/span><\/p>\n","protected":false},"excerpt":{"rendered":"<p>MTSO&#8217;nun mevcut ba\u015fkan\u0131 \u015eerafettin A\u015fut, d\u00fcn yap\u0131lan MTSO y\u00f6netim kurulu ve meclis ba\u015fkanl\u0131\u011f\u0131 se\u00e7iminden \u00f6nce aday olmad\u0131\u011f\u0131n\u0131 a\u00e7\u0131klad\u0131.\u0130\u015fte \u015eerafettin A\u015fut&#8217;un o a\u00e7\u0131klamas\u0131: 01 Nisan 2018 itibariyle g\u00f6reve gelen t\u00fcm Meclis &hellip; <a href=\"https:\/\/akdenizolaygazetesi.com\/?p=1705\" class=\"more-link\">Devam\u0131n\u0131 Oku&#8230;<\/a><\/p>\n","protected":false},"author":1,"featured_media":0,"comment_status":"open","ping_status":"open","sticky":false,"template":"","format":"standard","meta":[],"categories":[],"tags":[],"_links":{"self":[{"href":"https:\/\/akdenizolaygazetesi.com\/index.php?rest_route=\/wp\/v2\/posts\/1705"}],"collection":[{"href":"https:\/\/akdenizolaygazetesi.com\/index.php?rest_route=\/wp\/v2\/posts"}],"about":[{"href":"https:\/\/akdenizolaygazetesi.com\/index.php?rest_route=\/wp\/v2\/types\/post"}],"author":[{"embeddable":true,"href":"https:\/\/akdenizolaygazetesi.com\/index.php?rest_route=\/wp\/v2\/users\/1"}],"replies":[{"embeddable":true,"href":"https:\/\/akdenizolaygazetesi.com\/index.php?rest_route=%2Fwp%2Fv2%2Fcomments&post=1705"}],"version-history":[{"count":0,"href":"https:\/\/akdenizolaygazetesi.com\/index.php?rest_route=\/wp\/v2\/posts\/1705\/revisions"}],"wp:attachment":[{"href":"https:\/\/akdenizolaygazetesi.com\/index.php?rest_route=%2Fwp%2Fv2%2Fmedia&parent=1705"}],"wp:term":[{"taxonomy":"category","embeddable":true,"href":"https:\/\/akdenizolaygazetesi.com\/index.php?rest_route=%2Fwp%2Fv2%2Fcategories&post=1705"},{"taxonomy":"post_tag","embeddable":true,"href":"https:\/\/akdenizolaygazetesi.com\/index.php?rest_route=%2Fwp%2Fv2%2Ftags&post=1705"}],"curies":[{"name":"wp","href":"https:\/\/api.w.org\/{rel}","templated":true}]}}