{"id":1706,"date":"2020-11-04T18:22:15","date_gmt":"2020-11-04T15:22:15","guid":{"rendered":"http:\/\/mersinekonomipolitikagazetesi.com\/?p=1706"},"modified":"2020-11-04T18:22:15","modified_gmt":"2020-11-04T15:22:15","slug":"kanaldan-kotu-kokular-gelmeye-basladi","status":"publish","type":"post","link":"https:\/\/akdenizolaygazetesi.com\/?p=1706","title":{"rendered":"\u201cKANALDAN K\u00d6T\u00dc KOKULAR GELMEYE BA\u015eLADI\u201d"},"content":{"rendered":"<p>Mersin Mithat Toro\u011flu Mahallesi ve \u00c7avu\u015flu Mahallesi s\u0131n\u0131r\u0131nda yer alan kanal\u0131n t\u0131kal\u0131 olmas\u0131 nedeniyle k\u00f6t\u00fc kokulara maruz kalan vatanda\u015f bu durumdan bir hayli \u015fikayet\u00e7i.<\/p>\n<div>\n<div>\n<div>\n<div>\n<div>\n<div>\n<div>\n<div>\n<div>\n<div>\n<div>\n<div id=\":4\">\n<div id=\":2\">\n<div>\n<div role=\"main\">\n<table cellpadding=\"0\" role=\"presentation\" style=\"width:1675px;\">\n<tbody>\n<tr>\n<td>\n<div>\n<div>\n<div>\n<div role=\"list\">\n<div role=\"listitem\" style=\"clear:both;\" tabindex=\"-1\">\n<div>\n<div>\n<div id=\":1sp\">\n<div data-legacy-message-id=\"162a527bfac2929d\" data-message-id=\"162a527bfac2929d\">\n<div style=\"margin-left:44px;\">\n<div id=\":1m0\">\n<div id=\":jn\">\n<div dir=\"auto\">\n<blockquote type=\"cite\">\n<div dir=\"ltr\">\n<p><span style=\"font-size:16px;\">Mersin Mithat Toro\u011flu mahallesi ve \u00c7avu\u015flu mahallesi s\u0131n\u0131r\u0131nda bulunan kanal\u0131n t\u0131kal\u0131 olmas\u0131 nedeniyle k\u00f6t\u00fc kokulara sebep oluyor. Kanal kenar\u0131nda ya\u015fayan mahalle sakinleri kanal\u0131n t\u0131kal\u0131 olmas\u0131ndan \u015fikayet\u00e7ilerini belirttiler. Kanal\u0131n hem t\u0131kal\u0131 olmas\u0131 hem de r\u00fczgar\u0131n ta\u015f\u0131d\u0131\u011f\u0131 \u00e7\u00f6pleri kanal\u0131n i\u00e7inde toplamas\u0131 mahalleye\u00a0 k\u00f6t\u00fc bir izlenim vermekte. Vatanda\u015f\u00a0 \u015fikayetlerini sosyal medyadan dile getirerek t\u0131kal\u0131 olan kanal\u0131n derhal yap\u0131lmas\u0131 isteniliyor.<\/span><\/p>\n<p>\u00a0<\/p>\n<p><span style=\"font-size:16px;\">Sosyal medyada vatanda\u015f \u015fikayetlerini ise \u015fu \u015fekilde belirtti:<\/span><\/p>\n<\/p><\/div>\n<\/blockquote>\n<blockquote type=\"cite\">\n<div dir=\"ltr\">\n<p><span style=\"font-size:16px;\">\u201cHavalarda \u0131s\u0131n\u0131yor simdi sinek ve ha\u015fereler dolacak bence \u00a0yetkililer buna el atmal\u0131 bir an \u00f6nce\u201d,<\/span><\/p>\n<\/p><\/div>\n<\/blockquote>\n<blockquote type=\"cite\">\n<div dir=\"ltr\">\n<p><span style=\"font-size:16px;\">Suyunu \u00e7ekip temizleme i\u015flemi yapabilirler batt\u0131 \u00e7\u0131kt\u0131y\u0131 beklersek yand\u0131 anam keten helva misali\u201d,<\/span><\/p>\n<\/p><\/div>\n<\/blockquote>\n<blockquote type=\"cite\">\n<div dir=\"ltr\">\n<p><span style=\"font-size:16px;\">\u201cmahalle pislik i\u00e7inde kalm\u0131\u015f yaz\u0131k insanlara.\u201d, \u201cOrada mikrop bar\u0131n\u0131yor.\u201d<\/span><\/p>\n<\/p><\/div>\n<\/blockquote><\/div>\n<\/p><\/div>\n<\/p><\/div>\n<\/p><\/div>\n<\/p><\/div>\n<\/p><\/div>\n<\/p><\/div>\n<\/p><\/div>\n<\/p><\/div>\n<\/p><\/div>\n<\/p><\/div>\n<\/p><\/div>\n<\/p><\/div>\n<\/td>\n<\/tr>\n<\/tbody>\n<\/table>\n<div style=\"clear:both;\">\u00a0<\/div>\n<\/div>\n<\/div>\n<\/div>\n<\/div>\n<\/div>\n<\/div>\n<\/div>\n<\/div>\n<\/div>\n<\/div>\n<\/div>\n<\/div>\n<\/div>\n<\/div>\n<\/div>\n","protected":false},"excerpt":{"rendered":"<p>Mersin Mithat Toro\u011flu Mahallesi ve \u00c7avu\u015flu Mahallesi s\u0131n\u0131r\u0131nda yer alan kanal\u0131n t\u0131kal\u0131 olmas\u0131 nedeniyle k\u00f6t\u00fc kokulara maruz kalan vatanda\u015f bu durumdan bir hayli \u015fikayet\u00e7i. Mersin Mithat Toro\u011flu mahallesi ve \u00c7avu\u015flu &hellip; <a href=\"https:\/\/akdenizolaygazetesi.com\/?p=1706\" class=\"more-link\">Devam\u0131n\u0131 Oku&#8230;<\/a><\/p>\n","protected":false},"author":1,"featured_media":0,"comment_status":"open","ping_status":"open","sticky":false,"template":"","format":"standard","meta":[],"categories":[],"tags":[],"_links":{"self":[{"href":"https:\/\/akdenizolaygazetesi.com\/index.php?rest_route=\/wp\/v2\/posts\/1706"}],"collection":[{"href":"https:\/\/akdenizolaygazetesi.com\/index.php?rest_route=\/wp\/v2\/posts"}],"about":[{"href":"https:\/\/akdenizolaygazetesi.com\/index.php?rest_route=\/wp\/v2\/types\/post"}],"author":[{"embeddable":true,"href":"https:\/\/akdenizolaygazetesi.com\/index.php?rest_route=\/wp\/v2\/users\/1"}],"replies":[{"embeddable":true,"href":"https:\/\/akdenizolaygazetesi.com\/index.php?rest_route=%2Fwp%2Fv2%2Fcomments&post=1706"}],"version-history":[{"count":0,"href":"https:\/\/akdenizolaygazetesi.com\/index.php?rest_route=\/wp\/v2\/posts\/1706\/revisions"}],"wp:attachment":[{"href":"https:\/\/akdenizolaygazetesi.com\/index.php?rest_route=%2Fwp%2Fv2%2Fmedia&parent=1706"}],"wp:term":[{"taxonomy":"category","embeddable":true,"href":"https:\/\/akdenizolaygazetesi.com\/index.php?rest_route=%2Fwp%2Fv2%2Fcategories&post=1706"},{"taxonomy":"post_tag","embeddable":true,"href":"https:\/\/akdenizolaygazetesi.com\/index.php?rest_route=%2Fwp%2Fv2%2Ftags&post=1706"}],"curies":[{"name":"wp","href":"https:\/\/api.w.org\/{rel}","templated":true}]}}