{"id":1707,"date":"2020-11-04T18:22:15","date_gmt":"2020-11-04T15:22:15","guid":{"rendered":"http:\/\/mersinekonomipolitikagazetesi.com\/?p=1707"},"modified":"2020-11-04T18:22:15","modified_gmt":"2020-11-04T15:22:15","slug":"baskan-kocamaz-hizmet-tanitim-toplantilarini-gulnarda-tamamladi","status":"publish","type":"post","link":"https:\/\/akdenizolaygazetesi.com\/?p=1707","title":{"rendered":"Ba\u015fkan Kocamaz, hizmet tan\u0131t\u0131m toplant\u0131lar\u0131n\u0131 G\u00fclnar&#8217;da tamamlad\u0131"},"content":{"rendered":"<p>Mersin B\u00fcy\u00fck\u015fehir Belediye Ba\u015fkan\u0131 Burhanettin Kocamaz, k\u0131rsal b\u00f6lgelerdeki hizmet adaletsizli\u011fini ortadan kald\u0131rmak i\u00e7in \u00e7al\u0131\u015ft\u0131klar\u0131n\u0131 belirterek, &#8220;Bu \u00fclkenin kurtulu\u015funda bu da\u011f\u0131n \u00e7ocuklar\u0131n\u0131n, Y\u00f6r\u00fck ve T\u00fcrkmenlerin \u00e7ok b\u00fcy\u00fck pay\u0131 var. Bu da\u011flar\u0131n \u00e7ocuklar\u0131 \u00fclke i\u00e7in m\u00fccadele ediyor. \u00dclkenin sigortas\u0131 olan bu b\u00f6lgelere hizmet etmek adeta ibadet gibi\u201d dedi.<\/p>\n<p><span style=\"font-size:16px;\"><span style=\"font-family: sans-serif; line-height: 20px; text-align: justify; background-color: rgb(242, 244, 245);\">Kocamaz, &#8216;4. Hizmet Y\u0131l\u0131 Tan\u0131t\u0131m ve Bilgilendirme Toplant\u0131s\u0131&#8217; turunu G\u00fclnar il\u00e7esinde sonland\u0131rd\u0131. \u0130l\u00e7ede vatanda\u015flar\u0131n sevgi seli ile kar\u015f\u0131lanan Ba\u015fkan Kocamaz, b\u00fcy\u00fck bir co\u015fku ile G\u00fclnarl\u0131lar ile bir araya geldi. Mersin genelinde verilen hizmetlerin yer ald\u0131\u011f\u0131 tan\u0131t\u0131m filmi ve G\u00fclnar\u2019a \u00f6zel tan\u0131t\u0131m filminin ard\u0131ndan konu\u015fan Kocamaz, Mersin\u2019in t\u00fcm il\u00e7eleri oldu\u011fu gibi G\u00fclnar\u2019\u0131n da kendileri i\u00e7in ayr\u0131 bir \u00f6neme sahip oldu\u011funu s\u00f6yledi.\u00a0<\/span><br style=\"box-sizing: border-box; font-family: sans-serif; font-size: 14px; line-height: 20px; text-align: justify; background-color: rgb(242, 244, 245);\" \/><br \/>\n<span style=\"font-family: sans-serif; line-height: 20px; text-align: justify; background-color: rgb(242, 244, 245);\">\u201c\u00dclkenin sigortas\u0131 olan bu b\u00f6lgelere hizmet etmek adeta ibadet gibi\u201d\u00a0<\/span><br style=\"box-sizing: border-box; font-family: sans-serif; font-size: 14px; line-height: 20px; text-align: justify; background-color: rgb(242, 244, 245);\" \/><br \/>\n<span style=\"font-family: sans-serif; line-height: 20px; text-align: justify; background-color: rgb(242, 244, 245);\">De\u011fi\u015fen b\u00fcy\u00fck\u015fehir yasas\u0131 ile G\u00fclnar\u2019a ge\u00e7mi\u015ftekinden daha farkl\u0131 olarak hizmet vermeye ba\u015flad\u0131klar\u0131n\u0131 anlatan Kocamaz, &#8220;Bizi destelediniz ve bizi getirdi\u011finiz g\u00f6revde omzumuza \u00e7ok daha b\u00fcy\u00fck vebal y\u00fcklendi. O g\u00fcnden bu yana gece g\u00fcnd\u00fcz demeden ko\u015fuyor, ko\u015fturuyor, her yere hizmet g\u00f6t\u00fcrmeye gayret ediyoruz. B\u00fcy\u00fck\u015fehir\u2019in 4 y\u0131ld\u0131r s\u00fcren hizmet ata\u011f\u0131 Mersin\u2019in her taraf\u0131n\u0131 ve dolay\u0131s\u0131yla G\u00fclnar\u2019\u0131 kaplad\u0131. Cumhuriyet tarihinde g\u00f6r\u00fclmeyen hizmetler 4 y\u0131l i\u00e7erisinde ger\u00e7ekle\u015fti. Problem sadece yol su de\u011fil. Bizim insan\u0131m\u0131z\u0131n deste\u011fe ihtiyac\u0131 var. Bizim insan\u0131m\u0131z \u00e7al\u0131\u015fkan. Vatanda\u015f\u0131m\u0131z\u0131n \u00fcretim yapt\u0131\u011f\u0131 b\u00f6lgelerde kullanma suyu yoktu. G\u00f6reve geldi\u011fimiz g\u00fcnden itibaren da\u011f\u0131tt\u0131\u011f\u0131m\u0131z su borular\u0131 sayesinde vatanda\u015f\u0131m\u0131z\u0131n \u00fcr\u00fcn\u00fc ve \u00fcr\u00fcn kalitesi artt\u0131\u201d diye konu\u015ftu.\u00a0<\/span><br style=\"box-sizing: border-box; font-family: sans-serif; font-size: 14px; line-height: 20px; text-align: justify; background-color: rgb(242, 244, 245);\" \/><br \/>\n<span style=\"font-family: sans-serif; line-height: 20px; text-align: justify; background-color: rgb(242, 244, 245);\">G\u00fclnar\u2019a ge\u00e7mi\u015f d\u00f6nemlerde yap\u0131lmayan gecikmi\u015f hizmetleri bir an \u00f6nce vermeye gayret ettiklerini ve G\u00fclnar\u2019\u0131n 4 y\u0131lda aya\u011fa kalkt\u0131\u011f\u0131n\u0131 belirten Kocamaz, \u201cG\u00fclnarl\u0131 \u00e7ift\u00e7ilerimizin yeti\u015ftirdikleri elmalar\u0131 g\u00f6r\u00fcnce gurur duydum. Ama bunlar\u0131n 20 kuru\u015fa sat\u0131ld\u0131\u011f\u0131n\u0131 duyunca \u00fcz\u00fcld\u00fcm ve hemen so\u011fuk hava deposunu hizmete sunmam\u0131z gerekti\u011fini d\u00fc\u015f\u00fcnd\u00fcm. \u015eu anda o depodaki elmalar daha \u00f6nce sat\u0131ld\u0131\u011f\u0131 fiyat\u0131n 10 kat\u0131na sat\u0131lacak noktaya geldi. \u0130htiya\u00e7lar \u00e7ok ama bunlar\u0131 yerine getirmek bizim boynumuzun borcu. Her yere adil hizmet g\u00f6t\u00fcr\u00fcyoruz. Bu \u00fclkenin kurtulu\u015funda bu da\u011f\u0131n \u00e7ocuklar\u0131n\u0131n, Y\u00f6r\u00fck ve T\u00fcrkmenlerin \u00e7ok b\u00fcy\u00fck pay\u0131 var. Bu da\u011flar\u0131n \u00e7ocuklar\u0131 \u00fclke i\u00e7in m\u00fccadele ediyor. \u00dclkenin sigortas\u0131 olan bu b\u00f6lgelere hizmet etmek adeta ibadet gibi\u201d ifadelerini kulland\u0131.\u00a0<\/span><br style=\"box-sizing: border-box; font-family: sans-serif; font-size: 14px; line-height: 20px; text-align: justify; background-color: rgb(242, 244, 245);\" \/><br \/>\n<span style=\"font-family: sans-serif; line-height: 20px; text-align: justify; background-color: rgb(242, 244, 245);\">\u201c\u0130natla hizmeti k\u0131rsaldan kente g\u00f6t\u00fcrece\u011fiz\u201d\u00a0<\/span><br style=\"box-sizing: border-box; font-family: sans-serif; font-size: 14px; line-height: 20px; text-align: justify; background-color: rgb(242, 244, 245);\" \/><br \/>\n<span style=\"font-family: sans-serif; line-height: 20px; text-align: justify; background-color: rgb(242, 244, 245);\">K\u0131rsala hizmet yaparken gecikmi\u015f adaletsizli\u011fin bir hak olarak vatanda\u015flara ula\u015ft\u0131r\u0131lmas\u0131ndan mutluluk duydu\u011funu kaydeden Kocamaz, \u201cBaz\u0131lar\u0131 k\u0131rsal b\u00f6lgelere hizmet vermemizden rahats\u0131z oluyorlar. Ama bunu kabullenmek zorundalar. Biz adaletsizli\u011fi ortadan kald\u0131rmak i\u00e7in daha \u00f6nce verdi\u011fimiz s\u00f6z\u00fcn sonuna kadar arkas\u0131nda duraca\u011f\u0131z. \u0130natla hizmeti k\u0131rsaldan kente g\u00f6t\u00fcrece\u011fiz. \u0130n\u015fallah en ge\u00e7 2 y\u0131l i\u00e7erisinde G\u00fclnar\u0131m\u0131za y\u0131llard\u0131r \u00f6zlemini \u00e7ekti\u011fi i\u00e7me suyu gelmi\u015f olacak ve G\u00fclnar\u2019\u0131n 100 y\u0131ll\u0131k ihtiyac\u0131n\u0131 kar\u015f\u0131lam\u0131\u015f olacak. Biz olaylara hi\u00e7 bir zaman g\u00fcn\u00fc kurtarmak anlay\u0131\u015f\u0131 ile bakmad\u0131k. Desinler diye hi\u00e7 bir i\u015f yapmad\u0131k. Bug\u00fcn yapt\u0131\u011f\u0131m\u0131z otogar G\u00fclnar\u2019\u0131n 100 y\u0131ll\u0131k ihtiyac\u0131n\u0131 kar\u015f\u0131layacak. Biz her i\u015fi gelecek ku\u015faklara hizmet edebilecek \u015fekilde yap\u0131yoruz. Mersin genelindeki hizmetleri ve G\u00fclnar\u2019daki hizmetleri biliyorsunuz. Bizi izlemeye devam edin. Bize verdi\u011finiz destekleri in\u015fallah bo\u015fa \u00e7\u0131karmayaca\u011f\u0131z. Sizlerin g\u00fcvenine lay\u0131k olabilmek i\u00e7in m\u00fccadelemizi s\u00fcrd\u00fcrece\u011fiz\u201d \u015feklinde konu\u015ftu.\u00a0<\/span><\/span><\/p>\n","protected":false},"excerpt":{"rendered":"<p>Mersin B\u00fcy\u00fck\u015fehir Belediye Ba\u015fkan\u0131 Burhanettin Kocamaz, k\u0131rsal b\u00f6lgelerdeki hizmet adaletsizli\u011fini ortadan kald\u0131rmak i\u00e7in \u00e7al\u0131\u015ft\u0131klar\u0131n\u0131 belirterek, &#8220;Bu \u00fclkenin kurtulu\u015funda bu da\u011f\u0131n \u00e7ocuklar\u0131n\u0131n, Y\u00f6r\u00fck ve T\u00fcrkmenlerin \u00e7ok b\u00fcy\u00fck pay\u0131 var. Bu da\u011flar\u0131n &hellip; <a href=\"https:\/\/akdenizolaygazetesi.com\/?p=1707\" class=\"more-link\">Devam\u0131n\u0131 Oku&#8230;<\/a><\/p>\n","protected":false},"author":1,"featured_media":0,"comment_status":"open","ping_status":"open","sticky":false,"template":"","format":"standard","meta":[],"categories":[],"tags":[],"_links":{"self":[{"href":"https:\/\/akdenizolaygazetesi.com\/index.php?rest_route=\/wp\/v2\/posts\/1707"}],"collection":[{"href":"https:\/\/akdenizolaygazetesi.com\/index.php?rest_route=\/wp\/v2\/posts"}],"about":[{"href":"https:\/\/akdenizolaygazetesi.com\/index.php?rest_route=\/wp\/v2\/types\/post"}],"author":[{"embeddable":true,"href":"https:\/\/akdenizolaygazetesi.com\/index.php?rest_route=\/wp\/v2\/users\/1"}],"replies":[{"embeddable":true,"href":"https:\/\/akdenizolaygazetesi.com\/index.php?rest_route=%2Fwp%2Fv2%2Fcomments&post=1707"}],"version-history":[{"count":0,"href":"https:\/\/akdenizolaygazetesi.com\/index.php?rest_route=\/wp\/v2\/posts\/1707\/revisions"}],"wp:attachment":[{"href":"https:\/\/akdenizolaygazetesi.com\/index.php?rest_route=%2Fwp%2Fv2%2Fmedia&parent=1707"}],"wp:term":[{"taxonomy":"category","embeddable":true,"href":"https:\/\/akdenizolaygazetesi.com\/index.php?rest_route=%2Fwp%2Fv2%2Fcategories&post=1707"},{"taxonomy":"post_tag","embeddable":true,"href":"https:\/\/akdenizolaygazetesi.com\/index.php?rest_route=%2Fwp%2Fv2%2Ftags&post=1707"}],"curies":[{"name":"wp","href":"https:\/\/api.w.org\/{rel}","templated":true}]}}