{"id":1708,"date":"2020-11-04T18:22:15","date_gmt":"2020-11-04T15:22:15","guid":{"rendered":"http:\/\/mersinekonomipolitikagazetesi.com\/?p=1708"},"modified":"2020-11-04T18:22:15","modified_gmt":"2020-11-04T15:22:15","slug":"mersinde-4-okul-4-brans-projesi","status":"publish","type":"post","link":"https:\/\/akdenizolaygazetesi.com\/?p=1708","title":{"rendered":"Mersin&#8217;de \u20184 Okul 4 Bran\u015f Projesi\u2019"},"content":{"rendered":"<p>Mersin B\u00fcy\u00fck\u015fehir Belediyesi taraf\u0131ndan \u20184 Okul 4 Bran\u015f Projesi\u2019 kapsam\u0131nda \u00f6\u011frencilere malzeme da\u011f\u0131t\u0131m\u0131 yap\u0131ld\u0131.<\/p>\n<p><span style=\"font-size:16px;\"><span style=\"font-family: sans-serif; line-height: 20px; text-align: justify; background-color: rgb(242, 244, 245);\">Mersin B\u00fcy\u00fck\u015fehir Belediyesi&#8217;nden yap\u0131lan a\u00e7\u0131klamaya g\u00f6re, Gen\u00e7lik ve Spor Bakanl\u0131\u011f\u0131, Milli E\u011fitim Bakanl\u0131\u011f\u0131, Mersin Deniz Ticaret Odas\u0131 ve Mersin Kent Konseyi ile birlikte ortakla\u015fa olarak y\u00fcr\u00fct\u00fclen \u20184 Okul 4 Bran\u015f Projesi\u2019 kapsam\u0131nda, Kanuni Ye\u015fil\u00e7imen Ortaokulu, Sel\u00e7uklar Ortaokulu, Abdullah G\u00fcnayd\u0131n \u0130lkokulu ve Bat\u0131kent \u0130lkokulu\u2019ndan toplam 121 \u00f6\u011frenciye, mayo, havlu, terlik, bone ve k\u0131rtasiye setlerinin yer ald\u0131\u011f\u0131 malzemeler da\u011f\u0131t\u0131ld\u0131.\u00a0<\/span><br style=\"box-sizing: border-box; font-family: sans-serif; font-size: 14px; line-height: 20px; text-align: justify; background-color: rgb(242, 244, 245);\" \/><br \/>\n<span style=\"font-family: sans-serif; line-height: 20px; text-align: justify; background-color: rgb(242, 244, 245);\">Kongre ve Sergi Saray\u0131 \u00c7ok Ama\u00e7l\u0131 Salonda ger\u00e7ekle\u015ftirilen t\u00f6rene, Mersin \u0130l Milli E\u011fitim M\u00fcd\u00fcr\u00fc Adem Koca, Mersin Gen\u00e7lik Spor \u0130l M\u00fcd\u00fcr\u00fc \u015eaban G\u00fcne\u015f, B\u00fcy\u00fck\u015fehir Belediyesi Genel Sekreter Yard\u0131mc\u0131s\u0131 Hasan G\u00f6kbel, Mersin Kent Konseyi Ba\u015fkan\u0131 Yasmina Lokmano\u011flu, Mersin Deniz Ticaret Odas\u0131 Genel Sekreter Yard\u0131mc\u0131s\u0131 Halil Deliba\u015f, \u00f6\u011frenciler ve \u00f6\u011fretmenleri kat\u0131ld\u0131.\u00a0<\/span><br style=\"box-sizing: border-box; font-family: sans-serif; font-size: 14px; line-height: 20px; text-align: justify; background-color: rgb(242, 244, 245);\" \/><br \/>\n<span style=\"font-family: sans-serif; line-height: 20px; text-align: justify; background-color: rgb(242, 244, 245);\">\u201cKabiliyetlerinizin gen\u00e7 ya\u015fta ke\u015ffedilmesi \u00e7ok \u00f6nemli\u201d\u00a0<\/span><br style=\"box-sizing: border-box; font-family: sans-serif; font-size: 14px; line-height: 20px; text-align: justify; background-color: rgb(242, 244, 245);\" \/><br \/>\n<span style=\"font-family: sans-serif; line-height: 20px; text-align: justify; background-color: rgb(242, 244, 245);\">T\u00f6rende \u00f6\u011frencilere hitap eden \u0130l Milli E\u011fitim M\u00fcd\u00fcr\u00fc Adem Koca, \u201cK\u00fc\u00e7\u00fck ya\u015flarda atalar\u0131m\u0131z\u0131n \u2018a\u011fa\u00e7 ya\u015fken e\u011filir\u2019 dedi\u011fi gibi bu ya\u015fta sporla tan\u0131\u015fman\u0131z, yeteneklerinizin ve kabiliyetlerinizin gen\u00e7 ya\u015fta ke\u015ffedilmesi elbette \u00f6nemli. Kabiliyetinizin gerek resimde, gerek sporda, gerek g\u00f6rsel sanatlarda, gerek tiyatroda olsun, ileri ya\u015flarda ke\u015ffedildi\u011finde kaybedilen zaman\u0131n ve kaybedilen yeteneklerin hesab\u0131n\u0131 yapamay\u0131z. Bu y\u00fczden bu proje \u00e7ok \u00f6nemli ve payda\u015f olmaktan dolay\u0131 da \u00e7ok mutluyum\u201d dedi.\u00a0<\/span><br style=\"box-sizing: border-box; font-family: sans-serif; font-size: 14px; line-height: 20px; text-align: justify; background-color: rgb(242, 244, 245);\" \/><br \/>\n<span style=\"font-family: sans-serif; line-height: 20px; text-align: justify; background-color: rgb(242, 244, 245);\">\u201cSizlerin aras\u0131ndan \u00e7ok \u00f6nemli sporcular\u0131n \u00e7\u0131kacak\u201d\u00a0<\/span><br style=\"box-sizing: border-box; font-family: sans-serif; font-size: 14px; line-height: 20px; text-align: justify; background-color: rgb(242, 244, 245);\" \/><br \/>\n<span style=\"font-family: sans-serif; line-height: 20px; text-align: justify; background-color: rgb(242, 244, 245);\">Genel Sekreter Yard\u0131mc\u0131s\u0131 Hasan G\u00f6kbel, spora erken ya\u015flarda ba\u015flanmas\u0131n\u0131n \u00e7ok \u00f6nemli oldu\u011fundan bahsederek, \u201cSporun \u00f6zellikle b\u00f6yle erken ya\u015flarda ba\u015flamas\u0131n\u0131 \u00e7ok anlaml\u0131 buluyorum. Sizleri g\u00f6rd\u00fckten sonra geriye do\u011fru bizim \u00e7ocuklu\u011fumuza d\u00f6nd\u00fc\u011f\u00fcmde, bizler o ya\u015flarda tabiri caizse futbol d\u0131\u015f\u0131nda hi\u00e7bir bran\u015fla tan\u0131\u015fmam\u0131\u015ft\u0131k. Dolay\u0131s\u0131yla bug\u00fcn 121 \u00f6\u011frencimizin atletizm, ok\u00e7uluk, bocce ve y\u00fczme gibi spor dallar\u0131nda bu ortak projede birle\u015fmesi ger\u00e7ekten \u00e7ok anlaml\u0131. \u00d6zellikle bireysel sporlara kar\u015f\u0131 sizlerin yetenekli olmas\u0131, umuyorum ki gelecekte sizlerin aras\u0131ndan \u00e7ok \u00f6nemli sporcular\u0131n \u00e7\u0131kaca\u011f\u0131n\u0131 umut ediyorum. Bu projeyi ge\u00e7ti\u011fimiz y\u0131llarda da yapt\u0131\u011f\u0131m\u0131z i\u00e7in \u00e7ok \u00f6nemsiyoruz. Umuyorum ki bu say\u0131y\u0131 daha da art\u0131raca\u011f\u0131z ve di\u011fer bran\u015flara da bunlar\u0131 \u00f6n\u00fcm\u00fczdeki d\u00f6nemlerde yayg\u0131nla\u015ft\u0131raca\u011f\u0131z. Biz tabi Mersin B\u00fcy\u00fck\u015fehir Belediyesi olarak sizin gibi gen\u00e7lere, daha do\u011frusu k\u00fc\u00e7\u00fck ya\u015flardaki gen\u00e7lerimize sporu sevdirmeyi hedefledik. Bunun i\u00e7in \u00f6zellikle okullar kapand\u0131ktan sonra 13 bran\u015fta spor akademisi dedi\u011fimiz kurslar\u0131m\u0131z\u0131 a\u00e7\u0131yoruz. Olduk\u00e7a da ra\u011fbet g\u00f6r\u00fcyor. Dolay\u0131s\u0131yla projenin ba\u015far\u0131l\u0131 olmas\u0131n\u0131, sizlerin bug\u00fcnden itibaren alaca\u011f\u0131n\u0131z spor e\u011fitimiyle ilgili bu spor dal\u0131n\u0131 sevmenizi ve bundan sonra da sizlerden \u00e7ok iyi sporcular \u00e7\u0131kaca\u011f\u0131n\u0131 \u00fcmit ediyorum&#8221; ifadelerini kulland\u0131.\u00a0<\/span><br style=\"box-sizing: border-box; font-family: sans-serif; font-size: 14px; line-height: 20px; text-align: justify; background-color: rgb(242, 244, 245);\" \/><br \/>\n<span style=\"font-family: sans-serif; line-height: 20px; text-align: justify; background-color: rgb(242, 244, 245);\">Mersin Kent Konseyi Ba\u015fkan\u0131 Yasmina Lokmano\u011flu ise, \u201cBizim amac\u0131m\u0131z sizlere birer spor dal\u0131n\u0131 tan\u0131tarak, bildi\u011finiz bir spor bulup sizin devaml\u0131l\u0131k ve \u00f6\u011frenmenize katk\u0131 sa\u011flamak. Bug\u00fcn bunun i\u00e7in buraday\u0131z ve ben sizlerle bir arada olmaktan \u00e7ok mutluyum\u201d \u015feklinde konu\u015ftu.\u00a0<\/span><\/span><\/p>\n","protected":false},"excerpt":{"rendered":"<p>Mersin B\u00fcy\u00fck\u015fehir Belediyesi taraf\u0131ndan \u20184 Okul 4 Bran\u015f Projesi\u2019 kapsam\u0131nda \u00f6\u011frencilere malzeme da\u011f\u0131t\u0131m\u0131 yap\u0131ld\u0131. Mersin B\u00fcy\u00fck\u015fehir Belediyesi&#8217;nden yap\u0131lan a\u00e7\u0131klamaya g\u00f6re, Gen\u00e7lik ve Spor Bakanl\u0131\u011f\u0131, Milli E\u011fitim Bakanl\u0131\u011f\u0131, Mersin Deniz Ticaret &hellip; <a href=\"https:\/\/akdenizolaygazetesi.com\/?p=1708\" class=\"more-link\">Devam\u0131n\u0131 Oku&#8230;<\/a><\/p>\n","protected":false},"author":1,"featured_media":0,"comment_status":"open","ping_status":"open","sticky":false,"template":"","format":"standard","meta":[],"categories":[],"tags":[],"_links":{"self":[{"href":"https:\/\/akdenizolaygazetesi.com\/index.php?rest_route=\/wp\/v2\/posts\/1708"}],"collection":[{"href":"https:\/\/akdenizolaygazetesi.com\/index.php?rest_route=\/wp\/v2\/posts"}],"about":[{"href":"https:\/\/akdenizolaygazetesi.com\/index.php?rest_route=\/wp\/v2\/types\/post"}],"author":[{"embeddable":true,"href":"https:\/\/akdenizolaygazetesi.com\/index.php?rest_route=\/wp\/v2\/users\/1"}],"replies":[{"embeddable":true,"href":"https:\/\/akdenizolaygazetesi.com\/index.php?rest_route=%2Fwp%2Fv2%2Fcomments&post=1708"}],"version-history":[{"count":0,"href":"https:\/\/akdenizolaygazetesi.com\/index.php?rest_route=\/wp\/v2\/posts\/1708\/revisions"}],"wp:attachment":[{"href":"https:\/\/akdenizolaygazetesi.com\/index.php?rest_route=%2Fwp%2Fv2%2Fmedia&parent=1708"}],"wp:term":[{"taxonomy":"category","embeddable":true,"href":"https:\/\/akdenizolaygazetesi.com\/index.php?rest_route=%2Fwp%2Fv2%2Fcategories&post=1708"},{"taxonomy":"post_tag","embeddable":true,"href":"https:\/\/akdenizolaygazetesi.com\/index.php?rest_route=%2Fwp%2Fv2%2Ftags&post=1708"}],"curies":[{"name":"wp","href":"https:\/\/api.w.org\/{rel}","templated":true}]}}