{"id":1710,"date":"2020-11-04T18:22:15","date_gmt":"2020-11-04T15:22:15","guid":{"rendered":"http:\/\/mersinekonomipolitikagazetesi.com\/?p=1710"},"modified":"2020-11-04T18:22:15","modified_gmt":"2020-11-04T15:22:15","slug":"sokakta-calisan-cocuklar-icin-afisli-uyari","status":"publish","type":"post","link":"https:\/\/akdenizolaygazetesi.com\/?p=1710","title":{"rendered":"Sokakta \u00e7al\u0131\u015fan \u00e7ocuklar i\u00e7in afi\u015fli uyar\u0131"},"content":{"rendered":"<p>Aile ve Sosyal Politikalar \u0130l M\u00fcd\u00fcrl\u00fc\u011f\u00fc b\u00fcnyesinde faaliyet g\u00f6steren Mersin \u00c7ocuk Haklar\u0131 Komitesi taraf\u0131ndan sokakta \u00e7al\u0131\u015fan \u00e7ocuklara y\u00f6nelik haz\u0131rlanan uyar\u0131 i\u00e7erikli afi\u015fler \u015fehrin ana caddelerine as\u0131ld\u0131.<\/p>\n<p><span style=\"font-size:16px;\"><span style=\"font-family: sans-serif; line-height: 20px; text-align: justify; background-color: rgb(242, 244, 245);\">Konuyla ilgili a\u00e7\u0131klama yapan koordinat\u00f6r Mustafa Sar\u0131, 2018 y\u0131l\u0131n\u0131n T\u00fcrkiye&#8217;de \u00e7ocuk i\u015f\u00e7ili\u011fi ile m\u00fccadele y\u0131l\u0131 ilan edilmesinin ard\u0131ndan Mersin&#8217;de de \u00e7al\u0131\u015fmalara h\u0131z verildi\u011fini s\u00f6yledi. \u00c7al\u0131\u015fmalarla ilgili bir takvim olu\u015fturuldu\u011funu kaydeden Sar\u0131, &#8220;\u00c7ocuk i\u015f\u00e7ili\u011fini en \u00e7ok tar\u0131mda, sanayide ve sokakta g\u00f6r\u00fcyoruz. Bu nedenle \u00f6ncelikle sokakta \u00e7al\u0131\u015fan \u00e7ocuklar\u0131 minimize edilmesi gerekir. Bu sorunun \u00e7\u00f6z\u00fcm\u00fc t\u00fcm kurum ve kurulu\u015flar\u0131n\u0131n ortak kat\u0131l\u0131m\u0131 ve deste\u011fiyle \u00e7\u00f6z\u00fclebilir. Mersin&#8217;de \u00e7ocuk i\u015f\u00e7ili\u011fini azaltmak i\u00e7in \u00f6ncelikle kamuoyu duyarl\u0131l\u0131\u011f\u0131 yaratmay\u0131 hedeflemekteyiz. \u00c7ocuklar\u0131m\u0131z\u0131 sokaktan kurtar\u0131p, e\u011fitime ve spora kazand\u0131r\u0131yoruz. Mersin&#8217;de \u00f6ncelikli olarak \u00e7\u00f6p toplayan \u00e7ocuklarla ilgili geni\u015f bir \u00e7al\u0131\u015fmam\u0131z var.Bunlarla ilgili mobil ekiplerimiz T\u00fcrkiye&#8217;ye \u00f6rnek \u00e7al\u0131\u015fmalara imza at\u0131yorlar. Bundan sonrada \u00e7ocuk i\u015f\u00e7ili\u011fi ile m\u00fccadelemiz s\u00fcrecektir&#8221; dedi.\u00a0<\/span><\/span><\/p>\n","protected":false},"excerpt":{"rendered":"<p>Aile ve Sosyal Politikalar \u0130l M\u00fcd\u00fcrl\u00fc\u011f\u00fc b\u00fcnyesinde faaliyet g\u00f6steren Mersin \u00c7ocuk Haklar\u0131 Komitesi taraf\u0131ndan sokakta \u00e7al\u0131\u015fan \u00e7ocuklara y\u00f6nelik haz\u0131rlanan uyar\u0131 i\u00e7erikli afi\u015fler \u015fehrin ana caddelerine as\u0131ld\u0131. Konuyla ilgili a\u00e7\u0131klama yapan &hellip; <a href=\"https:\/\/akdenizolaygazetesi.com\/?p=1710\" class=\"more-link\">Devam\u0131n\u0131 Oku&#8230;<\/a><\/p>\n","protected":false},"author":1,"featured_media":0,"comment_status":"open","ping_status":"open","sticky":false,"template":"","format":"standard","meta":[],"categories":[],"tags":[],"_links":{"self":[{"href":"https:\/\/akdenizolaygazetesi.com\/index.php?rest_route=\/wp\/v2\/posts\/1710"}],"collection":[{"href":"https:\/\/akdenizolaygazetesi.com\/index.php?rest_route=\/wp\/v2\/posts"}],"about":[{"href":"https:\/\/akdenizolaygazetesi.com\/index.php?rest_route=\/wp\/v2\/types\/post"}],"author":[{"embeddable":true,"href":"https:\/\/akdenizolaygazetesi.com\/index.php?rest_route=\/wp\/v2\/users\/1"}],"replies":[{"embeddable":true,"href":"https:\/\/akdenizolaygazetesi.com\/index.php?rest_route=%2Fwp%2Fv2%2Fcomments&post=1710"}],"version-history":[{"count":0,"href":"https:\/\/akdenizolaygazetesi.com\/index.php?rest_route=\/wp\/v2\/posts\/1710\/revisions"}],"wp:attachment":[{"href":"https:\/\/akdenizolaygazetesi.com\/index.php?rest_route=%2Fwp%2Fv2%2Fmedia&parent=1710"}],"wp:term":[{"taxonomy":"category","embeddable":true,"href":"https:\/\/akdenizolaygazetesi.com\/index.php?rest_route=%2Fwp%2Fv2%2Fcategories&post=1710"},{"taxonomy":"post_tag","embeddable":true,"href":"https:\/\/akdenizolaygazetesi.com\/index.php?rest_route=%2Fwp%2Fv2%2Ftags&post=1710"}],"curies":[{"name":"wp","href":"https:\/\/api.w.org\/{rel}","templated":true}]}}