{"id":1711,"date":"2020-11-04T18:22:15","date_gmt":"2020-11-04T15:22:15","guid":{"rendered":"http:\/\/mersinekonomipolitikagazetesi.com\/?p=1711"},"modified":"2020-11-04T18:22:15","modified_gmt":"2020-11-04T15:22:15","slug":"bakan-elvan-rekor-denilebilecek-bir-buyume-performansi-gosterdik","status":"publish","type":"post","link":"https:\/\/akdenizolaygazetesi.com\/?p=1711","title":{"rendered":"Bakan Elvan: &#8220;Rekor denilebilecek bir b\u00fcy\u00fcme performans\u0131 g\u00f6sterdik&#8221;"},"content":{"rendered":"<p>Kalk\u0131nma Bakan\u0131 L\u00fctfi Elvan, 2017 y\u0131l\u0131nda rekor denilebilecek bir b\u00fcy\u00fcme performans\u0131 g\u00f6sterdiklerini s\u00f6yledi.<\/p>\n<p><span style=\"font-size:16px;\"><span style=\"font-family: sans-serif; line-height: 20px; text-align: justify; background-color: rgb(242, 244, 245);\">11. Kalk\u0131nma Plan\u0131&#8217;n\u0131n 2019-2023 y\u0131llar\u0131n\u0131 kapsayaca\u011f\u0131n\u0131 belirten Bakan Elvan: &#8220;B\u00fcy\u00fcme politikam\u0131z kal\u0131c\u0131, kapsay\u0131c\u0131 ve y\u00fcr\u00fct\u00fclebilir bir b\u00fcy\u00fcme olacak. Biz 2017 y\u0131l\u0131nda nas\u0131l t\u00fcm d\u00fcnyay\u0131 \u015fa\u015f\u0131rtm\u0131\u015fsak, t\u00fcm d\u00fcnyadaki uluslararas\u0131 kurulu\u015flar\u0131n tahminlerini alt \u00fcst etmi\u015fsek, 2018 y\u0131l\u0131nda da bu performans\u0131m\u0131z\u0131 g\u00f6stermeye devam edece\u011fiz&#8221; dedi.\u00a0<\/span><br style=\"box-sizing: border-box; font-family: sans-serif; font-size: 14px; line-height: 20px; text-align: justify; background-color: rgb(242, 244, 245);\" \/><br \/>\n<span style=\"font-family: sans-serif; line-height: 20px; text-align: justify; background-color: rgb(242, 244, 245);\">11. Kalk\u0131nma Plan\u0131 Akdeniz B\u00f6lgesi \u0130sti\u015fare Toplant\u0131s\u0131, Mersin&#8217;de bir otelde ger\u00e7ekle\u015ftirildi. Mersin Valisi Ali \u0130hsan Su ile Akdeniz b\u00f6lgesinde bulunan 7 ilden vali ve vali yard\u0131mc\u0131lar\u0131 ile davetlilerin kat\u0131ld\u0131\u011f\u0131 toplant\u0131da konu\u015fan Bakan Elvan, 11\u2019inci Kalk\u0131nma Plan\u0131&#8217;n\u0131n 2019-2023 y\u0131llar\u0131n\u0131 kapsayacak bir plan oldu\u011funu s\u00f6yledi. Plan\u0131n Cumhuriyetin 100. kurulu\u015f y\u0131l\u0131nda bitece\u011fini kaydeden Elvan, &#8220;11\u2019inci Kalk\u0131nma Plan\u0131m\u0131z\u0131 ge\u00e7mi\u015f planlardan biraz daha farkl\u0131 bir y\u00f6ntemle haz\u0131rlamaya \u00e7al\u0131\u015f\u0131yoruz. Bildi\u011finiz gibi geleneksel olarak, kalk\u0131nma plan\u0131 haz\u0131rl\u0131k \u00e7al\u0131\u015fmalar\u0131 yap\u0131l\u0131r. Bunlarla ilgili \u00f6zel ihtisas komisyonlar\u0131 ve \u00e7al\u0131\u015fma gruplar\u0131 olu\u015fturulur ve bu \u00f6zek ihtisas komisyonlar\u0131nda kendi alan\u0131nda bilgi sahibi, uzman deneyimli olan \u00fcniversite \u00f6\u011fretim \u00fcyeleri, kamu kurum ve kurulu\u015flar yetkilileri kat\u0131l\u0131r. Bu \u00f6zel ihtisas komisyonlar\u0131ndan \u00e7\u0131kan neticeler, bir anlamda kalk\u0131nma plan\u0131n\u0131n \u00f6z\u00fcn\u00fc te\u015fkil eder. Bu \u00e7al\u0131\u015fmay\u0131 ger\u00e7ekle\u015ftirdik. Bug\u00fcne kadar 3 bin 500 \u00f6\u011fretim \u00fcyemiz, sivil toplum kurulu\u015flar\u0131 temsilcilerimiz bu \u00e7al\u0131\u015fmalara kat\u0131ld\u0131lar, raporlar haz\u0131rlad\u0131lar ve bakanl\u0131\u011f\u0131m\u0131za sundular. Ama biz bunlar\u0131n \u00f6tesinde kat\u0131l\u0131mc\u0131lar\u0131 daha da art\u0131rmak ad\u0131na ilave baz\u0131 \u00e7al\u0131\u015fmalar yapt\u0131k. Biraz \u00f6nce k\u0131saca de\u011finildi. 81 ilimizin her bir ilinde 3 ayr\u0131 toplant\u0131 olmak \u00fczere kad\u0131nlara y\u00f6nelik bir program d\u00fczenledik. Kad\u0131nlar\u0131m\u0131z\u0131n plan ve d\u00fc\u015f\u00fcncelerini ald\u0131k. \u0130llerin \u00f6ncelikleri nelerdir onlar\u0131 almaya \u00e7al\u0131\u015ft\u0131k. Gen\u00e7lerimizle her ilde toplant\u0131lar ger\u00e7ekle\u015ftirdik. Son olarak da her ilimizde sivil toplum kurulu\u015flar\u0131yla toplant\u0131lar ger\u00e7ekle\u015ftirdik. Yakla\u015f\u0131k 10 bin ki\u015finin sadece bu kapsamda kat\u0131l\u0131m\u0131n\u0131 sa\u011flad\u0131k&#8221; diye konu\u015ftu.\u00a0<\/span><br style=\"box-sizing: border-box; font-family: sans-serif; font-size: 14px; line-height: 20px; text-align: justify; background-color: rgb(242, 244, 245);\" \/><br \/>\n<span style=\"font-family: sans-serif; line-height: 20px; text-align: justify; background-color: rgb(242, 244, 245);\">\u00c7al\u0131\u015fmalar kapsam\u0131nda her bir bakanl\u0131k yetkilileri ile de bir araya gelindi\u011fini belirten Elvan, &#8220;14-15 saat s\u00fcren uzun s\u00fcreli toplant\u0131lar ger\u00e7ekle\u015ftirildi. Her bir bakanl\u0131\u011f\u0131m\u0131z\u0131n planda yer almas\u0131n\u0131 istedi\u011fi \u00f6ncelikler tespit edilmeye \u00e7al\u0131\u015f\u0131ld\u0131. Bir ba\u015fka \u00e7al\u0131\u015fmam\u0131z, vatanda\u015flar\u0131m\u0131z\u0131n da plana kat\u0131lmas\u0131n\u0131 arzu ettik ve bu \u00e7er\u00e7evede, bakanl\u0131\u011f\u0131m\u0131z\u0131n web sitesinde kalk\u0131nma plan\u0131m\u0131za katk\u0131 sa\u011flamak isteyen vatanda\u015flar\u0131m\u0131z\u0131n da g\u00f6r\u00fc\u015flerini, d\u00fc\u015f\u00fcncelerini ald\u0131k. Bug\u00fcne kadar da 20 binin \u00fczerinde vatanda\u015f\u0131m\u0131z \u00e7ok kapsaml\u0131 bir \u015fekilde g\u00f6r\u00fc\u015flerini, d\u00fc\u015f\u00fcncelerini bize aktard\u0131. Son olarak b\u00f6lgesel toplant\u0131lar ger\u00e7ekle\u015ftirelim dedik. 7 co\u011frafi b\u00f6lgemizde yine benim kat\u0131l\u0131m\u0131mla toplant\u0131lar ger\u00e7ekle\u015ftirdik. 7 co\u011frafi b\u00f6lgemizde belediyelerimiz, valilerimiz, meslek odas\u0131 ba\u015fkanlar\u0131m\u0131zla bir araya gelelim ve onlar\u0131n da d\u00fc\u015f\u00fcncelerini alal\u0131m istedik. Bu kapsamda bug\u00fcn Akdeniz B\u00f6lgesinin toplant\u0131s\u0131n\u0131 burada ger\u00e7ekle\u015ftiriyoruz. Bu b\u00f6lgesel d\u00fczeyde be\u015finci toplant\u0131m\u0131z. \u0130n\u015fallah \u00f6n\u00fcm\u00fczdeki hafta G\u00fcneydo\u011fu Anadolu B\u00f6lgesi i\u00e7in Diyarbak\u0131r\u2019da olaca\u011f\u0131z ve Orta Anadolu b\u00f6lgesi toplant\u0131m\u0131z\u0131 da 10 g\u00fcn i\u00e7erisinde tamamlay\u0131p, planla ilgili yaz\u0131m a\u015famas\u0131na ge\u00e7ece\u011fiz. Ben kat\u0131l\u0131mlar\u0131n\u0131zdan dolay\u0131 t\u00fcm valilerimize, rekt\u00f6rlerimize ve belediye ba\u015fkanlar\u0131m\u0131za te\u015fekk\u00fcr ediyorum&#8221; \u015feklinde konu\u015ftu.\u00a0<\/span><br style=\"box-sizing: border-box; font-family: sans-serif; font-size: 14px; line-height: 20px; text-align: justify; background-color: rgb(242, 244, 245);\" \/><br \/>\n<br style=\"box-sizing: border-box; font-family: sans-serif; font-size: 14px; line-height: 20px; text-align: justify; background-color: rgb(242, 244, 245);\" \/><br \/>\n<span style=\"font-family: sans-serif; line-height: 20px; text-align: justify; background-color: rgb(242, 244, 245);\">&#8220;Kararl\u0131 bir \u015fekilde b\u00fcy\u00fcmeye, g\u00fc\u00e7lenmeye devam ediyoruz&#8221;\u00a0<\/span><br style=\"box-sizing: border-box; font-family: sans-serif; font-size: 14px; line-height: 20px; text-align: justify; background-color: rgb(242, 244, 245);\" \/><br \/>\n<span style=\"font-family: sans-serif; line-height: 20px; text-align: justify; background-color: rgb(242, 244, 245);\">T\u00fcrkiye&#8217;nin 2013 y\u0131l\u0131ndan itibaren zaman zaman zorlu s\u00fcre\u00e7ler ge\u00e7irdi\u011finin alt\u0131n\u0131 \u00e7izen Elvan, &#8220;\u00d6zellikle b\u00fcy\u00fcmemizin, geli\u015fmemizin \u00f6n\u00fcne baz\u0131 setler \u00e7ekilmeye \u00e7al\u0131\u015f\u0131ld\u0131. Ama kararl\u0131 bir \u015fekilde b\u00fcy\u00fcmeye, g\u00fc\u00e7lenmeye devam ediyoruz. 2017 y\u0131l\u0131n\u0131n genel bir de\u011ferlendirmesini yapacak olursam, rekor denilebilecek bir b\u00fcy\u00fcme performans\u0131 g\u00f6sterdik. Y\u00fczde 7.4\u2019l\u00fck bir b\u00fcy\u00fcme performans\u0131 ger\u00e7ekle\u015ftirdik. \u0130hracatta \u00e7ift haneli b\u00fcy\u00fcmeyi sa\u011flad\u0131k. Kapasite kullan\u0131m oranlar\u0131m\u0131z olduk\u00e7a y\u00fcksek seviyeye \u00e7\u0131kt\u0131. Y\u00fczde 80\u2019ler seviyesine \u00e7\u0131kt\u0131. 2016 y\u0131l\u0131nda ya\u015fam\u0131\u015f oldu\u011fumuz s\u0131k\u0131nt\u0131lar turizm sekt\u00f6r\u00fcn\u00fc \u00f6nemli \u00f6l\u00e7\u00fcde etkilemi\u015fti. Turizm sekt\u00f6r\u00fcnde ciddi bir canlanma ba\u015flad\u0131. Genel hatlar\u0131yla bakacak olursak, 2017 y\u0131l\u0131 bizim a\u00e7\u0131m\u0131zdan olduk\u00e7a ba\u015far\u0131l\u0131 bir y\u0131l oldu. B\u00fcy\u00fcmenin kompozisyonuna bakt\u0131\u011f\u0131m\u0131zda olduk\u00e7a kapsay\u0131c\u0131 ve sa\u011fl\u0131kl\u0131 bir b\u00fcy\u00fcme oldu\u011funu g\u00f6r\u00fcyoruz. Yat\u0131r\u0131mlar\u0131n b\u00fcy\u00fcmeye \u00f6nemli bir katk\u0131 sa\u011flad\u0131\u011f\u0131n\u0131 g\u00f6r\u00fcyoruz ve ihracat\u0131n yine b\u00fcy\u00fcmeye \u00f6nemli bir katk\u0131 sa\u011flad\u0131\u011f\u0131n\u0131 g\u00f6r\u00fcyoruz. Hemen hemen her sekt\u00f6rde b\u00fcy\u00fcme ger\u00e7ekle\u015fmesi 2017 y\u0131l\u0131nda b\u00fcy\u00fcmemizin olduk\u00e7a sa\u011fl\u0131kl\u0131 gitti\u011fini g\u00f6stermektedir. 2018 y\u0131l\u0131na geldi\u011fimizde ise y\u0131la iyi ba\u015flad\u0131\u011f\u0131m\u0131z\u0131 s\u00f6yleyebiliriz. Ocak ay\u0131nda sanayi sekt\u00f6r\u00fcndeki endeksimiz y\u00fczde 12 artt\u0131. \u00c7arklar d\u00f6nmeye devam etti, kapasite alan\u0131m\u0131z y\u00fcksekli\u011fi muhafaza etti ve ilk \u00fc\u00e7 ayda ihracat\u0131m\u0131zda y\u00fczde 9\u2019luk bir art\u0131\u015f ger\u00e7ekle\u015fti. \u0130lk kez 160 milyar dolar\u0131 ge\u00e7erek, ihracat\u0131m\u0131zda 160.4 milyar dolara ula\u015ft\u0131k ve in\u015fallah 2018 y\u0131l\u0131nda da ihracat\u0131m\u0131zda rekor kurmaya devam edece\u011fiz&#8221; ifadelerini kulland\u0131.\u00a0<\/span><br style=\"box-sizing: border-box; font-family: sans-serif; font-size: 14px; line-height: 20px; text-align: justify; background-color: rgb(242, 244, 245);\" \/><br \/>\n<br style=\"box-sizing: border-box; font-family: sans-serif; font-size: 14px; line-height: 20px; text-align: justify; background-color: rgb(242, 244, 245);\" \/><br \/>\n<span style=\"font-family: sans-serif; line-height: 20px; text-align: justify; background-color: rgb(242, 244, 245);\">&#8220;2017 y\u0131l\u0131nda nas\u0131l t\u00fcm d\u00fcnyay\u0131 \u015fa\u015f\u0131rtm\u0131\u015fsak 2018&#8217;de ayn\u0131s\u0131 olacak&#8221;\u00a0<\/span><br style=\"box-sizing: border-box; font-family: sans-serif; font-size: 14px; line-height: 20px; text-align: justify; background-color: rgb(242, 244, 245);\" \/><br \/>\n<span style=\"font-family: sans-serif; line-height: 20px; text-align: justify; background-color: rgb(242, 244, 245);\">Orta vadeli programlar\u0131nda 5,5&#8217;lik b\u00fcy\u00fcme hedefini koruduklar\u0131n\u0131 vurgulayan Elvan, &#8220;Orta vadeli program\u0131m\u0131zda yine yer alan hususlar\u0131 teker teker hayata ge\u00e7iriyoruz. Ama buradan \u015funu da zikretmek istiyorum, \u00d6zellikle d\u0131\u015far\u0131dan, \u00fclke ekonomimizi k\u00f6t\u00fc g\u00f6stermeye \u00e7al\u0131\u015fan, siyasi ve tarafl\u0131 baz\u0131 yorumlar\u0131n yap\u0131ld\u0131\u011f\u0131n\u0131 g\u00f6r\u00fcyoruz. T\u00fcrkiye ekonomisinin \u00fczerinde kara bulutlar estirilmeye \u00e7al\u0131\u015f\u0131ld\u0131\u011f\u0131n\u0131 g\u00f6r\u00fcyoruz. Bunlar hi\u00e7bir zaman ba\u015far\u0131l\u0131 olamayacaklard\u0131r. Biz b\u00fcy\u00fcmeye ve istihdam olu\u015fturmaya devam edece\u011fiz. B\u00fcy\u00fcme politikam\u0131z, kal\u0131c\u0131, kapsay\u0131c\u0131 ve y\u00fcr\u00fct\u00fclebilir bir b\u00fcy\u00fcme olacak. Biz 2017 y\u0131l\u0131nda nas\u0131l t\u00fcm d\u00fcnyay\u0131 \u015fa\u015f\u0131rtm\u0131\u015fsak, t\u00fcm d\u00fcnyadaki uluslararas\u0131 kurulu\u015flar\u0131n tahminlerini alt \u00fcst etmi\u015fsek, 2018 y\u0131l\u0131nda da bu performans\u0131m\u0131z\u0131 g\u00f6stermeye devam edece\u011fiz. Bizim h\u00fck\u00fcmetimiz bug\u00fcne kadar ekonomi alan\u0131nda inan\u0131lmaz ba\u015far\u0131lara imza att\u0131. Devasa projeleri hayata ge\u00e7irdi. Hep vatanda\u015f\u0131n \u00f6nceli\u011fi bizim \u00f6nceli\u011fimiz oldu. Bu anlay\u0131\u015fla b\u00fcy\u00fcme devam edece\u011fiz. 11\u2019inci Kalk\u0131nma Plan\u0131na d\u00f6necek olursak, burada sizden beklentimiz k\u0131saca \u015fu, birincisi planda yer almas\u0131n\u0131 istedi\u011finiz hususlar nelerdir. Bu nas\u0131l bir plan olmas\u0131. Plan\u0131n ba\u015far\u0131s\u0131 i\u00e7in neler yapmal\u0131y\u0131z. Tam olarak da Akdeniz b\u00f6lgesini ilgilendiren, Akdeniz b\u00f6lgesi i\u00e7in yer almas\u0131n\u0131 istedi\u011finiz projeler nelerdir. Sizlerin bu \u00e7er\u00e7evede g\u00f6r\u00fc\u015flerini almak istiyoruz&#8221; dedi.\u00a0<\/span><br style=\"box-sizing: border-box; font-family: sans-serif; font-size: 14px; line-height: 20px; text-align: justify; background-color: rgb(242, 244, 245);\" \/><br \/>\n<span style=\"font-family: sans-serif; line-height: 20px; text-align: justify; background-color: rgb(242, 244, 245);\">A\u00e7\u0131l\u0131\u015f konu\u015fmalar\u0131n\u0131n ard\u0131ndan toplant\u0131, bas\u0131na kapal\u0131 olarak devam etti.\u00a0<\/span><\/span><\/p>\n","protected":false},"excerpt":{"rendered":"<p>Kalk\u0131nma Bakan\u0131 L\u00fctfi Elvan, 2017 y\u0131l\u0131nda rekor denilebilecek bir b\u00fcy\u00fcme performans\u0131 g\u00f6sterdiklerini s\u00f6yledi. 11. Kalk\u0131nma Plan\u0131&#8217;n\u0131n 2019-2023 y\u0131llar\u0131n\u0131 kapsayaca\u011f\u0131n\u0131 belirten Bakan Elvan: &#8220;B\u00fcy\u00fcme politikam\u0131z kal\u0131c\u0131, kapsay\u0131c\u0131 ve y\u00fcr\u00fct\u00fclebilir bir b\u00fcy\u00fcme &hellip; <a href=\"https:\/\/akdenizolaygazetesi.com\/?p=1711\" class=\"more-link\">Devam\u0131n\u0131 Oku&#8230;<\/a><\/p>\n","protected":false},"author":1,"featured_media":0,"comment_status":"open","ping_status":"open","sticky":false,"template":"","format":"standard","meta":[],"categories":[],"tags":[],"_links":{"self":[{"href":"https:\/\/akdenizolaygazetesi.com\/index.php?rest_route=\/wp\/v2\/posts\/1711"}],"collection":[{"href":"https:\/\/akdenizolaygazetesi.com\/index.php?rest_route=\/wp\/v2\/posts"}],"about":[{"href":"https:\/\/akdenizolaygazetesi.com\/index.php?rest_route=\/wp\/v2\/types\/post"}],"author":[{"embeddable":true,"href":"https:\/\/akdenizolaygazetesi.com\/index.php?rest_route=\/wp\/v2\/users\/1"}],"replies":[{"embeddable":true,"href":"https:\/\/akdenizolaygazetesi.com\/index.php?rest_route=%2Fwp%2Fv2%2Fcomments&post=1711"}],"version-history":[{"count":0,"href":"https:\/\/akdenizolaygazetesi.com\/index.php?rest_route=\/wp\/v2\/posts\/1711\/revisions"}],"wp:attachment":[{"href":"https:\/\/akdenizolaygazetesi.com\/index.php?rest_route=%2Fwp%2Fv2%2Fmedia&parent=1711"}],"wp:term":[{"taxonomy":"category","embeddable":true,"href":"https:\/\/akdenizolaygazetesi.com\/index.php?rest_route=%2Fwp%2Fv2%2Fcategories&post=1711"},{"taxonomy":"post_tag","embeddable":true,"href":"https:\/\/akdenizolaygazetesi.com\/index.php?rest_route=%2Fwp%2Fv2%2Ftags&post=1711"}],"curies":[{"name":"wp","href":"https:\/\/api.w.org\/{rel}","templated":true}]}}