{"id":17110,"date":"2022-03-08T10:31:34","date_gmt":"2022-03-08T07:31:34","guid":{"rendered":"http:\/\/akdenizolaygazetesi.com\/?p=17110"},"modified":"2022-03-08T10:31:34","modified_gmt":"2022-03-08T07:31:34","slug":"2-akdenizde-yasam-konulu-fotograf-yarismasi-basladi","status":"publish","type":"post","link":"https:\/\/akdenizolaygazetesi.com\/?p=17110","title":{"rendered":"2. AKDEN\u0130Z&#8217;DE YA\u015eAM KONULU FOTO\u011eRAF YARI\u015eMASI BA\u015eLADI"},"content":{"rendered":"<p>Akdeniz Belediyesi; \u201cAkdeniz\u2019de Ya\u015fam\u201d konulu \u00f6d\u00fcll\u00fc foto\u011fraf yar\u0131\u015fmas\u0131n\u0131n bu y\u0131l ikincisini d\u00fczenliyor. Ba\u015fkan G\u00fcltak, Akdeniz\u2019in sakl\u0131 kalm\u0131\u015f tarihi, k\u00fclt\u00fcrel ve do\u011fal g\u00fczelliklerini ortaya \u00e7\u0131karacak yar\u0131\u015fman\u0131n herkese a\u00e7\u0131k oldu\u011funu belirterek, foto\u011fraf severleri yar\u0131\u015fmaya kat\u0131lmaya davet etti.<br \/>\nAkdeniz Belediyesi K\u00fclt\u00fcr ve Sosyal \u0130\u015fler M\u00fcd\u00fcrl\u00fc\u011f\u00fc taraf\u0131ndan, Akdeniz\u2019de Ya\u015fam Konulu foto\u011fraf sergisinin bu y\u0131l ikincisi organize ediliyor. De\u011ferlendirmeye g\u00f6nderilecek foto\u011fraf\u0131n, Akdeniz il\u00e7esi s\u0131n\u0131rlar\u0131 i\u00e7erisinde \u00e7ekilmesi \u015fart\u0131 var. Yar\u0131\u015fmaya Mersin\u2019in her yerinden dileyen herkes kat\u0131l\u0131m sa\u011flayabilir. Yar\u0131\u015fma ba\u015fvurusu sadece kultursosyal@akdeniz.bel.tr mail adresinden yap\u0131lacak. J\u00fcri de\u011ferlendirmesi sonucu 1\u2019inci olan esere 5 bin TL; 2\u2019nci gelen esere 4 bin TL; 3\u2019\u00fcnc\u00fc olan esere 3 bin TL \u00f6d\u00fcl var.<br \/>\nEn fazla 3 eserle kat\u0131l\u0131m sa\u011flanabilir<br \/>\nYar\u0131\u015fmaya g\u00f6nderilecek t\u00fcm foto\u011fraflar\u0131n Akdeniz il\u00e7esi s\u0131n\u0131rlar\u0131 i\u00e7inde ve 1 Ocak 2021 ile 20 May\u0131s 2022 tarihleri i\u00e7inde \u00e7ekilmi\u015f olmas\u0131 gerekiyor. Yar\u0131\u015fmaya en fazla 3 eserle kat\u0131l\u0131m sa\u011flanabilir. Kat\u0131l\u0131m sa\u011flanacak foto\u011fraflar, daha \u00f6nce ba\u015fka bir yerde yay\u0131nlanmam\u0131\u015f ve \u00f6d\u00fcl almam\u0131\u015f olmal\u0131. Whatsapp \u00fczerinden g\u00f6nderilen foto\u011fraflar de\u011ferlendirmeye al\u0131nmayacak olup, son ba\u015fvuru tarihi 20 May\u0131s 2022\u2019dir.<br \/>\nBa\u015fkan G\u00fcltak\u2019tan \u00e7a\u011fr\u0131; \u201cYar\u0131\u015fmam\u0131za t\u00fcm foto\u011fraf severler davetli\u201d<br \/>\nAkdeniz Belediye Ba\u015fkan\u0131 M. Mustafa G\u00fcltak, K\u00fclt\u00fcr ve Sosyal \u0130\u015fler M\u00fcd\u00fcrl\u00fc\u011f\u00fc\u2019n\u00fcn bu y\u0131l ikincisini organize etti\u011fi \u201cAkdeniz\u2019de Ya\u015fam\u201d konulu foto\u011fraf yar\u0131\u015fmas\u0131n\u0131n herkese a\u00e7\u0131k oldu\u011funu belirterek t\u00fcm foto\u011fraf severlere kat\u0131l\u0131m \u00e7a\u011fr\u0131s\u0131 yapt\u0131. Ba\u015fkan G\u00fcltak; \u201cFoto\u011fraf yar\u0131\u015fmas\u0131 ile bir yandan Akdeniz il\u00e7emizin tan\u0131t\u0131m\u0131na katk\u0131 sa\u011flamak; ayr\u0131ca Akdeniz\u2019in bug\u00fcne dek g\u00fcn y\u00fcz\u00fcne \u00e7\u0131kmam\u0131\u015f sakl\u0131 kalan g\u00fczelliklerini ortaya \u00e7\u0131karmay\u0131 hedefliyoruz. Yar\u0131\u015fmam\u0131z sayesinde Akdeniz\u2019e ait zengin bir ar\u015fiv ve gelecek i\u00e7in g\u00fczel bir haf\u0131za olu\u015fturma \u015fans\u0131 da bulaca\u011f\u0131z. Akdeniz\u2019in tarihi, k\u00fclt\u00fcrel ve do\u011fal zenginliklerini g\u00fcn y\u00fcz\u00fcne \u00e7\u0131karacak yar\u0131\u015fmaya t\u00fcm foto\u011fraf sanat\u00e7\u0131lar\u0131 ve amat\u00f6r foto\u011fraf\u00e7\u0131lar\u0131 davet ediyorum. Bizim i\u00e7in \u00f6zel anlam\u0131 olan yar\u0131\u015fmam\u0131za kat\u0131lacak herkese \u015fimdiden te\u015fekk\u00fcr ediyor, ba\u015far\u0131lar diliyorum\u201d dedi.<br \/>\n\u2018Akdeniz\u2019de Ya\u015fam\u2019 \u00f6d\u00fcll\u00fc foto\u011fraf yar\u0131\u015fmas\u0131 kat\u0131l\u0131m kurallar\u0131<br \/>\n\u201cHer foto\u011frafa isim verilerek; yar\u0131\u015fmaya kat\u0131l\u0131m sa\u011flayan ki\u015finin ileti\u015fim bilgileriyle iletilmesi gerekmektedir. (foto\u011frafa verilen isim, kat\u0131l\u0131mc\u0131 ad\u0131 soyad\u0131-telefon-mail adresi). Yar\u0131\u015fma ba\u015fvurusu sadece kultursosyal@akdeniz.bel.tr mail adresinden yap\u0131lacak. Mail adresi d\u0131\u015f\u0131nda whatsapptan iletilen foto\u011fraflar de\u011ferlendirmeye al\u0131nmayacak. Yar\u0131\u015fma s\u00fcrecine ili\u015fkin t\u00fcm ileti\u015fimi (055276908 01) ve (05527690805) telefon numaralar\u0131 \u00fczerinden sa\u011flanacak.<br \/>\nMail ile iletilecek foto\u011fraflar; jpg\/JPEG format\u0131nda, boyutlar\u0131 2Mb\u2019tan k\u00fc\u00e7\u00fck olmamal\u0131, 4Mb\u2019\u0131 da ge\u00e7memeli. Yar\u0131\u015fmaya kat\u0131lan t\u00fcm foto\u011fraflar Akdeniz Belediyesi K\u00fclt\u00fcr ve Sosyal \u0130\u015fler M\u00fcd\u00fcrl\u00fc\u011f\u00fc ar\u015fivinde saklanacak. Foto\u011fraflar; Akdeniz Belediyesi\u2019nin sosyal medya payla\u015f\u0131mlar\u0131, tan\u0131t\u0131m ve programlar\u0131nda kullan\u0131l\u0131r, kullan\u0131lan foto\u011fraflar i\u00e7in telif hakk\u0131 \u00f6denmez.<br \/>\nAkdeniz Belediyesi, kendi b\u00fcnyesinde haz\u0131rlayaca\u011f\u0131 her t\u00fcrl\u00fc bas\u0131l\u0131 yay\u0131n ve internet ortam\u0131nda foto\u011fraf sahibinin ad\u0131n\u0131 a\u00e7\u0131k olarak belirterek yay\u0131nlayacakt\u0131r. J\u00fcri taraf\u0131ndan verilen temayla ilgisi bulunmayan ba\u015fvurular, geribildirimde bulunmaks\u0131z\u0131n diskalifiye edilebilir. Kimlik do\u011frulamas\u0131 yap\u0131lmayan veya kabul edilebilir nitelikte olmayan ba\u015fvurular her an j\u00fcri taraf\u0131ndan yar\u0131\u015fma d\u0131\u015f\u0131 kalabilir.<br \/>\nYar\u0131\u015fmac\u0131, beyan etti\u011fi bilgilerin do\u011frulu\u011funu tespit etmekle y\u00fck\u00fcml\u00fcd\u00fcr. Bilgi do\u011frulu\u011fu ispat edilemeyen kat\u0131l\u0131mc\u0131lar\u0131n ba\u015fvurular\u0131 ge\u00e7ersiz say\u0131l\u0131r. Yar\u0131\u015fma, belediye personeli ile j\u00fcri \u00fcyelerinin birinci derece yak\u0131nlar\u0131na a\u00e7\u0131k de\u011fildir. Kat\u0131l\u0131mc\u0131; ba\u015fvurusuyla yar\u0131\u015fmaya kat\u0131l\u0131m ko\u015fullar\u0131n\u0131 okumu\u015f ve bu ko\u015fullar\u0131n\u0131n tamam\u0131n\u0131 kabul etmi\u015f olur.\u201d Detaylar ve Bilgi \u0130\u00e7in:  www.akdeniz.bel.tr  &#8211; (0552 769 0801)<\/p>\n","protected":false},"excerpt":{"rendered":"<p>Akdeniz Belediyesi; \u201cAkdeniz\u2019de Ya\u015fam\u201d konulu \u00f6d\u00fcll\u00fc foto\u011fraf yar\u0131\u015fmas\u0131n\u0131n bu y\u0131l ikincisini d\u00fczenliyor. Ba\u015fkan G\u00fcltak, Akdeniz\u2019in sakl\u0131 kalm\u0131\u015f tarihi, k\u00fclt\u00fcrel ve do\u011fal g\u00fczelliklerini ortaya \u00e7\u0131karacak yar\u0131\u015fman\u0131n herkese a\u00e7\u0131k oldu\u011funu belirterek, foto\u011fraf &hellip; <a href=\"https:\/\/akdenizolaygazetesi.com\/?p=17110\" class=\"more-link\">Devam\u0131n\u0131 Oku&#8230;<\/a><\/p>\n","protected":false},"author":2,"featured_media":17111,"comment_status":"open","ping_status":"open","sticky":false,"template":"","format":"standard","meta":[],"categories":[34,1,3,5],"tags":[],"_links":{"self":[{"href":"https:\/\/akdenizolaygazetesi.com\/index.php?rest_route=\/wp\/v2\/posts\/17110"}],"collection":[{"href":"https:\/\/akdenizolaygazetesi.com\/index.php?rest_route=\/wp\/v2\/posts"}],"about":[{"href":"https:\/\/akdenizolaygazetesi.com\/index.php?rest_route=\/wp\/v2\/types\/post"}],"author":[{"embeddable":true,"href":"https:\/\/akdenizolaygazetesi.com\/index.php?rest_route=\/wp\/v2\/users\/2"}],"replies":[{"embeddable":true,"href":"https:\/\/akdenizolaygazetesi.com\/index.php?rest_route=%2Fwp%2Fv2%2Fcomments&post=17110"}],"version-history":[{"count":1,"href":"https:\/\/akdenizolaygazetesi.com\/index.php?rest_route=\/wp\/v2\/posts\/17110\/revisions"}],"predecessor-version":[{"id":17112,"href":"https:\/\/akdenizolaygazetesi.com\/index.php?rest_route=\/wp\/v2\/posts\/17110\/revisions\/17112"}],"wp:featuredmedia":[{"embeddable":true,"href":"https:\/\/akdenizolaygazetesi.com\/index.php?rest_route=\/wp\/v2\/media\/17111"}],"wp:attachment":[{"href":"https:\/\/akdenizolaygazetesi.com\/index.php?rest_route=%2Fwp%2Fv2%2Fmedia&parent=17110"}],"wp:term":[{"taxonomy":"category","embeddable":true,"href":"https:\/\/akdenizolaygazetesi.com\/index.php?rest_route=%2Fwp%2Fv2%2Fcategories&post=17110"},{"taxonomy":"post_tag","embeddable":true,"href":"https:\/\/akdenizolaygazetesi.com\/index.php?rest_route=%2Fwp%2Fv2%2Ftags&post=17110"}],"curies":[{"name":"wp","href":"https:\/\/api.w.org\/{rel}","templated":true}]}}