{"id":1712,"date":"2020-11-04T18:22:15","date_gmt":"2020-11-04T15:22:15","guid":{"rendered":"http:\/\/mersinekonomipolitikagazetesi.com\/?p=1712"},"modified":"2020-11-04T18:22:15","modified_gmt":"2020-11-04T15:22:15","slug":"cumhurbaskani-erdogan-bunlarin-bu-ulkede-dikili-bir-agaci-yok","status":"publish","type":"post","link":"https:\/\/akdenizolaygazetesi.com\/?p=1712","title":{"rendered":"Cumhurba\u015fkan\u0131 Erdo\u011fan: \u201cBunlar\u0131n bu \u00fclkede dikili bir a\u011fac\u0131 yok\u201d"},"content":{"rendered":"<p>Cumhurba\u015fkan\u0131 Recep Tayyip Erdo\u011fan, Akkuyu N\u00fckleer Santrali\u2019ne kar\u015f\u0131 CHP\u2019li milletvekillerinin tavr\u0131n\u0131 ele\u015ftirerek, \u201cCHP\u2019nin bir tane milletvekili Mersin\u2019de g\u00f6steri yap\u0131yor. A\u011fz\u0131nla ku\u015f tutsan avucunu yalars\u0131n. Bunlar\u0131n bu \u00fclkede dikili bir a\u011fac\u0131 yok. Nerede hay\u0131rl\u0131 bir ad\u0131m at\u0131yorsam bunlar orada. Niye? \u015eerrin temsilcileri olmas\u0131 laz\u0131m ya, bunlar \u015ferrin temsilcisi\u201d dedi.<\/p>\n<p><span style=\"font-size:16px;\"><span style=\"font-family: sans-serif; line-height: 20px; text-align: justify; background-color: rgb(242, 244, 245);\">Cumhurba\u015fkan\u0131 Erdo\u011fan, Denizli AK Parti 6. Ola\u011fan \u0130l Kongresi\u2019ne kat\u0131ld\u0131. Kongrenin a\u00e7\u0131l\u0131\u015f\u0131nda konu\u015fan Erdo\u011fan, Akkuyu\u2019da n\u00fckleer elektrik santralinin temelinin at\u0131lmas\u0131na de\u011findi. T\u00fcrkiye\u2019nin enerji ihtiyac\u0131n\u0131n y\u00fczde 10\u2019nu tek ba\u015f\u0131na kar\u015f\u0131layacak santralin temelinin Rusya Devlet Ba\u015fkan\u0131 Vladimir Putin ile birlikte at\u0131ld\u0131\u011f\u0131n\u0131 hat\u0131rlatan Erdo\u011fan, \u201cAkkuyu N\u00fckleer enerji Santrali ile T\u00fcrkiye\u2019yi n\u00fckleer enerji kullanan \u00fclkeler ligine ta\u015f\u0131yoruz. \u0130n\u015fallah \u015fuandaki n\u00fckleer enerji potansiyelimizin y\u00fczde 10\u2019nu buradan kar\u015f\u0131layaca\u011f\u0131z. \u0130n\u015fallah bundan sonra bir ikinci etab\u0131 var. Onu da Japonlar ile s\u00f6zle\u015fmemizi yapt\u0131k ad\u0131m\u0131 ataca\u011f\u0131z. \u00dc\u00e7\u00fcnc\u00fcs\u00fcn\u00fcn de haz\u0131rl\u0131klar\u0131n\u0131 yap\u0131yoruz g\u00f6r\u00fc\u015fmeler devam ediyor. Bunun ilk reakt\u00f6r\u00fcn\u00fc 2023 y\u0131l\u0131nda devreye alaca\u011f\u0131z bu yat\u0131r\u0131m ile daha ucuz ve daha temiz ger\u00e7ek anlamda \u00e7evreci bir enerji kayna\u011f\u0131 ile tan\u0131\u015fm\u0131\u015f olacak. CHP\u2019nin bir tane milletvekili Mersin\u2019de g\u00f6steri yap\u0131yor. A\u011fz\u0131nla ku\u015f tutsan avucunu yalars\u0131n. Neyin g\u00f6sterisi? Ya bunlar\u0131n i\u015fi g\u00fcc\u00fc bu ya. Bunlar\u0131n bu \u00fclkede dikili bir a\u011fac\u0131 yok. Nerede hay\u0131rl\u0131 bir ad\u0131m at\u0131yorsam bunlar orada. Niye? \u015eerrin temsilcileri olmas\u0131 laz\u0131m ya, bunlar \u015ferrin temsilcisi. Biz enerji sepetimizi dengeli bir hale getirirken bir taraftan da d\u0131\u015f ticaretteki a\u00e7\u0131\u011f\u0131m\u0131z petrol ve do\u011falgaz kaynakl\u0131 s\u0131k\u0131nt\u0131lar\u0131 bir nebze olsun in\u015fallah \u00e7\u00f6zm\u00fc\u015f olaca\u011f\u0131z. Di\u011fer t\u00fcm konuda oldu\u011fu gibi bu meselede de ana muhalefet partisinin, direncine, tepkisine ve \u00e7elmelerine muhatap olsak da in\u015fallah Akkuyu santralini hedefledi\u011fimiz \u015fekilde 2023 y\u0131l\u0131na kadar faaliyete ge\u00e7irece\u011fiz. Onlar istemese de onlar T\u00fcrkiye\u2019yi \u015fikayet etse de biz milletimize ilk g\u00fcnk\u00fc a\u015fk ile hizmet etmeye devam edece\u011fiz. Bu t\u00fcr utanmazlara ra\u011fmen T\u00fcrkiye\u2019yi b\u00fcy\u00fct\u00fcp, muas\u0131r medeniyetler seviyesine y\u00fckseltmeye devam edece\u011fiz\u201d diye konu\u015ftu.\u00a0<\/span><br style=\"box-sizing: border-box; font-family: sans-serif; font-size: 14px; line-height: 20px; text-align: justify; background-color: rgb(242, 244, 245);\" \/><br \/>\n<span style=\"font-family: sans-serif; line-height: 20px; text-align: justify; background-color: rgb(242, 244, 245);\">Konu\u015fmalar\u0131n ard\u0131ndan yap\u0131lan kongre sonras\u0131 mevcut Ba\u015fkan Necip Filiz tek liste halinde yap\u0131lan se\u00e7imde g\u00fcven tazeledi. Cumhurba\u015fkan\u0131 Erdo\u011fan kongrenin ard\u0131ndan Denizli B\u00fcy\u00fck\u015fehir Belediye Ba\u015fkan\u0131 Osman Zolan\u2019\u0131n k\u0131z\u0131n\u0131n EGS Fuar Alan\u0131\u2019nda ger\u00e7ekle\u015ftirilen nikah t\u00f6renine kat\u0131ld\u0131. K\u0131sa bir s\u00fcre burada kalan Erdo\u011fan daha sonra hava yolu ile kentten ayr\u0131ld\u0131.\u00a0<\/span><\/span><\/p>\n","protected":false},"excerpt":{"rendered":"<p>Cumhurba\u015fkan\u0131 Recep Tayyip Erdo\u011fan, Akkuyu N\u00fckleer Santrali\u2019ne kar\u015f\u0131 CHP\u2019li milletvekillerinin tavr\u0131n\u0131 ele\u015ftirerek, \u201cCHP\u2019nin bir tane milletvekili Mersin\u2019de g\u00f6steri yap\u0131yor. A\u011fz\u0131nla ku\u015f tutsan avucunu yalars\u0131n. Bunlar\u0131n bu \u00fclkede dikili bir a\u011fac\u0131 &hellip; <a href=\"https:\/\/akdenizolaygazetesi.com\/?p=1712\" class=\"more-link\">Devam\u0131n\u0131 Oku&#8230;<\/a><\/p>\n","protected":false},"author":1,"featured_media":0,"comment_status":"open","ping_status":"open","sticky":false,"template":"","format":"standard","meta":[],"categories":[],"tags":[],"_links":{"self":[{"href":"https:\/\/akdenizolaygazetesi.com\/index.php?rest_route=\/wp\/v2\/posts\/1712"}],"collection":[{"href":"https:\/\/akdenizolaygazetesi.com\/index.php?rest_route=\/wp\/v2\/posts"}],"about":[{"href":"https:\/\/akdenizolaygazetesi.com\/index.php?rest_route=\/wp\/v2\/types\/post"}],"author":[{"embeddable":true,"href":"https:\/\/akdenizolaygazetesi.com\/index.php?rest_route=\/wp\/v2\/users\/1"}],"replies":[{"embeddable":true,"href":"https:\/\/akdenizolaygazetesi.com\/index.php?rest_route=%2Fwp%2Fv2%2Fcomments&post=1712"}],"version-history":[{"count":0,"href":"https:\/\/akdenizolaygazetesi.com\/index.php?rest_route=\/wp\/v2\/posts\/1712\/revisions"}],"wp:attachment":[{"href":"https:\/\/akdenizolaygazetesi.com\/index.php?rest_route=%2Fwp%2Fv2%2Fmedia&parent=1712"}],"wp:term":[{"taxonomy":"category","embeddable":true,"href":"https:\/\/akdenizolaygazetesi.com\/index.php?rest_route=%2Fwp%2Fv2%2Fcategories&post=1712"},{"taxonomy":"post_tag","embeddable":true,"href":"https:\/\/akdenizolaygazetesi.com\/index.php?rest_route=%2Fwp%2Fv2%2Ftags&post=1712"}],"curies":[{"name":"wp","href":"https:\/\/api.w.org\/{rel}","templated":true}]}}