{"id":17123,"date":"2022-03-09T12:48:59","date_gmt":"2022-03-09T09:48:59","guid":{"rendered":"http:\/\/akdenizolaygazetesi.com\/?p=17123"},"modified":"2022-03-09T12:48:59","modified_gmt":"2022-03-09T09:48:59","slug":"mersinli-kadinlar-8-martta-kendi-seslerine-ses-verdi","status":"publish","type":"post","link":"https:\/\/akdenizolaygazetesi.com\/?p=17123","title":{"rendered":"MERS\u0130NL\u0130 KADINLAR 8 MART&#8217;TA KEND\u0130 SESLER\u0130NE SES VERD\u0130"},"content":{"rendered":"<p>Mersin B\u00fcy\u00fck\u015fehir Belediyesi, 8 Mart D\u00fcnya Emek\u00e7i Kad\u0131nlar G\u00fcn\u00fc&#8217;nde &#8220;Kad\u0131n Kad\u0131n\u0131n Karde\u015fidir&#8221; slogan\u0131yla binlerce kad\u0131n\u0131 \u00d6zgecan Aslan Bar\u0131\u015f Meydan\u0131&#8217;ndaki \u015eevval Sam konserinde bulu\u015fturdu. Meral Se\u00e7er&#8217;le birlikte konsere kat\u0131lan Mersin B\u00fcy\u00fck\u015fehir Belediye Ba\u015fkan\u0131 Vahap Se\u00e7er, &#8220;Mustafa Kemal Atat\u00fcrk&#8217;\u00fcn izinden gidip de kad\u0131nlar\u0131 omuzumuzda, ba\u015f\u0131m\u0131z\u0131n \u00fczerinde ta\u015f\u0131mamak m\u00fcmk\u00fcn de\u011fil&#8221; derken, Meral Se\u00e7er &#8220;Umar\u0131m g\u00fczel \u015fark\u0131lar\u0131 s\u00f6yleyece\u011fimiz, enerji dolu g\u00fcnler bizim olur&#8221; diye konu\u015ftu.<\/p>\n<p>Kad\u0131nlar 150 metrelik mor bez a\u00e7\u0131p y\u00fcr\u00fcd\u00fc<\/p>\n<p>B\u00fcy\u00fck\u015fehir Belediyesi&#8217;nin 8 Mart D\u00fcnya Emek\u00e7i Kad\u0131nlar G\u00fcn\u00fc dolay\u0131s\u0131yla g\u00fcnler \u00f6ncesinden d\u00fczenledi\u011fi s\u00f6yle\u015fi, sergi ve panel gibi bir\u00e7ok etkinli\u011fin ard\u0131ndan kad\u0131nlar, B\u00fcy\u00fck\u015fehir&#8217;in d\u00fczenledi\u011fi 8 Mart y\u00fcr\u00fcy\u00fc\u015f\u00fcnde bir araya geldi. Marina yan\u0131ndaki Atl\u0131 Havuz \u00d6n\u00fc&#8217;nden ba\u015flayan y\u00fcr\u00fcy\u00fc\u015fte 150 metre uzunlu\u011funda mor bir bez a\u00e7\u0131ld\u0131. Hayat\u0131n\u0131 kaybeden kad\u0131nlar\u0131 anma amac\u0131yla d\u00fczenlenen y\u00fcr\u00fcy\u00fc\u015fte kad\u0131nlar ayn\u0131 ritimle davullara vurup, d\u00fcd\u00fck \u00e7ald\u0131. Mersinden Kad\u0131n Kooperatifi Ba\u015fkan\u0131 Meral Se\u00e7er&#8217;in de aralar\u0131nda yer ald\u0131\u011f\u0131 y\u00fczlerce kad\u0131n, y\u00fcr\u00fcy\u00fc\u015f\u00fc \u00d6zgecan Aslan Bar\u0131\u015f Meydan\u0131&#8217;nda noktalayarak \u015eevval Sam konserinde kendi seslerine ses katt\u0131.<\/p>\n<p>\u015eevval Sam, Akdeniz&#8217;de Karadeniz t\u00fcrk\u00fcleri yakt\u0131<\/p>\n<p>\u00d6zgecan Aslan Bar\u0131\u015f Meydan\u0131&#8217;nda &#8216;Ko\u00e7ari&#8217; \u015fark\u0131s\u0131yla konsere ba\u015flayan \u015eevval Sam, Akdeniz&#8217;de Karadeniz t\u00fcrk\u00fcleri yakt\u0131. Konsere gelen binlerce kad\u0131n \u015fark\u0131lara hep bir a\u011f\u0131zdan e\u015flik etti. Kimi zaman h\u00fcz\u00fcnl\u00fc kimi zaman hareketli \u015fark\u0131lar\u0131 seslendiren \u015eevval Sam, sahneden Kaz\u0131m Koyuncu&#8217;ya da selam g\u00f6ndererek &#8216;Dido&#8217; \u015fark\u0131s\u0131n\u0131 s\u00f6yledi. \u015eark\u0131ya e\u015flik eden kad\u0131nlar h\u00fcz\u00fcnl\u00fc anlar ya\u015fad\u0131.<\/p>\n<p>Mersin B\u00fcy\u00fck\u015fehir Belediye Ba\u015fkan\u0131 Vahap Se\u00e7er de Meral Se\u00e7er&#8217;le birlikte \u015eevval Sam&#8217;\u0131n s\u00f6yledi\u011fi \u015fark\u0131lara e\u015flik etti. Konserde Ba\u015fkan Se\u00e7er ve Meral Se\u00e7er&#8217;in yan\u0131 s\u0131ra CHP Parti Meclisi \u00dcyesi ve Mersin Milletvekili Ali Mahir Ba\u015far\u0131r, Yeni\u015fehir Belediye Ba\u015fkan\u0131 Abdullah \u00d6zyi\u011fit, CHP Mersin \u0130l Kad\u0131n Kollar\u0131 Ba\u015fkan\u0131 G\u00fcl\u015fah Y\u0131ld\u0131r\u0131m Gen\u00e7, siyasi parti temsilcileri, Meclis \u00fcyeleri ve \u00e7ok say\u0131da vatanda\u015f yer ald\u0131.<\/p>\n<p>Sahnede hep bir a\u011f\u0131zdan \u0130zmir Mar\u015f\u0131&#8217;n\u0131 s\u00f6ylediler<\/p>\n<p>Son \u015fark\u0131ya ge\u00e7meden \u00f6nce Ba\u015fkan Se\u00e7er ve Meral Se\u00e7er&#8217;i sahneye davet eden \u015eevval Sam, kendilerini bu anlaml\u0131 g\u00fcnde Mersinli kad\u0131nlarla bir araya getirdikleri i\u00e7in Ba\u015fkan Se\u00e7er&#8217;e te\u015fekk\u00fcr etti. Meral Se\u00e7er, Mersinden Kad\u0131n Kooperatifi&#8217;nin giri\u015fimleriyle \u00c7aml\u0131yaylal\u0131 kad\u0131nlar\u0131n yapt\u0131\u011f\u0131 i\u011fne oyas\u0131ndan yap\u0131lan bilekli\u011fi Sam&#8217;a hediye etti. Sam, &#8216;Silifke&#8217;nin Yo\u011furdu&#8217; t\u00fcrk\u00fcs\u00fc e\u015fli\u011finde kendisine takdim edilen \u00e7i\u00e7e\u011fin ard\u0131ndan Ba\u015fkan Se\u00e7er, Meral Se\u00e7er ve protokol \u00fcyeleriyle birlikte &#8216;\u0130zmir Mar\u015f\u0131&#8217;n\u0131 s\u00f6yledi.<\/p>\n<p>Ba\u015fkan Se\u00e7er: &#8220;Sesinize ses olmaya geldim&#8221;<\/p>\n<p>Ba\u015fkan Se\u00e7er, s\u00f6zlerine kad\u0131nlar\u0131n g\u00fcn\u00fcn\u00fc kutlayarak ba\u015flad\u0131. Mersinliler&#8217;in \u015eevval Sam&#8217;\u0131 \u00e7ok sevdi\u011fini vurgulayan Se\u00e7er, &#8220;G\u00f6r\u00fcyorsunuz herkes \u00e7ok mutlu, enerjisi y\u00fcksek. Bug\u00fcn kad\u0131nlar\u0131m\u0131z\u0131n g\u00fcn\u00fc. Bizler kad\u0131nlar\u0131m\u0131z\u0131 \u00f6nemsiyoruz, seviyoruz ve sayg\u0131 duyuyoruz. Her zaman ba\u015f tac\u0131 yap\u0131yoruz. Bug\u00fcn konu\u015fma s\u0131ras\u0131 kad\u0131nlar\u0131m\u0131z\u0131n. Ben sizi dinlemeye, sesinize ses olmaya geldim sadece&#8221; dedi. Mikrofonu Meral Se\u00e7er&#8217;e b\u0131rakaca\u011f\u0131n\u0131 ifade eden Ba\u015fkan Se\u00e7er, &#8220;Biz b\u00fct\u00fcn belediye ba\u015fkanlar\u0131, partimin milletvekilleri, partime hizmet eden b\u00fct\u00fcn siyasiler; Ulu \u00d6nder Mustafa Kemal Atat\u00fcrk&#8217;\u00fcn izinden gidiyoruz. Mustafa Kemal Atat\u00fcrk&#8217;\u00fcn izinden gidip de kad\u0131nlar\u0131 omuzumuzda, ba\u015f\u0131m\u0131z\u0131n \u00fczerinde ta\u015f\u0131mamak m\u00fcmk\u00fcn de\u011fil&#8221; c\u00fcmleleriyle s\u00f6zlerini noktalad\u0131.<\/p>\n<p>Meral Se\u00e7er: &#8220;Umar\u0131m en k\u00f6t\u00fc g\u00fcn\u00fcm\u00fcz b\u00f6yle olur&#8221;<\/p>\n<p>Meral Se\u00e7er de zaman zaman kad\u0131nlarla farkl\u0131 yerlerde bir araya geldi\u011fini belirterek, &#8220;Bug\u00fcn burada hepinizle g\u00fczel \u015fark\u0131lar s\u00f6yl\u00fcyoruz. Umar\u0131m en k\u00f6t\u00fc g\u00fcn\u00fcm\u00fcz b\u00f6yle olur. G\u00fczel \u015fark\u0131lar\u0131 s\u00f6yleyece\u011fimiz, enerji dolu g\u00fcnler bizim olur. Hepinizin 8 Mart D\u00fcnya Emek\u00e7i Kad\u0131nlar G\u00fcn\u00fc kutlu olsun&#8221; dedi.<\/p>\n<p>\u015eevval Sam: &#8220;Kad\u0131n kad\u0131n\u0131n kurdu de\u011fil yurdudur&#8221;<\/p>\n<p>\u015eevval Sam, konserin \u00d6zgecan Aslan Bar\u0131\u015f Meydan\u0131&#8217;nda ger\u00e7ekle\u015ftirildi\u011fine dikkat \u00e7ekerek, &#8220;Sadece bir gen\u00e7 k\u0131z\u0131m\u0131z de\u011fil, her g\u00fcn duydu\u011fumuz, duymad\u0131\u011f\u0131m\u0131z onlarca gen\u00e7 k\u0131z\u0131m\u0131z\u0131 maalesef \u015fiddete kurban veriyoruz. Anneler; erkek \u00e7ocuklar\u0131n\u0131za bol bol sevgi verin. Onlara \u015fiddetten uzak durmalar\u0131n\u0131 \u00f6\u011f\u00fctleyin. Kad\u0131n ya da erkek ay\u0131rmadan, insan olarak sevmesini \u00f6\u011fretin l\u00fctfen&#8221; dedi. Sam, konserde muhte\u015fem bir kalabal\u0131k oldu\u011funu belirterek, &#8220;Kad\u0131n kad\u0131n\u0131n kurdu de\u011fil yurdudur. Bu d\u00fcnyay\u0131 kurtaracaksa kad\u0131nlar kurtaracak&#8221; diye konu\u015ftu.<\/p>\n<p>CHP Parti Meclisi \u00dcyesi ve Mersin Milletvekili Ali Mahir Ba\u015far\u0131r, d\u00fcnyada kad\u0131nlara en erken se\u00e7me ve se\u00e7ilme hakk\u0131n\u0131 veren Ulu \u00d6nder Mustafa Kemal Atat\u00fcrk&#8217;\u00fcn \u00f6n\u00fcnde sayg\u0131yla e\u011fildi\u011fini ifade ederek, &#8220;M\u00fcfide \u0130lhan; T\u00fcrkiye&#8217;nin ilk kad\u0131n belediye ba\u015fkan\u0131, Mersin Belediye Ba\u015fkan\u0131. Bu ilin milletvekili olmaktan da gurur duyuyorum. G\u00fcn\u00fcn\u00fcz kutlu olsun&#8221; dedi.<br \/>\nYeni\u015fehir Belediye Ba\u015fkan\u0131 Abdullah \u00d6zyi\u011fit ise &#8220;Kad\u0131nlar\u0131n o g\u00fczel y\u00fcrekleriyle, emekleriyle, vicdanlar\u0131yla biz buraya geldik. Buna lay\u0131k olmaya \u00e7al\u0131\u015f\u0131yoruz&#8221; diye konu\u015ftu. CHP Mersin \u0130l Kad\u0131n Kollar\u0131 Ba\u015fkan\u0131 G\u00fcl\u015fah Y\u0131ld\u0131r\u0131m Gen\u00e7 de, &#8220;E\u015fit, adil, hak\u00e7a, \u00f6zg\u00fcrce ya\u015fad\u0131\u011f\u0131m\u0131z yar\u0131nlar\u0131 biz kad\u0131nlar hep birlikte in\u015fa edece\u011fiz&#8221; dedi.<br \/>\nMersinli kad\u0131nlar konser co\u015fkusuna ortak oldu<br \/>\nKonsere kat\u0131lan kad\u0131nlardan Funda Do\u011fanlar, &#8220;Bug\u00fcn geldi\u011fimiz i\u00e7in \u00e7ok mutluyum&#8221; derken, \u00d6zlem M\u00fcmtaz ise &#8220;\u00c7ok seviyorum. Onun i\u00e7in saat 13.00&#8217;ten beridir burada bekliyorum. Vahap Se\u00e7er&#8217;i ayakta alk\u0131\u015fl\u0131yorum. \u00c7ok g\u00fczel \u015feyler yap\u0131yor&#8221; diye konu\u015ftu. Bir arada olduk\u00e7a g\u00fc\u00e7leneceklerini vurgulayan kad\u0131nlardan Eylem Eren, &#8220;Bir ki\u015fi belki bir \u015feyleri de\u011fi\u015ftiremez ama hepimiz beraber bir \u015feyler yapabiliriz. Bug\u00fcn burada olmak \u00e7ok k\u0131ymetli&#8221; dedi. Asl\u0131 \u00d6zcan da daha fazla fark\u0131ndal\u0131k yaratmak i\u00e7in meydanda olduklar\u0131n\u0131 vurgulayarak, &#8220;Hem h\u00fcz\u00fcnl\u00fc hem co\u015fkulu bir atmosfer var burada. Umar\u0131m daha iyiye gidece\u011fiz. Bu da bizim iste\u011fimiz ve azmimizle olacak&#8221; ifadelerine yer verdi.<\/p>\n","protected":false},"excerpt":{"rendered":"<p>Mersin B\u00fcy\u00fck\u015fehir Belediyesi, 8 Mart D\u00fcnya Emek\u00e7i Kad\u0131nlar G\u00fcn\u00fc&#8217;nde &#8220;Kad\u0131n Kad\u0131n\u0131n Karde\u015fidir&#8221; slogan\u0131yla binlerce kad\u0131n\u0131 \u00d6zgecan Aslan Bar\u0131\u015f Meydan\u0131&#8217;ndaki \u015eevval Sam konserinde bulu\u015fturdu. Meral Se\u00e7er&#8217;le birlikte konsere kat\u0131lan Mersin B\u00fcy\u00fck\u015fehir &hellip; <a href=\"https:\/\/akdenizolaygazetesi.com\/?p=17123\" class=\"more-link\">Devam\u0131n\u0131 Oku&#8230;<\/a><\/p>\n","protected":false},"author":2,"featured_media":17124,"comment_status":"open","ping_status":"open","sticky":false,"template":"","format":"standard","meta":[],"categories":[7,2,3],"tags":[],"_links":{"self":[{"href":"https:\/\/akdenizolaygazetesi.com\/index.php?rest_route=\/wp\/v2\/posts\/17123"}],"collection":[{"href":"https:\/\/akdenizolaygazetesi.com\/index.php?rest_route=\/wp\/v2\/posts"}],"about":[{"href":"https:\/\/akdenizolaygazetesi.com\/index.php?rest_route=\/wp\/v2\/types\/post"}],"author":[{"embeddable":true,"href":"https:\/\/akdenizolaygazetesi.com\/index.php?rest_route=\/wp\/v2\/users\/2"}],"replies":[{"embeddable":true,"href":"https:\/\/akdenizolaygazetesi.com\/index.php?rest_route=%2Fwp%2Fv2%2Fcomments&post=17123"}],"version-history":[{"count":1,"href":"https:\/\/akdenizolaygazetesi.com\/index.php?rest_route=\/wp\/v2\/posts\/17123\/revisions"}],"predecessor-version":[{"id":17125,"href":"https:\/\/akdenizolaygazetesi.com\/index.php?rest_route=\/wp\/v2\/posts\/17123\/revisions\/17125"}],"wp:featuredmedia":[{"embeddable":true,"href":"https:\/\/akdenizolaygazetesi.com\/index.php?rest_route=\/wp\/v2\/media\/17124"}],"wp:attachment":[{"href":"https:\/\/akdenizolaygazetesi.com\/index.php?rest_route=%2Fwp%2Fv2%2Fmedia&parent=17123"}],"wp:term":[{"taxonomy":"category","embeddable":true,"href":"https:\/\/akdenizolaygazetesi.com\/index.php?rest_route=%2Fwp%2Fv2%2Fcategories&post=17123"},{"taxonomy":"post_tag","embeddable":true,"href":"https:\/\/akdenizolaygazetesi.com\/index.php?rest_route=%2Fwp%2Fv2%2Ftags&post=17123"}],"curies":[{"name":"wp","href":"https:\/\/api.w.org\/{rel}","templated":true}]}}