{"id":17126,"date":"2022-03-09T12:51:36","date_gmt":"2022-03-09T09:51:36","guid":{"rendered":"http:\/\/akdenizolaygazetesi.com\/?p=17126"},"modified":"2022-03-09T12:51:36","modified_gmt":"2022-03-09T09:51:36","slug":"mersin-buyuksehirden-tarsus-genclik-kampinda-8-marta-ozel-sergi","status":"publish","type":"post","link":"https:\/\/akdenizolaygazetesi.com\/?p=17126","title":{"rendered":"MERS\u0130N B\u00dcY\u00dcK\u015eEH\u0130R&#8217;DEN TARSUS GEN\u00c7L\u0130K KAMPI&#8217;NDA 8 MART&#8217;A \u00d6ZEL SERG\u0130"},"content":{"rendered":"<p>Mersin B\u00fcy\u00fck\u015fehir Belediyesi, 8 Mart D\u00fcnya Emek\u00e7i Kad\u0131nlar G\u00fcn\u00fc&#8217;n\u00fc dolu dolu etkinliklerle kutlad\u0131. B\u00fcy\u00fck\u015fehir Belediyesi Kad\u0131n ve Aile Hizmetleri Dairesi&#8217;ne ba\u011fl\u0131 olan Tarsus Gen\u00e7lik Kamp\u0131&#8217;nda 8 Mart dolay\u0131s\u0131yla d\u00fczenlenen Sanat Kamp\u0131&#8217;nda onlarca ressam\u0131n \u00f6zg\u00fcn i\u00e7eriklerle tuvale d\u00f6kt\u00fc\u011f\u00fc 80 eser, a\u00e7\u0131lan sergide g\u00f6r\u00fcc\u00fcye \u00e7\u0131kt\u0131.<br \/>\nBirbirinden g\u00fczel eserler sergilendi<br \/>\nB\u00fcy\u00fck\u015fehir Belediyesi&#8217;nin destekledi\u011fi Tarsus&#8217;a De\u011fer Katanlar Kurulu (TADEKA) Plastik Sanatlar Komisyonu&#8217;nun 8 Mart dolay\u0131s\u0131yla d\u00fczenledi\u011fi ve kendi malzemelerini getiren t\u00fcm sanat\u00e7\u0131lar\u0131n kat\u0131labildi\u011fi etkinlik renkli g\u00f6r\u00fcnt\u00fclere sahne oldu. Bu kapsamda onlarca kad\u0131n ressam, 4 g\u00fcn boyunca Gen\u00e7lik Kamp\u0131&#8217;nda misafir edildi. Birbirinden g\u00fczel 80 eser, d\u00fczenlenen sergiyle vatanda\u015flar\u0131n be\u011fenisine sunuldu. Eserler Tarsus&#8217;ta sergilendikten sonra B\u00fcy\u00fck\u015fehir Belediyesi Kad\u0131n ve Aile Hizmetleri Dairesi&#8217;nin d\u00fczenleyece\u011fi etkinlikler kapsam\u0131nda di\u011fer il\u00e7elerde de vatanda\u015flarla bulu\u015fturulacak.<br \/>\nResim sergisinde, Mersin \u00dcniversitesi Devlet Konservatuar\u0131 \u00f6\u011frencisi olan ve uluslararas\u0131 bir\u00e7ok ba\u015far\u0131s\u0131 bulunan keman sanat\u00e7\u0131s\u0131 \u0130dil Ol\u011far da \u00e7ald\u0131\u011f\u0131 eserlerle sanat dolu dakikalar ya\u015fanmas\u0131n\u0131 sa\u011flad\u0131.<br \/>\nB\u00fcy\u00fck\u015fehir Belediye Meclis \u00fcyesi ve \u0130mar \u0130n\u015faat A.\u015e. Genel M\u00fcd\u00fcr\u00fc Ali Uyan, B\u00fcy\u00fck\u015fehir Belediye Meclis \u00fcyesi \u00dcnzile Kuru, CHP Tarsus \u0130l\u00e7e Ba\u015fkan\u0131 Ozan Varal ve sanatseverlerin kat\u0131l\u0131m g\u00f6sterdi\u011fi serginin a\u00e7\u0131l\u0131\u015f\u0131nda konu\u015fan B\u00fcy\u00fck\u015fehir Belediyesi Kad\u0131n ve Aile Hizmetleri Dairesi Ba\u015fkan\u0131 \u015eerife Haso\u011flu Dokucu, Mersin B\u00fcy\u00fck\u015fehir Belediyesi&#8217;nin deste\u011fiyle kurulan TADEKA Plastik Sanatlar Komisyonu&#8217;nun \u00e7al\u0131\u015fmas\u0131yla s\u00f6z konusu serginin d\u00fczenlendi\u011fini s\u00f6yledi.<br \/>\n&#8220;Birlikten g\u00fc\u00e7 do\u011fdu\u011funu bildi\u011fimiz i\u00e7in buraday\u0131z&#8221;<br \/>\nEtkinli\u011fe aktif destek veren \u00c7ukurova Sanat At\u00f6lyesi&#8217;nden Sema T\u00fcfek\u00e7i, &#8220;\u00dclkemizde her g\u00fcn kad\u0131nlar\u0131m\u0131z katlediliyor. Kad\u0131nlar\u0131m\u0131za ayr\u0131mc\u0131l\u0131k yap\u0131l\u0131yor. D\u00fcnyadaki kad\u0131nlar\u0131n b\u00fcy\u00fck bir b\u00f6l\u00fcm\u00fc \u015fiddete maruz kal\u0131yor. Neden buraday\u0131z? Birlikten g\u00fc\u00e7 do\u011fdu\u011funu bildi\u011fimiz i\u00e7in. Sanat evrensel bir dil oldu\u011fu i\u00e7in buraday\u0131z. Bize bu imkan\u0131 sa\u011flayan B\u00fcy\u00fck\u015fehir Belediye Ba\u015fkan\u0131m\u0131z Say\u0131n Vahap Se\u00e7er&#8217;e, bizi bu g\u00fczel kampla bulu\u015fturan Say\u0131n \u015eerife Haso\u011flu Dokucu&#8217;ya te\u015fekk\u00fcr ederiz&#8221; dedi.<br \/>\n&#8220;\u00c7ok g\u00fczel resimler yapt\u0131k&#8221;<br \/>\nKampta \u00e7ok g\u00fczel \u015fekilde a\u011f\u0131rland\u0131klar\u0131n\u0131 s\u00f6yleyen ressam Selma Eser, &#8220;Adana, Mersin, Tarsus, Silifke, di\u011fer \u015fehirlerden de ressam arkada\u015flar, sanatla u\u011fra\u015fan di\u011fer arkada\u015flar hepimiz 4 g\u00fcn boyunca burada kald\u0131k. \u00c7ok g\u00fczel resimler yapt\u0131k&#8221; diye konu\u015ftu.<br \/>\nEtkinli\u011fe kat\u0131lan ressam Nurcan Y\u0131lmaz da &#8220;Resim hakk\u0131nda s\u00f6yleyeceklerim; sanat ve mutluluk. 4 g\u00fcn \u00e7ok mutlu olduk. \u00c7ok ola\u011fan\u00fcst\u00fc g\u00fczellikler ya\u015fad\u0131k&#8221; dedi.<\/p>\n","protected":false},"excerpt":{"rendered":"<p>Mersin B\u00fcy\u00fck\u015fehir Belediyesi, 8 Mart D\u00fcnya Emek\u00e7i Kad\u0131nlar G\u00fcn\u00fc&#8217;n\u00fc dolu dolu etkinliklerle kutlad\u0131. B\u00fcy\u00fck\u015fehir Belediyesi Kad\u0131n ve Aile Hizmetleri Dairesi&#8217;ne ba\u011fl\u0131 olan Tarsus Gen\u00e7lik Kamp\u0131&#8217;nda 8 Mart dolay\u0131s\u0131yla d\u00fczenlenen Sanat &hellip; <a href=\"https:\/\/akdenizolaygazetesi.com\/?p=17126\" class=\"more-link\">Devam\u0131n\u0131 Oku&#8230;<\/a><\/p>\n","protected":false},"author":2,"featured_media":17127,"comment_status":"open","ping_status":"open","sticky":false,"template":"","format":"standard","meta":[],"categories":[2,3],"tags":[],"_links":{"self":[{"href":"https:\/\/akdenizolaygazetesi.com\/index.php?rest_route=\/wp\/v2\/posts\/17126"}],"collection":[{"href":"https:\/\/akdenizolaygazetesi.com\/index.php?rest_route=\/wp\/v2\/posts"}],"about":[{"href":"https:\/\/akdenizolaygazetesi.com\/index.php?rest_route=\/wp\/v2\/types\/post"}],"author":[{"embeddable":true,"href":"https:\/\/akdenizolaygazetesi.com\/index.php?rest_route=\/wp\/v2\/users\/2"}],"replies":[{"embeddable":true,"href":"https:\/\/akdenizolaygazetesi.com\/index.php?rest_route=%2Fwp%2Fv2%2Fcomments&post=17126"}],"version-history":[{"count":1,"href":"https:\/\/akdenizolaygazetesi.com\/index.php?rest_route=\/wp\/v2\/posts\/17126\/revisions"}],"predecessor-version":[{"id":17128,"href":"https:\/\/akdenizolaygazetesi.com\/index.php?rest_route=\/wp\/v2\/posts\/17126\/revisions\/17128"}],"wp:featuredmedia":[{"embeddable":true,"href":"https:\/\/akdenizolaygazetesi.com\/index.php?rest_route=\/wp\/v2\/media\/17127"}],"wp:attachment":[{"href":"https:\/\/akdenizolaygazetesi.com\/index.php?rest_route=%2Fwp%2Fv2%2Fmedia&parent=17126"}],"wp:term":[{"taxonomy":"category","embeddable":true,"href":"https:\/\/akdenizolaygazetesi.com\/index.php?rest_route=%2Fwp%2Fv2%2Fcategories&post=17126"},{"taxonomy":"post_tag","embeddable":true,"href":"https:\/\/akdenizolaygazetesi.com\/index.php?rest_route=%2Fwp%2Fv2%2Ftags&post=17126"}],"curies":[{"name":"wp","href":"https:\/\/api.w.org\/{rel}","templated":true}]}}