{"id":1713,"date":"2020-11-04T18:22:15","date_gmt":"2020-11-04T15:22:15","guid":{"rendered":"http:\/\/mersinekonomipolitikagazetesi.com\/?p=1713"},"modified":"2020-11-04T18:22:15","modified_gmt":"2020-11-04T15:22:15","slug":"mersin-dunyanin-onde-gelen-illeri-arasinda-olacak","status":"publish","type":"post","link":"https:\/\/akdenizolaygazetesi.com\/?p=1713","title":{"rendered":"MERS\u0130N D\u00dcNYANIN \u00d6NDE GELEN \u0130LLER\u0130 ARASINDA OLACAK"},"content":{"rendered":"<p>Kalk\u0131nma Bakan\u0131 L\u00fctfi Elvan, T\u00fcrkiye&#8217;nin bir taraftan ter\u00f6r \u00f6rg\u00fctleriyle m\u00fccadele etti\u011fini, bir taraftan d\u00fcnya mazlumlar\u0131na maddi ve manevi yard\u0131m yapt\u0131\u011f\u0131n\u0131, bir taraftan da ekonomisini g\u00fc\u00e7l\u00fc tuttu\u011funu belirterek, &#8220;Bizler b\u00fct\u00fcn bunlar\u0131 yaparken CHP Genel Ba\u015fkan\u0131 Kemal K\u0131l\u0131\u00e7daro\u011flu, bizim Afrin&#8217;e girmemizden korktu ve &#8216;girmeyin&#8217; dedi. Sanat\u00e7\u0131 karde\u015flerimiz s\u0131n\u0131rda Mehmet\u00e7i\u011fimizi ziyaret etti, ondan bile rahats\u0131z oldu. Bunlar nas\u0131l iktidar olacak&#8221; dedi.<\/p>\n<p><span style=\"font-size:16px;\"><span style=\"font-family: sans-serif; line-height: 20px; text-align: justify; background-color: rgb(242, 244, 245);\">Kalk\u0131nma Bakan\u0131 ve Mersin Milletvekili L\u00fctfi Elvan, AK Parti Mersin Gen\u00e7lik Kollar\u0131 5.Ola\u011fan \u0130l Kongresi\u2019ne kat\u0131ld\u0131. Edip Buran Spor Salonu\u2019nda yap\u0131lan kongrede konu\u015fan Bakan Elvan, T\u00fcrkiye&#8217;nin hem ter\u00f6rle m\u00fccadele etti\u011fini hem de d\u00fcnya mazlumlar\u0131na her konuda yard\u0131m etti\u011fini belirterek, her \u015feye ra\u011fmen ekonomisini de g\u00fc\u00e7l\u00fc tuttu\u011funu s\u00f6yledi. T\u00fcrkiye&#8217;nin g\u00fc\u00e7l\u00fc b\u00fcy\u00fcmesinin devam etti\u011fini kaydeden Elvan, &#8220;Hat\u0131rlay\u0131n\u0131z CHP Genel Ba\u015fkan\u0131 biz Mehmet\u00e7i\u011fimizle birlikte Afrin&#8217;e operasyon d\u00fczenledi\u011fimizde, oraya gitmemizden korktu ve &#8216;Afrin&#8217;e girmeyin&#8217; dedi. Bunlar\u0131n iktidara gelmesi m\u00fcmk\u00fcn m\u00fc? Halktan kopuk, milletten kopuk hi\u00e7 bir parti iktidara gelemez. Sanat\u00e7\u0131 karde\u015flerimiz s\u0131n\u0131rda Mehmet\u00e7iklerimizi ziyaret etti, K\u0131l\u0131\u00e7daro\u011flu ondan bile rahats\u0131z oldu&#8221; diye konu\u015ftu.\u00a0<\/span><br style=\"box-sizing: border-box; font-family: sans-serif; font-size: 14px; line-height: 20px; text-align: justify; background-color: rgb(242, 244, 245);\" \/><br \/>\n<span style=\"font-family: sans-serif; line-height: 20px; text-align: justify; background-color: rgb(242, 244, 245);\">&#8220;2019 y\u0131l\u0131 T\u00fcrkiye&#8217;nin kader y\u0131l\u0131 olacak&#8221;\u00a0<\/span><br style=\"box-sizing: border-box; font-family: sans-serif; font-size: 14px; line-height: 20px; text-align: justify; background-color: rgb(242, 244, 245);\" \/><br \/>\n<span style=\"font-family: sans-serif; line-height: 20px; text-align: justify; background-color: rgb(242, 244, 245);\">2019 y\u0131l\u0131n\u0131n T\u00fcrkiye&#8217;nin kader y\u0131l\u0131 olaca\u011f\u0131n\u0131 belirten Bakan Elvan, &#8220;Cumhurba\u015fkan\u0131m\u0131z 2023 hedefi olarak, T\u00fcrkiye&#8217;yi d\u00fcnyan\u0131n ilk 10 b\u00fcy\u00fck ekonomisi aras\u0131na sokma hedefi koydu. 2023 hedeflerine ula\u015fmak 2019&#8217;dan ge\u00e7iyor. 2019 y\u0131l\u0131nda T\u00fcrkiye&#8217;nin \u00f6n\u00fc ya a\u00e7\u0131lacak ya a\u00e7\u0131lacak Allah&#8217;\u0131n izniyle. Her zamankinden daha fazla \u00e7al\u0131\u015fmal\u0131y\u0131z. Ula\u015fmad\u0131\u011f\u0131m\u0131z hi\u00e7bir gen\u00e7 kalmayacak. Kimseyi aya\u011f\u0131m\u0131za getirmeyecek, biz herkesin aya\u011f\u0131na gidece\u011fiz. Ak Parti sadece bir siyasi parti de\u011fildir. Ak Parti yeniden dirili\u015f hareketidir. Bu hareketin bayra\u011f\u0131 siz de\u011ferli gen\u00e7lerde&#8221; ifadelerini kulland\u0131.\u00a0<\/span><br style=\"box-sizing: border-box; font-family: sans-serif; font-size: 14px; line-height: 20px; text-align: justify; background-color: rgb(242, 244, 245);\" \/><br \/>\n<span style=\"font-family: sans-serif; line-height: 20px; text-align: justify; background-color: rgb(242, 244, 245);\">&#8220;Mersin g\u00fc\u00e7l\u00fc alt yap\u0131s\u0131yla d\u00fcnyan\u0131n \u00f6nde gelen illeri aras\u0131nda olacak&#8221;\u00a0<\/span><br style=\"box-sizing: border-box; font-family: sans-serif; font-size: 14px; line-height: 20px; text-align: justify; background-color: rgb(242, 244, 245);\" \/><br \/>\n<span style=\"font-family: sans-serif; line-height: 20px; text-align: justify; background-color: rgb(242, 244, 245);\">Bakan Elvan, bir yandan Mersin&#8217;in kalk\u0131nmas\u0131, geli\u015fmesi i\u00e7in \u00e7al\u0131\u015ft\u0131klar\u0131n\u0131 aktararak, bir yandan da mega projeleri hayata ge\u00e7irdiklerini vurgulad\u0131. Mersin&#8217;de yakla\u015f\u0131k 350 projenin aksaks\u0131z bir \u015fekilde y\u00fcr\u00fcd\u00fc\u011f\u00fcn\u00fc ifade eden Elvan, &#8220;Mersin her alanda \u015fantiyeye d\u00f6nd\u00fc. Mersin in\u015fallah g\u00fc\u00e7l\u00fc alt yap\u0131s\u0131yla sadece Akdeniz&#8217;in de\u011fil d\u00fcnyan\u0131n \u00f6nde gelen illerinden olacak&#8221; \u015feklinde konu\u015ftu.\u00a0<\/span><br style=\"box-sizing: border-box; font-family: sans-serif; font-size: 14px; line-height: 20px; text-align: justify; background-color: rgb(242, 244, 245);\" \/><br \/>\n<br style=\"box-sizing: border-box; font-family: sans-serif; font-size: 14px; line-height: 20px; text-align: justify; background-color: rgb(242, 244, 245);\" \/><br \/>\n<span style=\"font-family: sans-serif; line-height: 20px; text-align: justify; background-color: rgb(242, 244, 245);\">&#8220;Ne T\u00fcrkiye&#8217;de ne de s\u0131n\u0131r\u0131m\u0131zda hi\u00e7 bir ter\u00f6rist bar\u0131namayacak&#8221;\u00a0<\/span><\/span><\/p>\n<p><span style=\"font-family: sans-serif; line-height: 20px; text-align: justify; font-size: 16px; background-color: rgb(242, 244, 245);\">Afrin operasyonunda 81 milyonun kenetlendi\u011fini belirten Elvan \u015funlar\u0131 s\u00f6yledi: &#8220;Mehmet\u00e7i\u011fimiz ba\u015far\u0131s\u0131yla t\u00fcm d\u00fcnyay\u0131 \u015fa\u015f\u0131rtt\u0131. Beklenilenden \u00e7ok k\u0131sa bir s\u00fcrede Afrin ter\u00f6ristlerden temizlendi. Ne T\u00fcrkiye&#8217;de ne de s\u0131n\u0131r hatt\u0131m\u0131zda hi\u00e7 bir ter\u00f6rist bar\u0131namayacak. Tek bir ki\u015fi kalsa dahi onu da yok edene kadar m\u00fccadelemiz devam edecek. T\u00fcrkiye d\u00fcnyada mazlum i\u00e7in umut olan bir \u00fclkedir. Bizlerden umut \u0131\u015f\u0131\u011f\u0131 bekleyen milyonlar var. Biz onlara yard\u0131m etmeye devam edece\u011fiz.&#8221;\u00a0<\/span><\/p>\n<p><span style=\"font-size:16px;\"><span style=\"font-family: sans-serif; line-height: 20px; text-align: justify; background-color: rgb(242, 244, 245);\">Mevcut Gen\u00e7lik Kollar\u0131 Ba\u015fkan\u0131 Ramazan Semi Ge\u00e7kin \u00f6nderli\u011findeki tek listeyle gidilen kongreye, AK Parti Genel Merkez Gen\u00e7lik Kollar\u0131 Ba\u015fkan\u0131 Melih Ecerta\u015f, \u0130l Ba\u015fkan\u0131 Cesim Ercik, milletvekilleri ve \u00e7ok say\u0131da partili kat\u0131ld\u0131.\u00a0<\/span><\/span><\/p>\n","protected":false},"excerpt":{"rendered":"<p>Kalk\u0131nma Bakan\u0131 L\u00fctfi Elvan, T\u00fcrkiye&#8217;nin bir taraftan ter\u00f6r \u00f6rg\u00fctleriyle m\u00fccadele etti\u011fini, bir taraftan d\u00fcnya mazlumlar\u0131na maddi ve manevi yard\u0131m yapt\u0131\u011f\u0131n\u0131, bir taraftan da ekonomisini g\u00fc\u00e7l\u00fc tuttu\u011funu belirterek, &#8220;Bizler b\u00fct\u00fcn bunlar\u0131 &hellip; <a href=\"https:\/\/akdenizolaygazetesi.com\/?p=1713\" class=\"more-link\">Devam\u0131n\u0131 Oku&#8230;<\/a><\/p>\n","protected":false},"author":1,"featured_media":0,"comment_status":"open","ping_status":"open","sticky":false,"template":"","format":"standard","meta":[],"categories":[],"tags":[],"_links":{"self":[{"href":"https:\/\/akdenizolaygazetesi.com\/index.php?rest_route=\/wp\/v2\/posts\/1713"}],"collection":[{"href":"https:\/\/akdenizolaygazetesi.com\/index.php?rest_route=\/wp\/v2\/posts"}],"about":[{"href":"https:\/\/akdenizolaygazetesi.com\/index.php?rest_route=\/wp\/v2\/types\/post"}],"author":[{"embeddable":true,"href":"https:\/\/akdenizolaygazetesi.com\/index.php?rest_route=\/wp\/v2\/users\/1"}],"replies":[{"embeddable":true,"href":"https:\/\/akdenizolaygazetesi.com\/index.php?rest_route=%2Fwp%2Fv2%2Fcomments&post=1713"}],"version-history":[{"count":0,"href":"https:\/\/akdenizolaygazetesi.com\/index.php?rest_route=\/wp\/v2\/posts\/1713\/revisions"}],"wp:attachment":[{"href":"https:\/\/akdenizolaygazetesi.com\/index.php?rest_route=%2Fwp%2Fv2%2Fmedia&parent=1713"}],"wp:term":[{"taxonomy":"category","embeddable":true,"href":"https:\/\/akdenizolaygazetesi.com\/index.php?rest_route=%2Fwp%2Fv2%2Fcategories&post=1713"},{"taxonomy":"post_tag","embeddable":true,"href":"https:\/\/akdenizolaygazetesi.com\/index.php?rest_route=%2Fwp%2Fv2%2Ftags&post=1713"}],"curies":[{"name":"wp","href":"https:\/\/api.w.org\/{rel}","templated":true}]}}