{"id":1714,"date":"2020-11-04T18:22:15","date_gmt":"2020-11-04T15:22:15","guid":{"rendered":"http:\/\/mersinekonomipolitikagazetesi.com\/?p=1714"},"modified":"2020-11-04T18:22:15","modified_gmt":"2020-11-04T15:22:15","slug":"fabrika-iscileri-magdur","status":"publish","type":"post","link":"https:\/\/akdenizolaygazetesi.com\/?p=1714","title":{"rendered":"FABR\u0130KA \u0130\u015e\u00c7\u0130LER\u0130 MA\u011eDUR!"},"content":{"rendered":"<p>Mersin DES\u0130BA enerji fabrikas\u0131nda \u00e7al\u0131\u015fan i\u015f\u00e7iler \u00fc\u00e7 ayd\u0131r alamad\u0131klar\u0131 maa\u015flar\u0131 i\u00e7in fabrika \u00f6n\u00fcnde bir araya geldiler. \u0130\u015f\u00e7iler ma\u011fdur olduklar\u0131n\u0131 dile getirerek maa\u015flar\u0131n\u0131n bir an \u00f6nce \u00f6denmesini istiyorlar.<\/p>\n<blockquote type=\"cite\">\n<div dir=\"ltr\">\n<p><span style=\"font-size:16px;\">Mersin Adana istikametinde bulunan DES\u0130BA fabrikas\u0131nda \u00e7al\u0131\u015fan i\u015f\u00e7iler hakk\u0131n\u0131 alamad\u0131klar\u0131 i\u00e7in fabrikan\u0131n \u00f6n\u00fcnde bir araya gelerek protesto ettiler.<\/span><\/p>\n<p><span style=\"font-size:16px;\">Bir araya gelen i\u015f\u00e7iler hakk\u0131n\u0131 almalar\u0131 konusunda destek almalar\u0131 i\u00e7in farkl\u0131 bir y\u00f6ntem denediler.<\/span><\/p>\n<p><span style=\"font-size:16px;\">Yolun kenar\u0131na, \u2018Hakk\u0131m\u0131z\u0131 istiyoruz\u2019, \u2018Destek ol! Kornaya bas!\u2019 \u015feklinde pankartlar asarak dikkatleri \u00fcst\u00fcne \u00e7ekebildiler.<\/span><\/p>\n<p><span style=\"font-size:16px;\">Hakk\u0131n\u0131 alamayan i\u015f\u00e7iler tek \u00e7areyi dikkat \u00e7ekerek bulacaklar\u0131n\u0131 belirtiler. Yolun kenar\u0131na as\u0131lan pankart afi\u015flerini g\u00f6ren s\u00fcr\u00fcc\u00fcler\u00a0 ise korna \u00e7alarak protestoya ilgisiz kalmad\u0131.\u00a0<\/span><\/p>\n<\/div>\n<\/blockquote>\n","protected":false},"excerpt":{"rendered":"<p>Mersin DES\u0130BA enerji fabrikas\u0131nda \u00e7al\u0131\u015fan i\u015f\u00e7iler \u00fc\u00e7 ayd\u0131r alamad\u0131klar\u0131 maa\u015flar\u0131 i\u00e7in fabrika \u00f6n\u00fcnde bir araya geldiler. \u0130\u015f\u00e7iler ma\u011fdur olduklar\u0131n\u0131 dile getirerek maa\u015flar\u0131n\u0131n bir an \u00f6nce \u00f6denmesini istiyorlar. Mersin Adana istikametinde &hellip; <a href=\"https:\/\/akdenizolaygazetesi.com\/?p=1714\" class=\"more-link\">Devam\u0131n\u0131 Oku&#8230;<\/a><\/p>\n","protected":false},"author":1,"featured_media":0,"comment_status":"open","ping_status":"open","sticky":false,"template":"","format":"standard","meta":[],"categories":[],"tags":[],"_links":{"self":[{"href":"https:\/\/akdenizolaygazetesi.com\/index.php?rest_route=\/wp\/v2\/posts\/1714"}],"collection":[{"href":"https:\/\/akdenizolaygazetesi.com\/index.php?rest_route=\/wp\/v2\/posts"}],"about":[{"href":"https:\/\/akdenizolaygazetesi.com\/index.php?rest_route=\/wp\/v2\/types\/post"}],"author":[{"embeddable":true,"href":"https:\/\/akdenizolaygazetesi.com\/index.php?rest_route=\/wp\/v2\/users\/1"}],"replies":[{"embeddable":true,"href":"https:\/\/akdenizolaygazetesi.com\/index.php?rest_route=%2Fwp%2Fv2%2Fcomments&post=1714"}],"version-history":[{"count":0,"href":"https:\/\/akdenizolaygazetesi.com\/index.php?rest_route=\/wp\/v2\/posts\/1714\/revisions"}],"wp:attachment":[{"href":"https:\/\/akdenizolaygazetesi.com\/index.php?rest_route=%2Fwp%2Fv2%2Fmedia&parent=1714"}],"wp:term":[{"taxonomy":"category","embeddable":true,"href":"https:\/\/akdenizolaygazetesi.com\/index.php?rest_route=%2Fwp%2Fv2%2Fcategories&post=1714"},{"taxonomy":"post_tag","embeddable":true,"href":"https:\/\/akdenizolaygazetesi.com\/index.php?rest_route=%2Fwp%2Fv2%2Ftags&post=1714"}],"curies":[{"name":"wp","href":"https:\/\/api.w.org\/{rel}","templated":true}]}}