{"id":1715,"date":"2020-11-04T18:22:15","date_gmt":"2020-11-04T15:22:15","guid":{"rendered":"http:\/\/mersinekonomipolitikagazetesi.com\/?p=1715"},"modified":"2020-11-04T18:22:15","modified_gmt":"2020-11-04T15:22:15","slug":"onder-aksakal-ulkeyi-yol-gecen-hanina-cevirmisler","status":"publish","type":"post","link":"https:\/\/akdenizolaygazetesi.com\/?p=1715","title":{"rendered":"\u00d6NDER AKSAKAL, \u201c\u00dcLKEY\u0130 YOL GE\u00c7EN HANINA \u00c7EV\u0130RM\u0130\u015eLER\u201d"},"content":{"rendered":"<p>Demokrat Sol Parti (DSP) Genel Ba\u015fkan\u0131 \u00d6nder Aksakal, Mersin Gazeteciler Cemiyetinde yapt\u0131\u011f\u0131 a\u00e7\u0131klamada son 15 y\u0131lda ya\u015fanan olumsuzluklar\u0131 aktard\u0131.<\/p>\n<p><span style=\"font-size:16px;\">Demokrat Sol Parti (DSP) Genel Ba\u015fkan\u0131 \u00d6nder Aksakal Mersin\u2019i ziyaret ederek Mersin DSP \u0130l ba\u015fkan\u0131 ile beraber Mersin Gazeteciler Cemiyetinde a\u00e7\u0131klama ger\u00e7ekle\u015ftirdi.<\/span><\/p>\n<p><span style=\"font-size:16px;\">Ger\u00e7ekle\u015fen a\u00e7\u0131klama konu\u015fmas\u0131n\u0131 \u00d6nder Aksakal yapt\u0131. Aksakal, yapt\u0131\u011f\u0131 a\u00e7\u0131klama konu\u015fmas\u0131nda son 15 y\u0131lda h\u00fck\u00fcmeti elinde bulunduran AKP h\u00fck\u00fcmetini ele\u015ftirdi.<\/span><\/p>\n<p><span style=\"font-size:16px;\">Aksakal, devleti y\u00f6neten \u015fimdiki h\u00fck\u00fcmetin ekonomiyi bitirdiklerini ve \u00fclkeyi de yol ge\u00e7en han\u0131na \u00e7evirdiklerini vurgulad\u0131.<\/span><\/p>\n<p>\u00a0<\/p>\n<p>\u00a0<\/p>\n<p><span style=\"font-size:16px;\">\u201cDEVLET\u0130 Y\u00d6NETENLER EKONOM\u0130Y\u0130 B\u0130T\u0130RM\u0130\u015eLER\u201d<\/span><\/p>\n<p>\u00a0<\/p>\n<p><span style=\"font-size:16px;\">A\u00e7\u0131klama konu\u015fmas\u0131nda AKP\u2019ye y\u00fcklenen Aksakal: \u201c\u00dclkemizin ve toplumun bug\u00fcn i\u00e7erisine d\u00fc\u015f\u00fcr\u00fcld\u00fc\u011f\u00fc durumun, devlet y\u00f6netimini elinde bulunduran zihniyetin sosyal ve ekonomik politikalar\u0131ndan ayr\u0131 d\u00fc\u015f\u00fcn\u00fclemeyece\u011fi hepimizin malumudur. Zira insanlar ekonomik olarak refah i\u00e7erisindeyse, mutlu ise, gelece\u011fe dair kayg\u0131lar\u0131 yoksa, onlar\u0131n i\u00e7inde k\u00f6t\u00fcl\u00fck duygusu beslenemez. \u00dcz\u00fclerek belirtmeliyim ki, 16 y\u0131ld\u0131r i\u015fba\u015f\u0131nda bulunan AKP zihniyetinin bug\u00fcn bizi getirdi\u011fi nokta buras\u0131d\u0131r.\u201d \u015feklinde dikkat \u00e7ekti. S\u00f6zlerine devam eden Aksakal: \u201cEkonomik olarak yokluktur, yoksulluktur, umutsuzluktur, kand\u0131r, g\u00f6zya\u015f\u0131d\u0131r, Ticari olarak yolsuzluktur, h\u0131rs\u0131zl\u0131kt\u0131r, kindir, intikamd\u0131r, iflast\u0131r, intihard\u0131r! Siyasi olarak, haks\u0131zl\u0131kt\u0131r, hukuksuzluktur, kanunsuzluktur! Sadece i\u00e7 d\u00fcnyam\u0131zda de\u011fil, kom\u015fu \u00fclkelerle olan ili\u015fkilerimizde huzursuzluktur, hat\u0131rs\u0131zl\u0131kt\u0131r, tutars\u0131zl\u0131kt\u0131r, onursuzluktur, omurgas\u0131zl\u0131kt\u0131r! Bug\u00fcn devleti y\u00f6netenler ekonomiyi bitirdikleri gibi, \u00fclkeyi de yol ge\u00e7en han\u0131na \u00e7evirmi\u015flerdir.\u201d ifadelerini kulland\u0131.<\/span><\/p>\n<p>\u00a0<\/p>\n<p>\u00a0<\/p>\n<p><span style=\"font-size:16px;\">\u201cEL\u0130N PARASIYLA YAPILAN HOVARDALI\u011eIN H\u0130KAYES\u0130D\u0130R BUNLAR\u201d<\/span><\/p>\n<p>\u00a0<\/p>\n<p><span style=\"font-size:16px;\">Cumhurba\u015fkan\u0131 ve Ba\u015fbakan i\u015fi g\u00fcc\u00fc b\u0131rakt\u0131klar\u0131n\u0131 il il, il\u00e7e il\u00e7e parti kongrelerine ko\u015ftuklar\u0131n\u0131 kaydeden Aksakal: \u201cOralara yolluklar\u0131n\u0131 vererek getirdikleri kalabal\u0131klar\u0131n neyi alk\u0131\u015flad\u0131klar\u0131n\u0131 dahi bilmeden yapt\u0131klar\u0131 tezah\u00fcratlar\u0131 kar\u015f\u0131s\u0131nda co\u015ftuk\u00e7a co\u015fuyorlar. Ekonominin \u2018\u015faha kalkt\u0131\u011f\u0131n\u0131\u2019 anlat\u0131yorlar mesel\u00e2. Anlat\u0131rken katrilyon rakamlar\u0131n\u0131 a\u011f\u0131zlar\u0131ndan d\u00fc\u015fm\u00fcyorlar. Dersiniz att\u0131klar\u0131 alt\u0131 s\u0131f\u0131r tamamen anlam\u0131n\u0131 yitirmi\u015f. Sormazlar m\u0131 adama \u2018ne oldu.. binlere, milyonlara a\u011fz\u0131n\u0131z al\u0131\u015famad\u0131 de\u011fil mi?\u2019 Lafa geldi mi, \u2018eskiden hel\u00e2 \u00fccreti 1 milyon lirayd\u0131, biz geldik 1 Lira yapt\u0131k\u2019 demeyi biliyorsunuz! Ama i\u015f alg\u0131 yaratmaya gelince trilyonlar. Sevsinler sizin \u2018AK\u2019l\u0131\u011f\u0131n\u0131z\u0131! Devleti ve milleti haraca ba\u011flad\u0131klar\u0131 yollardan, k\u00f6pr\u00fclerden, havalimanlar\u0131ndan, \u015fehir hastanelerinden bahsediyorlar, S\u0130HA\u2019lardan, z\u0131rhl\u0131 ara\u00e7lardan anlat\u0131yorlar. \u00dcretimdeki d\u00fc\u015f\u00fc\u015ften, tar\u0131mdaki t\u00fckeni\u015ften, sanayideki, turizmdeki gerileyi\u015ften, bitirilen hayvanc\u0131l\u0131ktan bahseden yok. Elin paras\u0131yla yap\u0131lan hovardal\u0131\u011f\u0131n hikayesidir bunlar.\u201d \u015feklinde konu\u015ftu.<\/span><\/p>\n<p>\u00a0<\/p>\n<p><span style=\"font-size:16px;\">\u201cBU MANZARA B\u0130LE TAM ANLAMIYLA T\u00dcKENM\u0130\u015eL\u0130\u011e\u0130N TEZAH\u00dcR\u00dcD\u00dcR\u201d<\/span><\/p>\n<p>\u00a0<\/p>\n<p><span style=\"font-size:16px;\">Gemi\u2019nin karaya oturdu\u011funu AKP\u2019de bunun fark\u0131nda oldu\u011funu dile getiren Aksakal: \u201c G\u00fcney s\u0131n\u0131r\u0131m\u0131zda ya\u015fanan olumsuzluklar\u0131n m\u00fcsebbibi olan bu iktidar, art\u0131k ulusal g\u00fcvenlik tehdidine d\u00f6n\u00fc\u015fm\u00fc\u015f olan ter\u00f6r yap\u0131lanmas\u0131n\u0131 bertaraf edebilmek i\u00e7in yap\u0131lan devlet icraatlar\u0131n\u0131 dahi siyasi nemaya \u00e7evirme \u00e7abas\u0131ndan geri kalm\u0131yor. Devletin s\u0131n\u0131r karakolunda Mehmet\u00e7i\u011fin e\u011fitim simgelerinden biri olan yaylalar yaylalar t\u00fcrk\u00fcs\u00fcn\u00fc s\u00f6yleyenlerin, daha d\u00fcn birlikte el ele Diyarbak\u0131r meydan\u0131nda ter\u00f6r \u00f6rg\u00fct\u00fc PKK sempatizanlar\u0131yla z\u0131lg\u0131t \u00e7eken ki\u015filik yoksunu, gizli PKK sempatizan\u0131yla tempo tutmas\u0131n\u0131n, vatan\u0131 ve milleti i\u00e7in g\u00f6z\u00fcn\u00fc k\u0131rpmadan \u015fehadet \u015ferbeti i\u00e7enlerin ruhunu incitece\u011fini, onlar\u0131n ailelerinin y\u00fcreklerini burkabilece\u011fini bile d\u00fc\u015f\u00fcnemez hale geldi\u011fini ibretle izliyoruz. Bu manzara bile tam anlam\u0131yla t\u00fckenmi\u015fli\u011fin tezah\u00fcr\u00fcd\u00fcr.\u201d diyerek son c\u00fcmlelerini tamamlad\u0131.<\/span><\/p>\n","protected":false},"excerpt":{"rendered":"<p>Demokrat Sol Parti (DSP) Genel Ba\u015fkan\u0131 \u00d6nder Aksakal, Mersin Gazeteciler Cemiyetinde yapt\u0131\u011f\u0131 a\u00e7\u0131klamada son 15 y\u0131lda ya\u015fanan olumsuzluklar\u0131 aktard\u0131. Demokrat Sol Parti (DSP) Genel Ba\u015fkan\u0131 \u00d6nder Aksakal Mersin\u2019i ziyaret ederek &hellip; <a href=\"https:\/\/akdenizolaygazetesi.com\/?p=1715\" class=\"more-link\">Devam\u0131n\u0131 Oku&#8230;<\/a><\/p>\n","protected":false},"author":1,"featured_media":0,"comment_status":"open","ping_status":"open","sticky":false,"template":"","format":"standard","meta":[],"categories":[],"tags":[],"_links":{"self":[{"href":"https:\/\/akdenizolaygazetesi.com\/index.php?rest_route=\/wp\/v2\/posts\/1715"}],"collection":[{"href":"https:\/\/akdenizolaygazetesi.com\/index.php?rest_route=\/wp\/v2\/posts"}],"about":[{"href":"https:\/\/akdenizolaygazetesi.com\/index.php?rest_route=\/wp\/v2\/types\/post"}],"author":[{"embeddable":true,"href":"https:\/\/akdenizolaygazetesi.com\/index.php?rest_route=\/wp\/v2\/users\/1"}],"replies":[{"embeddable":true,"href":"https:\/\/akdenizolaygazetesi.com\/index.php?rest_route=%2Fwp%2Fv2%2Fcomments&post=1715"}],"version-history":[{"count":0,"href":"https:\/\/akdenizolaygazetesi.com\/index.php?rest_route=\/wp\/v2\/posts\/1715\/revisions"}],"wp:attachment":[{"href":"https:\/\/akdenizolaygazetesi.com\/index.php?rest_route=%2Fwp%2Fv2%2Fmedia&parent=1715"}],"wp:term":[{"taxonomy":"category","embeddable":true,"href":"https:\/\/akdenizolaygazetesi.com\/index.php?rest_route=%2Fwp%2Fv2%2Fcategories&post=1715"},{"taxonomy":"post_tag","embeddable":true,"href":"https:\/\/akdenizolaygazetesi.com\/index.php?rest_route=%2Fwp%2Fv2%2Ftags&post=1715"}],"curies":[{"name":"wp","href":"https:\/\/api.w.org\/{rel}","templated":true}]}}