{"id":1716,"date":"2020-11-04T18:22:15","date_gmt":"2020-11-04T15:22:15","guid":{"rendered":"http:\/\/mersinekonomipolitikagazetesi.com\/?p=1716"},"modified":"2020-11-04T18:22:15","modified_gmt":"2020-11-04T15:22:15","slug":"biber-cesitleri-tanitim-gunleri-fuari-sona-erdi","status":"publish","type":"post","link":"https:\/\/akdenizolaygazetesi.com\/?p=1716","title":{"rendered":"&#8216;Biber \u00c7e\u015fitleri Tan\u0131t\u0131m G\u00fcnleri Fuar\u0131&#8217; sona erdi"},"content":{"rendered":"<p>Mersin&#8217;in merkez il\u00e7e Akdeniz Belediyesi taraf\u0131ndan d\u00fczenlenen ve 3 g\u00fcn s\u00fcren &#8216;Biber \u00c7e\u015fitleri Tan\u0131t\u0131m G\u00fcnleri\/B\u0130BEREXPO Fuar\u0131&#8217; sona erdi.<\/p>\n<p><span style=\"font-size:16px;\"><span style=\"font-family: sans-serif; line-height: 20px; text-align: justify; background-color: rgb(242, 244, 245);\">Akdeniz Belediyesi taraf\u0131ndan, biber \u00e7e\u015fitlerinin tan\u0131t\u0131m\u0131 ve b\u00f6lge \u00fcreticisine katk\u0131 sa\u011flamas\u0131 a\u00e7\u0131s\u0131ndan Adanal\u0131o\u011flu ve Kazanl\u0131 muhtarlar\u0131, Akdeniz \u00d6rt\u00fc Alt\u0131 \u00dcreticileri Birli\u011fi, ziraat firmalar\u0131 i\u015fbirli\u011fiyle Adanal\u0131o\u011flu Mahallesi&#8217;nde d\u00fczenlenen B\u0130BEREXPO Fuar\u0131nda, birbirinden farkl\u0131 \u00fcr\u00fcn, zirai ila\u00e7lar ve yeni teknoloji ara\u00e7 ve gere\u00e7ler sergilendi. \u00dcreticiler, firmalar, ihracat\u00e7\u0131lar ve vatanda\u015flar\u0131 bulu\u015fturan biber fuar\u0131n\u0131n \u00fclke \u00e7ap\u0131nda ses getirdi\u011fini belirten Akdeniz Belediye Ba\u015fkan\u0131 Muhittin Pamuk, &#8220;Amac\u0131m\u0131z, biber \u00e7e\u015fitlerimizi tan\u0131tmakt\u0131, bunu da ba\u015fard\u0131\u011f\u0131m\u0131z\u0131 inan\u0131yorum&#8221; dedi.\u00a0<\/span><br style=\"box-sizing: border-box; font-family: sans-serif; font-size: 14px; line-height: 20px; text-align: justify; background-color: rgb(242, 244, 245);\" \/><br \/>\n<span style=\"font-family: sans-serif; line-height: 20px; text-align: justify; background-color: rgb(242, 244, 245);\">Mersin\u2019in, \u00f6rt\u00fc alt\u0131 biber \u00fcretiminde Antalya\u2019dan sonra T\u00fcrkiye\u2019de ikinci s\u0131rada oldu\u011funu vurgulayan Pamuk, \u201cAkdeniz il\u00e7esi olarak da Mersin\u2019de y\u00fczde 60\u2019l\u0131k bir payla biber \u00fcretiminde ilk s\u0131raday\u0131z. Adanal\u0131o\u011flu ve Kazanl\u0131 b\u00f6lgelerimiz de y\u0131ll\u0131k yakla\u015f\u0131k 80 bin ton biber \u00fcretimiyle \u00e7ok \u00f6nemli bir yere sahip. Amac\u0131m\u0131z, biberin tan\u0131t\u0131m\u0131n\u0131 ger\u00e7ekle\u015ftirmek, ayn\u0131 zamanda \u00fcreticiye, \u00fcretimdeki geli\u015fmeleri, \u00fcr\u00fcn \u00e7e\u015fitlerini ve teknolojileri aktarmak ve tan\u0131tmakt\u0131. Amac\u0131m\u0131z\u0131 ger\u00e7ekle\u015ftirdi\u011fimize inan\u0131yorum. Fuara kat\u0131lan \u00fcreticilerimiz ve firma temsilcilerimiz, bu etkinli\u011fin s\u00fcrmesini ve gelecek y\u0131llarda da organize edilmesini talep ediyor. Tabi bu talep ve memnuniyet, ne kadar do\u011fru bir i\u015f yapt\u0131\u011f\u0131m\u0131z\u0131n da ispat\u0131d\u0131r. Di\u011fer yandan fuarda tan\u0131t\u0131lan ve konuklara ikram edilen biber baklavas\u0131, biber tatl\u0131s\u0131 ve dondurmas\u0131 da ho\u015f lezzetler ve s\u00fcrprizler oldu&#8221; diye konu\u015ftu.\u00a0<\/span><br style=\"box-sizing: border-box; font-family: sans-serif; font-size: 14px; line-height: 20px; text-align: justify; background-color: rgb(242, 244, 245);\" \/><br \/>\n<span style=\"font-family: sans-serif; line-height: 20px; text-align: justify; background-color: rgb(242, 244, 245);\">Fuar\u0131n geleneksel hale gelmesini isteyen \u00fcreticiler de fuara olan ilgiden memnun olduklar\u0131n\u0131 s\u00f6yledi. Hem \u00fcr\u00fcnlerini tan\u0131tma imkan\u0131 bulduklar\u0131n\u0131 hem de farkl\u0131 illerden gelen firma yetkilileriyle birebir tan\u0131\u015fma f\u0131rsat\u0131 yakalad\u0131klar\u0131n\u0131 belirten \u00fcreticiler, kurduklar\u0131 ba\u011flant\u0131lar sayesinde \u00fcr\u00fcn \u00e7e\u015fitlili\u011fi ve kazan\u00e7lar\u0131n\u0131n artaca\u011f\u0131na inand\u0131klar\u0131n\u0131 ifade etti.\u00a0<\/span><br style=\"box-sizing: border-box; font-family: sans-serif; font-size: 14px; line-height: 20px; text-align: justify; background-color: rgb(242, 244, 245);\" \/><br \/>\n<span style=\"font-family: sans-serif; line-height: 20px; text-align: justify; background-color: rgb(242, 244, 245);\">Fuarda en \u00e7ok ilgi g\u00f6ren stant ise &#8216;biberli baklava ve dolmal\u0131k biber tatl\u0131s\u0131&#8217; oldu.\u00a0<\/span><\/span><\/p>\n","protected":false},"excerpt":{"rendered":"<p>Mersin&#8217;in merkez il\u00e7e Akdeniz Belediyesi taraf\u0131ndan d\u00fczenlenen ve 3 g\u00fcn s\u00fcren &#8216;Biber \u00c7e\u015fitleri Tan\u0131t\u0131m G\u00fcnleri\/B\u0130BEREXPO Fuar\u0131&#8217; sona erdi. Akdeniz Belediyesi taraf\u0131ndan, biber \u00e7e\u015fitlerinin tan\u0131t\u0131m\u0131 ve b\u00f6lge \u00fcreticisine katk\u0131 sa\u011flamas\u0131 a\u00e7\u0131s\u0131ndan &hellip; <a href=\"https:\/\/akdenizolaygazetesi.com\/?p=1716\" class=\"more-link\">Devam\u0131n\u0131 Oku&#8230;<\/a><\/p>\n","protected":false},"author":1,"featured_media":0,"comment_status":"open","ping_status":"open","sticky":false,"template":"","format":"standard","meta":[],"categories":[],"tags":[],"_links":{"self":[{"href":"https:\/\/akdenizolaygazetesi.com\/index.php?rest_route=\/wp\/v2\/posts\/1716"}],"collection":[{"href":"https:\/\/akdenizolaygazetesi.com\/index.php?rest_route=\/wp\/v2\/posts"}],"about":[{"href":"https:\/\/akdenizolaygazetesi.com\/index.php?rest_route=\/wp\/v2\/types\/post"}],"author":[{"embeddable":true,"href":"https:\/\/akdenizolaygazetesi.com\/index.php?rest_route=\/wp\/v2\/users\/1"}],"replies":[{"embeddable":true,"href":"https:\/\/akdenizolaygazetesi.com\/index.php?rest_route=%2Fwp%2Fv2%2Fcomments&post=1716"}],"version-history":[{"count":0,"href":"https:\/\/akdenizolaygazetesi.com\/index.php?rest_route=\/wp\/v2\/posts\/1716\/revisions"}],"wp:attachment":[{"href":"https:\/\/akdenizolaygazetesi.com\/index.php?rest_route=%2Fwp%2Fv2%2Fmedia&parent=1716"}],"wp:term":[{"taxonomy":"category","embeddable":true,"href":"https:\/\/akdenizolaygazetesi.com\/index.php?rest_route=%2Fwp%2Fv2%2Fcategories&post=1716"},{"taxonomy":"post_tag","embeddable":true,"href":"https:\/\/akdenizolaygazetesi.com\/index.php?rest_route=%2Fwp%2Fv2%2Ftags&post=1716"}],"curies":[{"name":"wp","href":"https:\/\/api.w.org\/{rel}","templated":true}]}}