{"id":1717,"date":"2020-11-04T18:22:15","date_gmt":"2020-11-04T15:22:15","guid":{"rendered":"http:\/\/mersinekonomipolitikagazetesi.com\/?p=1717"},"modified":"2020-11-04T18:22:15","modified_gmt":"2020-11-04T15:22:15","slug":"baskan-can-emniyet-teskilatimiz-bu-ulkenin-teminatidir","status":"publish","type":"post","link":"https:\/\/akdenizolaygazetesi.com\/?p=1717","title":{"rendered":"Ba\u015fkan Can: &#8220;Emniyet te\u015fkilat\u0131m\u0131z bu \u00fclkenin teminat\u0131d\u0131r&#8221;"},"content":{"rendered":"<p>Tarsus Belediye Ba\u015fkan\u0131 \u015eevket Can, T\u00fcrk Polis Te\u015fkilat\u0131&#8217;n\u0131n \u00fclkenin teminat\u0131 oldu\u011funu s\u00f6yledi.<\/p>\n<p><span style=\"font-size:16px;\"><span style=\"font-family: sans-serif; line-height: 20px; text-align: justify; background-color: rgb(242, 244, 245);\">Tarsus \u0130l\u00e7e Emniyet M\u00fcd\u00fcr Yard\u0131mc\u0131s\u0131 O\u011fuz \u015eahin beraberinde polis memuru S\u0131d\u0131ka Ekinci ile birlikte Ba\u015fkan Can\u2019\u0131 makam\u0131nda ziyaret etti.\u00a0<\/span><br style=\"box-sizing: border-box; font-family: sans-serif; font-size: 14px; line-height: 20px; text-align: justify; background-color: rgb(242, 244, 245);\" \/><br \/>\n<span style=\"font-family: sans-serif; line-height: 20px; text-align: justify; background-color: rgb(242, 244, 245);\">Tarsus Polis Te\u015fkilat\u0131na verdi\u011fi destekten dolay\u0131 Belediye Ba\u015fkan\u0131 \u015eevket Can\u2019a te\u015fekk\u00fcr eden Tarsus \u0130l\u00e7e Emniyet M\u00fcd\u00fcr Yard\u0131mc\u0131s\u0131 O\u011fuz \u015eahin, te\u015fkilat olarak her zaman yanlar\u0131nda hissettiklerini s\u00f6yledi. \u015eahin, \u201cHer zamanda yan\u0131m\u0131zda oldu\u011funuzu biliyoruz. Bize g\u00f6sterdi\u011finiz yak\u0131nl\u0131ktan dolay\u0131 da Tarsus te\u015fkilat\u0131 ad\u0131na \u015f\u00fckranlar\u0131m\u0131z\u0131 sunuyoruz. Polis te\u015fkilat\u0131m\u0131z\u0131n 173. kurulu\u015f y\u0131l d\u00f6n\u00fcm\u00fc m\u00fcnasebetiyle sizleri ziyaret ediyoruz. Desteklerinizden dolay\u0131 te\u015fekk\u00fcr ediyoruz\u201d dedi.\u00a0<\/span><br style=\"box-sizing: border-box; font-family: sans-serif; font-size: 14px; line-height: 20px; text-align: justify; background-color: rgb(242, 244, 245);\" \/><br \/>\n<span style=\"font-family: sans-serif; line-height: 20px; text-align: justify; background-color: rgb(242, 244, 245);\">Polis Te\u015fkilat\u0131n\u0131n 173\u2019nci kurulu\u015f y\u0131ld\u00f6n\u00fcm\u00fcn\u00fc kutlayan Belediye Ba\u015fkan\u0131 \u015eevket Can, polis te\u015fkilat\u0131n\u0131n vatanda\u015f\u0131n huzurunu sa\u011flamak i\u00e7in \u00e7al\u0131\u015ft\u0131\u011f\u0131n\u0131n bilincinde olduklar\u0131n\u0131 s\u00f6yledi. Ba\u015fkan Can, &#8220;Hepimiz \u015fehrimize hizmet ediyoruz. Bu hizmetin resmi kurumlar\u0131 olarak g\u00f6revleri ayr\u0131 da olsa ortak noktam\u0131z vatanda\u015f\u0131m\u0131zd\u0131r. Bizlerde vatanda\u015f\u0131m\u0131za yerel y\u00f6netim olarak hizmet yaparken, bizlerin uyuma saati sizlerin \u00e7al\u0131\u015fma saati. Polisimiz 7\/24 mesaiyle vatanda\u015flar\u0131m\u0131z\u0131n asayi\u015fini, huzurunu, mal g\u00fcvenli\u011fini, can g\u00fcvenli\u011fini sa\u011flamakla y\u00fck\u00fcml\u00fc. Yeri gelir vatanda\u015f\u0131n can\u0131n\u0131 kurtarmak i\u00e7in kendi can\u0131n\u0131 tehlikeye atar. Kendi ailesine zaman ay\u0131rmay\u0131p vatanda\u015f\u0131m\u0131z\u0131n mutlulu\u011fu i\u00e7in \u00e7al\u0131\u015fan bir devlet birimi. Sonu\u00e7ta vatan\u0131m\u0131z\u0131, milletimizi ve bayra\u011f\u0131m\u0131z\u0131 seven insanlar\u0131z. Sizler de bunlar i\u00e7in \u00e7al\u0131\u015ft\u0131\u011f\u0131n\u0131z i\u00e7in resmi bir kurum olarak, yerel y\u00f6netim olarak belediye ba\u015fkan\u0131 olarak her zaman yan\u0131n\u0131zday\u0131z. Ortak noktam\u0131z paydam\u0131z da \u015fehrimizde karde\u015fli\u011fimizin huzurumuzun devam etmesi. Sizler vatanda\u015flar\u0131m\u0131z\u0131n can g\u00fcvenli\u011fini sa\u011fl\u0131yorsunuz bizlerde vatanda\u015flar\u0131m\u0131z\u0131n daha rahat bir ortamda ya\u015famalar\u0131 i\u00e7in hizmet yap\u0131yoruz. Asl\u0131nda yolumuz bir kurum adlar\u0131 farkl\u0131. Bu vesileyle 173. Polis Haftas\u0131 kutlu olsun. Cenab-\u0131 Allah sa\u011fl\u0131kl\u0131 s\u0131hhatli mutlu ve huzurlu hi\u00e7 bir polisimizin k\u0131l\u0131na zarar gelmeden gerek \u015fehrimizde gerek \u00fclkemizde T\u00fcrk silahl\u0131 kuvvetlerimizin \u00e7al\u0131\u015fanlar\u0131n\u0131n hi\u00e7 bir vatan evlad\u0131n\u0131n burnu kanamadan bu g\u00f6revi yapabilmeyi ve bizlere de sizlere yard\u0131mc\u0131 olmay\u0131 nasip etsin&#8221; \u015feklinde konu\u015ftu.\u00a0<\/span><\/span><\/p>\n","protected":false},"excerpt":{"rendered":"<p>Tarsus Belediye Ba\u015fkan\u0131 \u015eevket Can, T\u00fcrk Polis Te\u015fkilat\u0131&#8217;n\u0131n \u00fclkenin teminat\u0131 oldu\u011funu s\u00f6yledi. Tarsus \u0130l\u00e7e Emniyet M\u00fcd\u00fcr Yard\u0131mc\u0131s\u0131 O\u011fuz \u015eahin beraberinde polis memuru S\u0131d\u0131ka Ekinci ile birlikte Ba\u015fkan Can\u2019\u0131 makam\u0131nda ziyaret &hellip; <a href=\"https:\/\/akdenizolaygazetesi.com\/?p=1717\" class=\"more-link\">Devam\u0131n\u0131 Oku&#8230;<\/a><\/p>\n","protected":false},"author":1,"featured_media":0,"comment_status":"open","ping_status":"open","sticky":false,"template":"","format":"standard","meta":[],"categories":[],"tags":[],"_links":{"self":[{"href":"https:\/\/akdenizolaygazetesi.com\/index.php?rest_route=\/wp\/v2\/posts\/1717"}],"collection":[{"href":"https:\/\/akdenizolaygazetesi.com\/index.php?rest_route=\/wp\/v2\/posts"}],"about":[{"href":"https:\/\/akdenizolaygazetesi.com\/index.php?rest_route=\/wp\/v2\/types\/post"}],"author":[{"embeddable":true,"href":"https:\/\/akdenizolaygazetesi.com\/index.php?rest_route=\/wp\/v2\/users\/1"}],"replies":[{"embeddable":true,"href":"https:\/\/akdenizolaygazetesi.com\/index.php?rest_route=%2Fwp%2Fv2%2Fcomments&post=1717"}],"version-history":[{"count":0,"href":"https:\/\/akdenizolaygazetesi.com\/index.php?rest_route=\/wp\/v2\/posts\/1717\/revisions"}],"wp:attachment":[{"href":"https:\/\/akdenizolaygazetesi.com\/index.php?rest_route=%2Fwp%2Fv2%2Fmedia&parent=1717"}],"wp:term":[{"taxonomy":"category","embeddable":true,"href":"https:\/\/akdenizolaygazetesi.com\/index.php?rest_route=%2Fwp%2Fv2%2Fcategories&post=1717"},{"taxonomy":"post_tag","embeddable":true,"href":"https:\/\/akdenizolaygazetesi.com\/index.php?rest_route=%2Fwp%2Fv2%2Ftags&post=1717"}],"curies":[{"name":"wp","href":"https:\/\/api.w.org\/{rel}","templated":true}]}}