{"id":17170,"date":"2022-03-11T13:39:51","date_gmt":"2022-03-11T10:39:51","guid":{"rendered":"http:\/\/akdenizolaygazetesi.com\/?p=17170"},"modified":"2022-03-11T13:39:51","modified_gmt":"2022-03-11T10:39:51","slug":"mola-evi-elif-naza-anne-benim-niye-arkadasim-yok-sorusunu-unutturdu","status":"publish","type":"post","link":"https:\/\/akdenizolaygazetesi.com\/?p=17170","title":{"rendered":"MOLA EV\u0130, EL\u0130F NAZ&#8217;A &#8220;ANNE BEN\u0130M N\u0130YE ARKADA\u015eIM YOK?&#8221; SORUSUNU UNUTTURDU"},"content":{"rendered":"<p>Mersin B\u00fcy\u00fck\u015fehir Belediyesi Engelliler ve Sa\u011fl\u0131k Hizmetleri Dairesi&#8217;ne ba\u011fl\u0131 olarak 2020 y\u0131l\u0131nda hayata ge\u00e7irilen Mola Evi, bir\u00e7ok \u00f6zel gereksinimli bireye oldu\u011fu gibi kas iskelet sistemi hastal\u0131\u011f\u0131 olan serebral palsi yani beyin felci hastas\u0131 18 ya\u015f\u0131ndaki Elif Naz Kendir&#8217;e de yuva oldu. Daha 2 y\u0131l \u00f6nceye kadar annesi Fadile Kendir&#8217;e, &#8220;Ben niye arkada\u015flar\u0131mla oturam\u0131yorum? Anne benim niye arkada\u015f\u0131m yok?&#8221; sorular\u0131n\u0131 soran Elif Naz, \u015fimdi arkada\u015flar\u0131yla birlikte Mola Evi&#8217;nde uzman e\u011fitmenler e\u015fli\u011finde ger\u00e7ekle\u015ftirilen \u00e7e\u015fitli aktivitelere kat\u0131l\u0131yor. Ki\u015fisel el becerileri ve okuma yazma konusunda da epey yol kat eden Elif Naz&#8217;\u0131n ne\u015fesi ailesine de nefes oldu.<br \/>\n&#8220;Arkada\u015fl\u0131k eksi\u011fini tamaml\u0131yoruz&#8221;<br \/>\nMola Evi&#8217;nin a\u00e7\u0131lmas\u0131nda eme\u011fi ge\u00e7enlere te\u015fekk\u00fcr eden anne Fadile Kendir, ald\u0131klar\u0131 hizmetleri anlatt\u0131. Elif Naz&#8217;\u0131n 3 ablas\u0131yla da vakit ge\u00e7irdi\u011fini ancak bireysel olarak arkada\u015f edinmek istedi\u011fini s\u00f6yleyen Anne Kendir, &#8220;&#8216;Ben niye arkada\u015flar\u0131mla gidemiyorum. Ben niye arkada\u015flar\u0131mla oturam\u0131yorum. Anne benim niye arkada\u015f\u0131m yok?&#8217; &#8216;Ben arkada\u015flar\u0131mla gidip oturmak istiyorum. Kahve i\u00e7mek istiyorum.&#8217; Elif Naz\u0131m b\u00f6yle diyordu. Ben gelip burada \u00f6\u011fretmenlerine anlatm\u0131\u015ft\u0131m. Sa\u011f olsun \u015fimdi arkada\u015flar\u0131yla g\u00f6t\u00fcr\u00fcyorlar onlar\u0131. Kafelere g\u00f6t\u00fcr\u00fcyorlar, \u00e7aylar\u0131n\u0131, kahvelerini i\u00e7iyorlar. Orada o arkada\u015fl\u0131k eksi\u011fini tamaml\u0131yoruz. Kimseye g\u00fcvenmem ama buradaki \u00f6\u011fretmen ve arkada\u015flara \u00e7ok te\u015fekk\u00fcr ediyorum. Bu bo\u015flu\u011fu tamaml\u0131yorlar. Ablalar\u0131 her yere g\u00f6t\u00fcr\u00fcrler; kafelere, spora her yere g\u00f6t\u00fcr\u00fcrler ama buras\u0131 daha \u00e7ok ho\u015funa gidiyor. Arkada\u015flar\u0131yla yapmas\u0131, servisle gidip gelmesi \u00e7ok ho\u015funa gidiyor. Elif&#8217;i baya\u011f\u0131 rahatlat\u0131yor&#8221; dedi.<br \/>\nHaftan\u0131n 2 g\u00fcn\u00fc Mola Evi&#8217;ne geldi\u011fini s\u00f6yleyen anne Kendir, &#8220;Elif&#8217;i sabah 9.00-10.00 gibi b\u0131rak\u0131yorum ak\u015fam 15.00&#8217;e kadar \u00e7ar\u015f\u0131daki b\u00fct\u00fcn i\u015flerimi halledebiliyorum. Gezmem olsa gezmeye gidiyorum. Yani benim i\u00e7in bir nefes oluyor buras\u0131&#8221; diye konu\u015ftu.<br \/>\n&#8220;Hem zihinsel hem fiziksel olarak kendini daha rahat hissediyor&#8221;<br \/>\nAnne Kendir, Elif&#8217;in kaydetti\u011fi ilerlemeyi anlatarak, &#8220;Hem okumada hem sosyalle\u015fmede Elif Naz&#8217;\u0131n ilerlemesi \u00e7ok oldu. Burada bireysel kald\u0131\u011f\u0131 i\u00e7in, bir \u015fey \u00f6\u011frettikleri i\u00e7in Elif Naz daha fazla \u015feyler \u00f6\u011frendi. Hem zihinsel olarak hem fiziksel olarak kendini daha rahat hissediyor. 2 g\u00fcn evde otursak Elif Naz h\u0131r\u00e7\u0131nla\u015f\u0131yor ama buraya geldi\u011fi zaman o h\u0131r\u00e7\u0131nl\u0131\u011f\u0131 kalm\u0131yor. \u00d6\u011fretmenleri \u00e7ok ilgililer, hepsine de \u00e7ok te\u015fekk\u00fcr ediyorum. Okumas\u0131 baya\u011f\u0131 geli\u015fti burada. El becerileri eskiye g\u00f6re daha d\u00fczeldi. Burada boncuk diziyor; bileklikler, tak\u0131lar yap\u0131yor. Evdeki herkese de hediye ediyor&#8221; ifadelerini kulland\u0131.<br \/>\n&#8220;Mola Evi, bir nefes evi ayn\u0131 zamanda&#8221;<br \/>\nBaba Hasan Kendir de k\u0131z\u0131 Elif Naz&#8217;da g\u00f6rd\u00fc\u011f\u00fc ilerlemeden duydu\u011fu mutlulu\u011funu payla\u015ft\u0131. Mersin&#8217;in \u00f6zel gereksinimli bireyler a\u00e7\u0131s\u0131ndan yol kat eden bir \u015fehir oldu\u011funu s\u00f6zlerine ekleyen Baba Kendir, &#8220;Bunun bir par\u00e7as\u0131 da B\u00fcy\u00fck\u015fehir Belediyesi&#8217;nin verdi\u011fi hizmet. Hizmetin ismi Mola Evi. A\u00e7\u0131ld\u0131\u011f\u0131ndan beri buraday\u0131z. De\u011ferli hocalar\u0131m\u0131z bize yol g\u00f6sterdi. Burada epey katk\u0131 var. \u00c7ocuk sosyalle\u015fti. 18 ya\u015f\u0131na da geldi\u011fi i\u00e7in \u00f6zel gereksinimleri, \u00f6zel istekleri var. Burada kazan\u0131yor onu. Mola Evi sadece burada de\u011fil d\u0131\u015farda da aktiviteler yap\u0131yor. Sosyalle\u015fme y\u00f6n\u00fcnden g\u00fczel hizmetler var. Daha fazla anneler bu konuda muzdaripler; buraya b\u0131rakarak bir nefes al\u0131yor. Asl\u0131nda Mola Evi bir nefes evi ayn\u0131 zamanda. \u00c7ocuk i\u00e7in de anne i\u00e7in de. \u0130\u015fime daha \u00e7ok odaklan\u0131yorum b\u00f6yle olunca. Memnunuz yani buradaki hizmetten ve katk\u0131dan dolay\u0131 te\u015fekk\u00fcr ediyoruz&#8221; dedi.<br \/>\n&#8220;Elif Naz&#8217;la daha \u00e7ok okuma-yazma \u00fczerine etkili \u00e7al\u0131\u015fmalar\u0131m\u0131z oluyor&#8221;<br \/>\nMola Evi&#8217;nde \u00f6zel e\u011fitim \u00f6\u011fretmeni olarak g\u00f6rev yapan Fatma Esra \u00d6zdal, &#8220;Burada Elif Naz&#8217;la daha \u00e7ok okuma yazma \u00fczerine etkili \u00e7al\u0131\u015fmalar\u0131m\u0131z oluyor. \u015eu anda ince motor becerisini geli\u015ftirebilmek, dikkatini, el g\u00f6z koordinasyonunu sa\u011flamayabilmek i\u00e7in boncuk diziyoruz. Kendisi de tak\u0131 yap\u0131yor. Bundan mutluluk duyuyor. Ailesindeki ve \u00e7evresindeki ki\u015filere bunlar\u0131 hediye edince de ayr\u0131 bir birey oldu\u011funu hissedebiliyor&#8221; dedi.<br \/>\nElif Naz&#8217;\u0131n Mola Evi&#8217;ne ba\u015flamadan \u00f6nce k\u00fc\u00e7\u00fck boncuklar\u0131 detayl\u0131 bir \u015fekilde dizemedi\u011fini s\u00f6yleyen \u00d6zdal,  &#8220;Daha kal\u0131n boncuklar ve kal\u0131n iplerle b\u00fcy\u00fck boncuklar dizebiliyordu. \u015eimdi \u00e7ok g\u00fczel tak\u0131 yap\u0131yor. Bundan mutlu oluyor&#8221; diye konu\u015ftu. Elif Naz&#8217;\u0131n Mola Evi&#8217;nde sosyalle\u015fti\u011fine de dikkat \u00e7eken \u00d6zdal, &#8220;Arkada\u015flar\u0131yla bir arada bir yerlere gitti\u011fi zaman birey oldu\u011funu daha \u00e7ok hissediyor. &#8216;Benim de arkada\u015flar\u0131m var&#8217; diyor. Mola Evi ile arkada\u015fl\u0131k eksikli\u011fini tamamlam\u0131\u015f olduk bir noktada&#8221; ifadelerini kulland\u0131.<\/p>\n","protected":false},"excerpt":{"rendered":"<p>Mersin B\u00fcy\u00fck\u015fehir Belediyesi Engelliler ve Sa\u011fl\u0131k Hizmetleri Dairesi&#8217;ne ba\u011fl\u0131 olarak 2020 y\u0131l\u0131nda hayata ge\u00e7irilen Mola Evi, bir\u00e7ok \u00f6zel gereksinimli bireye oldu\u011fu gibi kas iskelet sistemi hastal\u0131\u011f\u0131 olan serebral palsi yani &hellip; <a href=\"https:\/\/akdenizolaygazetesi.com\/?p=17170\" class=\"more-link\">Devam\u0131n\u0131 Oku&#8230;<\/a><\/p>\n","protected":false},"author":2,"featured_media":17171,"comment_status":"open","ping_status":"open","sticky":false,"template":"","format":"standard","meta":[],"categories":[1,3,9],"tags":[],"_links":{"self":[{"href":"https:\/\/akdenizolaygazetesi.com\/index.php?rest_route=\/wp\/v2\/posts\/17170"}],"collection":[{"href":"https:\/\/akdenizolaygazetesi.com\/index.php?rest_route=\/wp\/v2\/posts"}],"about":[{"href":"https:\/\/akdenizolaygazetesi.com\/index.php?rest_route=\/wp\/v2\/types\/post"}],"author":[{"embeddable":true,"href":"https:\/\/akdenizolaygazetesi.com\/index.php?rest_route=\/wp\/v2\/users\/2"}],"replies":[{"embeddable":true,"href":"https:\/\/akdenizolaygazetesi.com\/index.php?rest_route=%2Fwp%2Fv2%2Fcomments&post=17170"}],"version-history":[{"count":1,"href":"https:\/\/akdenizolaygazetesi.com\/index.php?rest_route=\/wp\/v2\/posts\/17170\/revisions"}],"predecessor-version":[{"id":17172,"href":"https:\/\/akdenizolaygazetesi.com\/index.php?rest_route=\/wp\/v2\/posts\/17170\/revisions\/17172"}],"wp:featuredmedia":[{"embeddable":true,"href":"https:\/\/akdenizolaygazetesi.com\/index.php?rest_route=\/wp\/v2\/media\/17171"}],"wp:attachment":[{"href":"https:\/\/akdenizolaygazetesi.com\/index.php?rest_route=%2Fwp%2Fv2%2Fmedia&parent=17170"}],"wp:term":[{"taxonomy":"category","embeddable":true,"href":"https:\/\/akdenizolaygazetesi.com\/index.php?rest_route=%2Fwp%2Fv2%2Fcategories&post=17170"},{"taxonomy":"post_tag","embeddable":true,"href":"https:\/\/akdenizolaygazetesi.com\/index.php?rest_route=%2Fwp%2Fv2%2Ftags&post=17170"}],"curies":[{"name":"wp","href":"https:\/\/api.w.org\/{rel}","templated":true}]}}