{"id":1718,"date":"2020-11-04T18:22:15","date_gmt":"2020-11-04T15:22:15","guid":{"rendered":"http:\/\/mersinekonomipolitikagazetesi.com\/?p=1718"},"modified":"2020-11-04T18:22:15","modified_gmt":"2020-11-04T15:22:15","slug":"vali-su-sehit-aileleri-ve-gazilerle-bulustu","status":"publish","type":"post","link":"https:\/\/akdenizolaygazetesi.com\/?p=1718","title":{"rendered":"Vali Su, \u015fehit aileleri ve gazilerle bulu\u015ftu"},"content":{"rendered":"<p>Mersin Valisi Ali \u0130hsan Su, &#8216;Polis Haftas\u0131&#8217; kapsam\u0131nda \u0130l Emniyet M\u00fcd\u00fcrl\u00fc\u011f\u00fc taraf\u0131ndan d\u00fczenlenen etkinlikte, \u015fehit aileleri ve gazilerle bir araya geldi.<\/p>\n<p><span style=\"font-size:16px;\"><span style=\"font-family: sans-serif; line-height: 20px; text-align: justify; background-color: rgb(242, 244, 245);\">Mersin B\u00fcy\u00fck\u015fehir Belediyesi Kongre ve Sergi Saray\u0131&#8217;nda d\u00fczenlenen yeme\u011fe, Vali Su\u2019nun yan\u0131 s\u0131ra, Mersin Milletvekili Hac\u0131 \u00d6zkan, Akdeniz B\u00f6lge ve Garnizon Komutan\u0131 Tu\u011famiral \u00d6nder G\u00fcrb\u00fcz, B\u00fcy\u00fck\u015fehir Belediye Ba\u015fkan\u0131 Burhanettin Kocamaz, \u0130l Emniyet M\u00fcd\u00fcr\u00fc Mehmet \u015eahne, il protokol\u00fc, \u015fehit aileleri ile gaziler ve aileleri kat\u0131ld\u0131.\u00a0<\/span><br style=\"box-sizing: border-box; font-family: sans-serif; font-size: 14px; line-height: 20px; text-align: justify; background-color: rgb(242, 244, 245);\" \/><br \/>\n<span style=\"font-family: sans-serif; line-height: 20px; text-align: justify; background-color: rgb(242, 244, 245);\">Kur&#8217;an-\u0131 Kerim tilavetinin ard\u0131ndan konu\u015fan Vali Su, T\u00fcrk Polis Te\u015fkilat\u0131\u2019n\u0131n 173\u2019\u00fcnc\u00fc kurulu\u015f y\u0131ld\u00f6n\u00fcm\u00fc m\u00fcnasebetiyle d\u00fczenlenen yemekte \u015fehit aileleri ve gazilerle bir arada bulunmaktan duydu\u011fu memnuniyetini dile getirerek, polis te\u015fkilat\u0131n\u0131n \u00fclke birli\u011fi, b\u00fct\u00fcnl\u00fc\u011f\u00fc ve vatanda\u015flar\u0131n can g\u00fcvenli\u011fini sa\u011flayabilmek i\u00e7in cansiperane g\u00f6rev yapt\u0131\u011f\u0131n\u0131 s\u00f6yledi.\u00a0<\/span><br style=\"box-sizing: border-box; font-family: sans-serif; font-size: 14px; line-height: 20px; text-align: justify; background-color: rgb(242, 244, 245);\" \/><br \/>\n<span style=\"font-family: sans-serif; line-height: 20px; text-align: justify; background-color: rgb(242, 244, 245);\">Vali Su, emniyet te\u015fkilat\u0131n\u0131n kuruldu\u011fu g\u00fcnden bu g\u00fcne kadar kendisini s\u00fcrekli geli\u015ftirip yenileyerek bug\u00fcnlere geldi\u011fini belirterek, t\u00fcm polis te\u015fkilat\u0131n\u0131n 173. y\u0131l\u0131n\u0131 kutlad\u0131.\u00a0<\/span><\/span><\/p>\n","protected":false},"excerpt":{"rendered":"<p>Mersin Valisi Ali \u0130hsan Su, &#8216;Polis Haftas\u0131&#8217; kapsam\u0131nda \u0130l Emniyet M\u00fcd\u00fcrl\u00fc\u011f\u00fc taraf\u0131ndan d\u00fczenlenen etkinlikte, \u015fehit aileleri ve gazilerle bir araya geldi. Mersin B\u00fcy\u00fck\u015fehir Belediyesi Kongre ve Sergi Saray\u0131&#8217;nda d\u00fczenlenen yeme\u011fe, &hellip; <a href=\"https:\/\/akdenizolaygazetesi.com\/?p=1718\" class=\"more-link\">Devam\u0131n\u0131 Oku&#8230;<\/a><\/p>\n","protected":false},"author":1,"featured_media":0,"comment_status":"open","ping_status":"open","sticky":false,"template":"","format":"standard","meta":[],"categories":[],"tags":[],"_links":{"self":[{"href":"https:\/\/akdenizolaygazetesi.com\/index.php?rest_route=\/wp\/v2\/posts\/1718"}],"collection":[{"href":"https:\/\/akdenizolaygazetesi.com\/index.php?rest_route=\/wp\/v2\/posts"}],"about":[{"href":"https:\/\/akdenizolaygazetesi.com\/index.php?rest_route=\/wp\/v2\/types\/post"}],"author":[{"embeddable":true,"href":"https:\/\/akdenizolaygazetesi.com\/index.php?rest_route=\/wp\/v2\/users\/1"}],"replies":[{"embeddable":true,"href":"https:\/\/akdenizolaygazetesi.com\/index.php?rest_route=%2Fwp%2Fv2%2Fcomments&post=1718"}],"version-history":[{"count":0,"href":"https:\/\/akdenizolaygazetesi.com\/index.php?rest_route=\/wp\/v2\/posts\/1718\/revisions"}],"wp:attachment":[{"href":"https:\/\/akdenizolaygazetesi.com\/index.php?rest_route=%2Fwp%2Fv2%2Fmedia&parent=1718"}],"wp:term":[{"taxonomy":"category","embeddable":true,"href":"https:\/\/akdenizolaygazetesi.com\/index.php?rest_route=%2Fwp%2Fv2%2Fcategories&post=1718"},{"taxonomy":"post_tag","embeddable":true,"href":"https:\/\/akdenizolaygazetesi.com\/index.php?rest_route=%2Fwp%2Fv2%2Ftags&post=1718"}],"curies":[{"name":"wp","href":"https:\/\/api.w.org\/{rel}","templated":true}]}}