{"id":1720,"date":"2020-11-04T18:22:15","date_gmt":"2020-11-04T15:22:15","guid":{"rendered":"http:\/\/mersinekonomipolitikagazetesi.com\/?p=1720"},"modified":"2020-11-04T18:22:15","modified_gmt":"2020-11-04T15:22:15","slug":"turk-yildizlari-mersin-semalarinda-ucacak","status":"publish","type":"post","link":"https:\/\/akdenizolaygazetesi.com\/?p=1720","title":{"rendered":"T\u00fcrk Y\u0131ld\u0131zlar\u0131 Mersin semalar\u0131nda u\u00e7acak"},"content":{"rendered":"<p>Mersin B\u00fcy\u00fck\u015fehir Belediyesi taraf\u0131ndan d\u00fczenlenecek 23 Nisan Ulusal Egemenlik ve \u00c7ocuk Bayram\u0131 etkinlikleri kapsam\u0131nda, T\u00fcrk Y\u0131ld\u0131zlar\u0131 akrotim ekibi Mersin\u2019e gelecek.<\/p>\n<p><span style=\"font-size:16px;\"><span style=\"font-family: sans-serif; line-height: 20px; text-align: justify; background-color: rgb(242, 244, 245);\">\u015eimdiye kadar bir\u00e7ok organizasyonda u\u00e7u\u015f yapan, ayn\u0131 zamanda uluslararas\u0131 etkinliklerde de T\u00fcrkiye\u2019nin g\u00f6\u011fs\u00fcn\u00fc kabartan T\u00fcrk Y\u0131ld\u0131zlar\u0131, bu defa Mersin\u2019de u\u00e7acak. D\u00fcnyada 8 s\u00fcpersonik sava\u015f u\u00e7a\u011f\u0131yla g\u00f6steri yapan tek akrotim olan T\u00fcrk Y\u0131ld\u0131zlar\u0131, Mersin semalar\u0131nda nefes kesen bir g\u00f6steri d\u00fczenleyecek. D\u00fcnyada sesten h\u0131zl\u0131 sava\u015f u\u00e7aklar\u0131yla ve 8 u\u00e7akl\u0131 formasyonla g\u00f6steri yapan tek tim olan T\u00fcrk Y\u0131ld\u0131zlar\u0131\u2019n\u0131n g\u00f6sterisine Mersin\u2019den ve \u00e7evre illerden yo\u011fun kat\u0131l\u0131m olmas\u0131 bekleniyor. Y\u0131ld\u0131zlar, 23 Nisan saat 16.00\u2019da Mersin \u0130dmanyurdu Meydan\u0131nda Mersinlilere g\u00f6rsel bir \u015f\u00f6len sunacak.\u00a0<\/span><br style=\"box-sizing: border-box; font-family: sans-serif; font-size: 14px; line-height: 20px; text-align: justify; background-color: rgb(242, 244, 245);\" \/><br \/>\n<span style=\"font-family: sans-serif; line-height: 20px; text-align: justify; background-color: rgb(242, 244, 245);\">23 Nisan\u2019da Mersin\u2019de unutulmayacak bir g\u00f6steriye imza atacaklar\u0131n\u0131 ve haz\u0131rl\u0131klar\u0131n\u0131n son h\u0131zla devam etti\u011fini ifade eden Mersin B\u00fcy\u00fck\u015fehir Belediye Ba\u015fkan\u0131 Burhanettin Kocamaz \u201cT\u00fcrkiye Cumhuriyeti\u2019nin en anlaml\u0131 milli bayramlar\u0131ndan biri olan 23 Nisan Ulusal Egemenlik ve \u00c7ocuk Bayram\u0131\u2019nda Mersinlilerle bulu\u015fman\u0131n gururunu ve co\u015fkusunu ya\u015f\u0131yoruz. T\u00fcm Mersinlileri bu co\u015fkuya ortak olmalar\u0131 i\u00e7in saat 16.00\u2019da Mersin \u0130dmanyurdu Meydan\u0131&#8217;na davet ediyoruz\u201d dedi.\u00a0<\/span><\/span><\/p>\n","protected":false},"excerpt":{"rendered":"<p>Mersin B\u00fcy\u00fck\u015fehir Belediyesi taraf\u0131ndan d\u00fczenlenecek 23 Nisan Ulusal Egemenlik ve \u00c7ocuk Bayram\u0131 etkinlikleri kapsam\u0131nda, T\u00fcrk Y\u0131ld\u0131zlar\u0131 akrotim ekibi Mersin\u2019e gelecek. \u015eimdiye kadar bir\u00e7ok organizasyonda u\u00e7u\u015f yapan, ayn\u0131 zamanda uluslararas\u0131 etkinliklerde &hellip; <a href=\"https:\/\/akdenizolaygazetesi.com\/?p=1720\" class=\"more-link\">Devam\u0131n\u0131 Oku&#8230;<\/a><\/p>\n","protected":false},"author":1,"featured_media":0,"comment_status":"open","ping_status":"open","sticky":false,"template":"","format":"standard","meta":[],"categories":[],"tags":[],"_links":{"self":[{"href":"https:\/\/akdenizolaygazetesi.com\/index.php?rest_route=\/wp\/v2\/posts\/1720"}],"collection":[{"href":"https:\/\/akdenizolaygazetesi.com\/index.php?rest_route=\/wp\/v2\/posts"}],"about":[{"href":"https:\/\/akdenizolaygazetesi.com\/index.php?rest_route=\/wp\/v2\/types\/post"}],"author":[{"embeddable":true,"href":"https:\/\/akdenizolaygazetesi.com\/index.php?rest_route=\/wp\/v2\/users\/1"}],"replies":[{"embeddable":true,"href":"https:\/\/akdenizolaygazetesi.com\/index.php?rest_route=%2Fwp%2Fv2%2Fcomments&post=1720"}],"version-history":[{"count":0,"href":"https:\/\/akdenizolaygazetesi.com\/index.php?rest_route=\/wp\/v2\/posts\/1720\/revisions"}],"wp:attachment":[{"href":"https:\/\/akdenizolaygazetesi.com\/index.php?rest_route=%2Fwp%2Fv2%2Fmedia&parent=1720"}],"wp:term":[{"taxonomy":"category","embeddable":true,"href":"https:\/\/akdenizolaygazetesi.com\/index.php?rest_route=%2Fwp%2Fv2%2Fcategories&post=1720"},{"taxonomy":"post_tag","embeddable":true,"href":"https:\/\/akdenizolaygazetesi.com\/index.php?rest_route=%2Fwp%2Fv2%2Ftags&post=1720"}],"curies":[{"name":"wp","href":"https:\/\/api.w.org\/{rel}","templated":true}]}}