{"id":1721,"date":"2020-11-04T18:22:15","date_gmt":"2020-11-04T15:22:15","guid":{"rendered":"http:\/\/mersinekonomipolitikagazetesi.com\/?p=1721"},"modified":"2020-11-04T18:22:15","modified_gmt":"2020-11-04T15:22:15","slug":"ahmet-hakan-chp-mersin-buyuksehir-belediye-baskan-adayini-acikladi","status":"publish","type":"post","link":"https:\/\/akdenizolaygazetesi.com\/?p=1721","title":{"rendered":"AHMET HAKAN, CHP MERS\u0130N B\u00dcY\u00dcK\u015eEH\u0130R BELED\u0130YE BA\u015eKAN ADAYINI A\u00c7IKLADI..!"},"content":{"rendered":"<p>Gazeteci-Yazar Ahmet Hakan H\u00fcrriyet Gazetesi\u2019nde d\u00fcn \u00e7\u0131kan k\u00f6\u015fesinde CHP\u2019nin Mersin B\u00fcy\u00fck\u015fehir Belediyesi Ba\u015fkan aday\u0131n\u0131n kim olaca\u011f\u0131n\u0131 kesin bir \u015fekilde a\u00e7\u0131klamas\u0131 tepki ile kar\u015f\u0131land\u0131.<\/p>\n<div>\n<div>\n<div>\n<div>\n<div>\n<div>\n<div>\n<div>\n<div>\n<div>\n<div>\n<div id=\":4\">\n<div id=\":2\">\n<div>\n<div role=\"main\">\n<div>\n<table cellpadding=\"0\" role=\"presentation\" style=\"width:1675px;\">\n<tbody>\n<tr>\n<td>\n<div>\n<div>\n<div>\n<div role=\"list\">\n<div role=\"listitem\" style=\"clear:both;\" tabindex=\"-1\">\n<div>\n<div>\n<div id=\":kj\">\n<div data-legacy-message-id=\"162aadd1e2ff24db\" data-message-id=\"162aadd1e2ff24db\">\n<div style=\"margin-left:44px;\">\n<div id=\":km\">\n<div id=\":kl\">\n<div dir=\"auto\">\n<blockquote type=\"cite\">\n<blockquote type=\"cite\">\n<blockquote type=\"cite\">\n<blockquote type=\"cite\">\n<div dir=\"ltr\">\n<p>\u00a0<\/p>\n<p><span style=\"font-size:16px;\">Gazeteci &#8211; Yazar Ahmet Hakan yaz\u0131s\u0131nda, yapt\u0131\u011f\u0131 ara\u015ft\u0131rma \u00e7er\u00e7evesinde seksen yedi CHP kulus\u00e7isi ve yetmi\u015f iki yerel kanaat \u00f6nderleriyle bir araya geldi\u011fini kaydetmi\u015fti.<\/span><\/p>\n<\/p><\/div>\n<\/blockquote>\n<blockquote type=\"cite\">\n<div dir=\"ltr\">\n<p><span style=\"font-size:16px;\">Altm\u0131\u015f sekiz eski sosyal demokratla mesajla\u015ft\u0131\u011f\u0131n\u0131 belirterek, elli alt\u0131 CHP gazetecisiyle de temas kurdu\u011funu \u00f6ne s\u00fcrm\u00fc\u015ft\u00fc.<\/span><\/p>\n<\/p><\/div>\n<\/blockquote>\n<\/blockquote>\n<div>\u00a0<\/div>\n<p>\t\t\t<span style=\"font-size:16px;\">\u201cHATTA KEPKES\u0130N\u201d<\/span><\/p>\n<blockquote type=\"cite\">\n<blockquote type=\"cite\">\n<div dir=\"ltr\">\n<p>\u00a0<\/p>\n<p><span style=\"font-size:16px;\">Yapt\u0131\u011f\u0131 \u00e7al\u0131\u015fma sonucunda ise CHP\u2019li belediye ba\u015fkan adaylar\u0131n\u0131 a\u00e7\u0131klam\u0131\u015ft\u0131.<\/span><\/p>\n<\/p><\/div>\n<\/blockquote>\n<blockquote type=\"cite\">\n<div dir=\"ltr\">\n<p><span style=\"font-size:16px;\">CHP Mersin B\u00fcy\u00fck\u015fehir Belediye ba\u015fkanl\u0131\u011f\u0131na aday olarak kimin gelece\u011fi konusunda Ahmet Hakan \u015funlar\u0131 yazm\u0131\u015ft\u0131: \u201cK\u00fclt\u00fcr Bakanl\u0131\u011f\u0131 yapm\u0131\u015f bir isim: \u0130stemihan Talay&#8230; Mersin\u2019den CHP\u2019nin aday\u0131 olacak&#8230; Kesin gibi&#8230; Hatta kepkesin\u201d<\/span><\/p>\n<\/p><\/div>\n<\/blockquote>\n<\/blockquote>\n<div>\u00a0<\/div>\n<p>\t\t\t<span style=\"font-size:16px;\">\u201cTALAY\u2019A ZARAR VER\u0130YOR!\u201d<\/span><\/p>\n<blockquote type=\"cite\">\n<blockquote type=\"cite\">\n<div dir=\"ltr\">\n<p>\u00a0<\/p>\n<p><span style=\"font-size:16px;\">Ahmet Hakan\u2019\u0131n k\u00f6\u015fe yaz\u0131s\u0131na tepki g\u00f6steren Mersinli CHP\u2019li vatanda\u015f: \u201c\u0130stemihan Talay \u0130stanbul sermayesinin ve medyas\u0131n\u0131n deste\u011fi ile mi adayl\u0131\u011f\u0131n\u0131 peki\u015ftirmeye \u00e7al\u0131\u015f\u0131yor. Gelsin as\u0131l \u00e7al\u0131\u015fmalar\u0131n\u0131 Mersin\u2019de yaps\u0131n. Aday olacaksa bunu bile\u011finin g\u00fcc\u00fcyle kazans\u0131n\u201d diye konu\u015ftu.<\/span><\/p>\n<\/p><\/div>\n<\/blockquote>\n<\/blockquote>\n<blockquote type=\"cite\">\n<div dir=\"ltr\">\n<p><span style=\"font-size:16px;\">Bir k\u0131s\u0131m vatanda\u015f ise: \u201c\u0130stemihan Talay ad\u0131na neden b\u00f6yle bir alg\u0131 yarat\u0131lmaya \u00e7al\u0131\u015f\u0131l\u0131yor? Asl\u0131nda b\u00f6yle yaz\u0131lar \u0130stemihan beyin kendisine zarar veriyor!\u201d \u015feklinde konu\u015farak d\u00fc\u015f\u00fcncesini dile getirdi.<\/span><\/p>\n<\/p><\/div>\n<\/blockquote>\n<blockquote type=\"cite\">\n<blockquote type=\"cite\">\n<div dir=\"ltr\">\u00a0<\/div>\n<\/blockquote>\n<blockquote type=\"cite\">\n<div dir=\"ltr\">\u00a0<\/div>\n<\/blockquote>\n<\/blockquote>\n<\/blockquote>\n<\/blockquote><\/div>\n<\/p><\/div>\n<\/p><\/div>\n<\/p><\/div>\n<\/p><\/div>\n<\/p><\/div>\n<\/p><\/div>\n<\/p><\/div>\n<\/p><\/div>\n<\/p><\/div>\n<\/p><\/div>\n<\/p><\/div>\n<\/p><\/div>\n<\/td>\n<\/tr>\n<\/tbody>\n<\/table>\n<\/div>\n<\/div>\n<\/div>\n<\/div>\n<\/div>\n<\/div>\n<\/div>\n<\/div>\n<\/div>\n<\/div>\n<\/div>\n<\/div>\n<\/div>\n<\/div>\n<\/div>\n<\/div>\n","protected":false},"excerpt":{"rendered":"<p>Gazeteci-Yazar Ahmet Hakan H\u00fcrriyet Gazetesi\u2019nde d\u00fcn \u00e7\u0131kan k\u00f6\u015fesinde CHP\u2019nin Mersin B\u00fcy\u00fck\u015fehir Belediyesi Ba\u015fkan aday\u0131n\u0131n kim olaca\u011f\u0131n\u0131 kesin bir \u015fekilde a\u00e7\u0131klamas\u0131 tepki ile kar\u015f\u0131land\u0131. \u00a0 Gazeteci &#8211; Yazar Ahmet Hakan yaz\u0131s\u0131nda, &hellip; <a href=\"https:\/\/akdenizolaygazetesi.com\/?p=1721\" class=\"more-link\">Devam\u0131n\u0131 Oku&#8230;<\/a><\/p>\n","protected":false},"author":1,"featured_media":0,"comment_status":"open","ping_status":"open","sticky":false,"template":"","format":"standard","meta":[],"categories":[],"tags":[],"_links":{"self":[{"href":"https:\/\/akdenizolaygazetesi.com\/index.php?rest_route=\/wp\/v2\/posts\/1721"}],"collection":[{"href":"https:\/\/akdenizolaygazetesi.com\/index.php?rest_route=\/wp\/v2\/posts"}],"about":[{"href":"https:\/\/akdenizolaygazetesi.com\/index.php?rest_route=\/wp\/v2\/types\/post"}],"author":[{"embeddable":true,"href":"https:\/\/akdenizolaygazetesi.com\/index.php?rest_route=\/wp\/v2\/users\/1"}],"replies":[{"embeddable":true,"href":"https:\/\/akdenizolaygazetesi.com\/index.php?rest_route=%2Fwp%2Fv2%2Fcomments&post=1721"}],"version-history":[{"count":0,"href":"https:\/\/akdenizolaygazetesi.com\/index.php?rest_route=\/wp\/v2\/posts\/1721\/revisions"}],"wp:attachment":[{"href":"https:\/\/akdenizolaygazetesi.com\/index.php?rest_route=%2Fwp%2Fv2%2Fmedia&parent=1721"}],"wp:term":[{"taxonomy":"category","embeddable":true,"href":"https:\/\/akdenizolaygazetesi.com\/index.php?rest_route=%2Fwp%2Fv2%2Fcategories&post=1721"},{"taxonomy":"post_tag","embeddable":true,"href":"https:\/\/akdenizolaygazetesi.com\/index.php?rest_route=%2Fwp%2Fv2%2Ftags&post=1721"}],"curies":[{"name":"wp","href":"https:\/\/api.w.org\/{rel}","templated":true}]}}