{"id":17210,"date":"2022-03-14T12:34:11","date_gmt":"2022-03-14T09:34:11","guid":{"rendered":"http:\/\/akdenizolaygazetesi.com\/?p=17210"},"modified":"2022-03-14T12:34:11","modified_gmt":"2022-03-14T09:34:11","slug":"kursiyerlerin-urettigi-pijama-ve-tisortler-buyuksehirin-kiyafet-evinde-cocuklara-ulastirilacak","status":"publish","type":"post","link":"https:\/\/akdenizolaygazetesi.com\/?p=17210","title":{"rendered":"KURS\u0130YERLER\u0130N \u00dcRETT\u0130\u011e\u0130 P\u0130JAMA VE T\u0130\u015e\u00d6RTLER, B\u00dcY\u00dcK\u015eEH\u0130R&#8217;\u0130N KIYAFET EV\u0130&#8217;NDE \u00c7OCUKLARA ULA\u015eTIRILACAK"},"content":{"rendered":"<p>Mersin B\u00fcy\u00fck\u015fehir Belediyesi Sosyal Hizmetler Dairesi b\u00fcnyesinde hayata ge\u00e7irilen Mesleki E\u011fitim Merkezi MERCEK, ba\u015flat\u0131lan diki\u015f kursunda ilk kursiyerlerini a\u011f\u0131rlad\u0131. Kursiyerler, modern ekipmanlarla en iyi olanaklar\u0131n sunuldu\u011fu kursta, 180 saatlik e\u011fitimin ard\u0131ndan mezun olacak.<br \/>\nMERCEK&#8217;te ba\u015flat\u0131lan diki\u015f kursunda ilk mod\u00fcl olarak 6-12 ya\u015f aras\u0131 \u00e7ocuklar i\u00e7in pijama ve ti\u015f\u00f6rtler \u00fcretiliyor. Burada dikilecek olan k\u0131yafetler, B\u00fcy\u00fck\u015fehir Belediyesi&#8217;nin K\u0131yafet Evi&#8217;ne teslim edilerek, ihtiya\u00e7 sahibi \u00e7ocuklara ula\u015ft\u0131r\u0131lacak.<br \/>\n&#8220;Meslek edinmek isteyen herkesin bu hizmetten faydalanmas\u0131n\u0131 isterim&#8221;<br \/>\nDiki\u015f kursunun e\u011fitmenli\u011fini yapan Besire Ball\u0131kaya Nehir, kurs hakk\u0131nda bilgi vererek, &#8220;Bekledi\u011fimin \u00e7ok \u00fcst\u00fcnde bir yer. Bu f\u0131rsattan herkesin faydalanmas\u0131n\u0131 isterim. Burada b\u00fct\u00fcn hizmetler sunulmu\u015f. Meslek edinmek isteyen herkesin bu hizmetten faydalanmas\u0131n\u0131 isterim. Her \u015fey en iyi \u015fekilde d\u00fc\u015f\u00fcn\u00fclm\u00fc\u015f. Gelen arkada\u015flar\u0131m\u0131z da g\u00f6r\u00fcnce motivasyonlar\u0131 artt\u0131. Daha \u00e7ok \u00e7al\u0131\u015fma iste\u011fi oldu. Makinalar \u00e7ok teknik oldu\u011fu i\u00e7in performans daha iyi oluyor. Performansta \u00e7ok daha h\u0131zl\u0131 ilerledik. \u00c7\u00fcnk\u00fc hizmet \u00e7ok g\u00fczel. Biz de daha keyifli \u00e7al\u0131\u015f\u0131yoruz&#8221; dedi.<br \/>\n\u0130lk mod\u00fcl olarak 6-12 ya\u015f aras\u0131 \u00e7ocuk grubu i\u00e7in k\u0131yafet \u00fcrettiklerini s\u00f6yleyen Nehir,  &#8220;\u015eu anda 13 kursiyer var. Talepler var ama 13&#8217;ten fazlas\u0131n\u0131 alamay\u0131z. 2&#8217;nci mod\u00fclde k\u0131smetse yeni ekiple de \u00e7al\u0131\u015f\u0131r\u0131z. \u015eu an ba\u015flang\u0131\u00e7ta zaten kuma\u015flar sunulmu\u015f. \u00c7ocuk pijamas\u0131 ve ti\u015f\u00f6rt\u00fc \u00fczerine \u00e7al\u0131\u015f\u0131yoruz. Kursiyerlerin performanslar\u0131ndan \u00e7ok memnunum. Bekledi\u011fimin \u00e7ok \u00fcst\u00fcnde performans g\u00f6steriyorlar. \u00c7\u00fcnk\u00fc teknik malzemeler iyi olunca performans da daha \u00e7abuk ilerliyor. Burada \u00fcretilen k\u0131yafetler Mersin B\u00fcy\u00fck\u015fehir Belediyesi&#8217;nin K\u0131yafet Evi&#8217;nde ihtiya\u00e7 sahibi \u00e7ocuklara da\u011f\u0131t\u0131lacak&#8221; ifadelerine yer verdi.<br \/>\n&#8220;\u0130leride mahallemde k\u00fc\u00e7\u00fck bir yer a\u00e7mak istiyorum&#8221;<br \/>\nKursiyerlerden M\u00fczeyyen G\u00fcng\u00f6r, diki\u015f konusunda biraz deneyim sahibi oldu\u011funu belirterek, &#8220;Biraz deneyimim var ama bir belge edinmek istiyorum bu i\u015fi ilerletmek i\u00e7in. Mahallemde k\u00fc\u00e7\u00fck bir yer a\u00e7mak istiyorum ileride. O y\u00fczden buraya ba\u015fvurdum. \u00d6zellikle makinalardan \u00e7ok memnunuz, bize tan\u0131nan imkanlardan, malzemenin olu\u015fundan. Te\u015fekk\u00fcr ederiz. \u00c7ok g\u00fczel ablalar\u0131m\u0131z oldu, arkada\u015fl\u0131klar\u0131m\u0131z oldu. Hocam\u0131z \u00e7ok iyi&#8221; diye konu\u015ftu.<br \/>\n&#8220;Olanaklar s\u00fcper&#8221;<br \/>\nDaha \u00f6nce hi\u00e7bir kursa gitmedi\u011fini s\u00f6yleyen Meliha Sert, &#8220;\u0130lk defa b\u00f6yle bir kursa ba\u015fvurdum. Ben devaml\u0131 Vahap Se\u00e7er&#8217;i takipteyim. \u0130nternetten g\u00f6r\u00fcnce ba\u015fvurdum. Sa\u011f olsunlar beni de \u00e7a\u011f\u0131rd\u0131lar. Ya\u015f\u0131m 60 ama i\u015fim de bitmedi. \u00c7ok g\u00fczel de dikiyorum. Hocam\u0131zdan \u00e7ok memnunum. Arkada\u015flar\u0131 da \u00e7ok sevdim. Vahap Se\u00e7er&#8217;in bize b\u00f6yle bir imkan sunmas\u0131na da \u00e7ok sevindim. Olanaklar s\u00fcper. Her imkanlar\u0131 g\u00fczel yani&#8221; dedi.<br \/>\n&#8220;Gen\u00e7lerimizin yeni bir meslek sahibi olabilmeleri i\u00e7in \u00e7ok g\u00fczel olanaklar haz\u0131rlanm\u0131\u015f&#8221;<br \/>\nBehiye \u0130lgazi ise diki\u015f dikmeyi \u00e7ok sevdi\u011fini dile getirerek, \u015f\u00f6yle devam etti:<br \/>\n&#8220;Ev han\u0131m\u0131y\u0131m. Evde kendim yap\u0131yordum bu i\u015fi ama teknik olarak bilmedi\u011fim i\u00e7in sevgili hocam\u0131z Besire Han\u0131m&#8217;\u0131n sayesinde B\u00fcy\u00fck\u015fehir Belediyesi&#8217;nin b\u00f6yle bir kursunun a\u00e7\u0131ld\u0131\u011f\u0131n\u0131 duyunca kat\u0131lmak istedim. Ben de bu e\u011fitime dahil olmak istedim. \u015eu an \u00e7ok mutluyum. B\u00fcy\u00fck\u015fehir Belediyesi&#8217;ne de bu i\u015f i\u00e7in \u00e7ok te\u015fekk\u00fcr ediyorum. Ger\u00e7ekten gen\u00e7lerimizin yeni bir meslek sahibi olabilmeleri i\u00e7in \u00e7ok g\u00fczel olanaklar haz\u0131rlanm\u0131\u015f. Makine, te\u00e7hizat her \u015fey \u00e7ok iyi. Fizibilitesi \u00e7ok uygun. Herkese tavsiye ediyorum.&#8221;<br \/>\n\u00dcrettikleri pijama ve ti\u015f\u00f6rtlerin ihtiya\u00e7 sahibi \u00e7ocuklara ula\u015ft\u0131r\u0131lacak olmas\u0131ndan dolay\u0131 b\u00fcy\u00fck keyif duydu\u011funu da s\u00f6zlerine ekleyen \u0130lgazi, &#8220;Zaten \u015fimdi k\u00fc\u00e7\u00fck k\u00fc\u00e7\u00fck ba\u015flad\u0131k \u00e7ocuklar i\u00e7in. Bir\u00e7ok kuma\u015f\u0131m\u0131z var, in\u015fallah haz\u0131rlar\u0131z. \u00c7ocuklar\u0131m\u0131z\u0131 da sevindiririz. Ben b\u00f6yle bir \u015fey yapt\u0131\u011f\u0131ma seviniyorum. B\u00f6ylelikle hem diki\u015fi \u00f6\u011frenmi\u015f olaca\u011f\u0131z hem de \u00e7ocuklar\u0131m\u0131z\u0131 sevindirece\u011fiz&#8221; dedi.<\/p>\n","protected":false},"excerpt":{"rendered":"<p>Mersin B\u00fcy\u00fck\u015fehir Belediyesi Sosyal Hizmetler Dairesi b\u00fcnyesinde hayata ge\u00e7irilen Mesleki E\u011fitim Merkezi MERCEK, ba\u015flat\u0131lan diki\u015f kursunda ilk kursiyerlerini a\u011f\u0131rlad\u0131. Kursiyerler, modern ekipmanlarla en iyi olanaklar\u0131n sunuldu\u011fu kursta, 180 saatlik e\u011fitimin &hellip; <a href=\"https:\/\/akdenizolaygazetesi.com\/?p=17210\" class=\"more-link\">Devam\u0131n\u0131 Oku&#8230;<\/a><\/p>\n","protected":false},"author":2,"featured_media":17211,"comment_status":"open","ping_status":"open","sticky":false,"template":"","format":"standard","meta":[],"categories":[8,1,2,3],"tags":[],"_links":{"self":[{"href":"https:\/\/akdenizolaygazetesi.com\/index.php?rest_route=\/wp\/v2\/posts\/17210"}],"collection":[{"href":"https:\/\/akdenizolaygazetesi.com\/index.php?rest_route=\/wp\/v2\/posts"}],"about":[{"href":"https:\/\/akdenizolaygazetesi.com\/index.php?rest_route=\/wp\/v2\/types\/post"}],"author":[{"embeddable":true,"href":"https:\/\/akdenizolaygazetesi.com\/index.php?rest_route=\/wp\/v2\/users\/2"}],"replies":[{"embeddable":true,"href":"https:\/\/akdenizolaygazetesi.com\/index.php?rest_route=%2Fwp%2Fv2%2Fcomments&post=17210"}],"version-history":[{"count":1,"href":"https:\/\/akdenizolaygazetesi.com\/index.php?rest_route=\/wp\/v2\/posts\/17210\/revisions"}],"predecessor-version":[{"id":17212,"href":"https:\/\/akdenizolaygazetesi.com\/index.php?rest_route=\/wp\/v2\/posts\/17210\/revisions\/17212"}],"wp:featuredmedia":[{"embeddable":true,"href":"https:\/\/akdenizolaygazetesi.com\/index.php?rest_route=\/wp\/v2\/media\/17211"}],"wp:attachment":[{"href":"https:\/\/akdenizolaygazetesi.com\/index.php?rest_route=%2Fwp%2Fv2%2Fmedia&parent=17210"}],"wp:term":[{"taxonomy":"category","embeddable":true,"href":"https:\/\/akdenizolaygazetesi.com\/index.php?rest_route=%2Fwp%2Fv2%2Fcategories&post=17210"},{"taxonomy":"post_tag","embeddable":true,"href":"https:\/\/akdenizolaygazetesi.com\/index.php?rest_route=%2Fwp%2Fv2%2Ftags&post=17210"}],"curies":[{"name":"wp","href":"https:\/\/api.w.org\/{rel}","templated":true}]}}