{"id":17227,"date":"2022-03-14T16:16:37","date_gmt":"2022-03-14T13:16:37","guid":{"rendered":"http:\/\/akdenizolaygazetesi.com\/?p=17227"},"modified":"2022-03-14T16:16:37","modified_gmt":"2022-03-14T13:16:37","slug":"toroslar-belediye-baskani-atsiz-afsin-yilmaz-turkiyede-en-basarili-ilce-belediye-baskani-secildi","status":"publish","type":"post","link":"https:\/\/akdenizolaygazetesi.com\/?p=17227","title":{"rendered":"&#8220;Toroslar Belediye Ba\u015fkan\u0131 Ats\u0131z Af\u015f\u0131n Y\u0131lmaz, T\u00fcrkiye&#8217;de En Ba\u015far\u0131l\u0131 \u0130l\u00e7e Belediye Ba\u015fkan\u0131 Se\u00e7ildi&#8221;"},"content":{"rendered":"<p>ORC Ara\u015ft\u0131rma \u015eirketi taraf\u0131ndan son 3 y\u0131l\u0131n &#8220;En Ba\u015far\u0131l\u0131&#8221; B\u00fcy\u00fck\u015fehir \u0130l\u00e7e Belediye Ba\u015fkanlar\u0131 anketi sonu\u00e7land\u0131. Ba\u015fkan Y\u0131lmaz, il\u00e7e belediyeleri aras\u0131nda T\u00fcrkiye&#8217;de ikinci se\u00e7ildi.<\/p>\n<p>ORC Ara\u015ft\u0131rma \u015eirketi&#8217;nin haz\u0131rlad\u0131\u011f\u0131 son 3 y\u0131l\u0131n en ba\u015far\u0131l\u0131 10 il\u00e7e belediye ba\u015fkanlar\u0131 aras\u0131nda y\u00fczde 62,4 oranla ikinci s\u0131rada yerini alan Ba\u015fkan Y\u0131lmaz; &#8220;Bu gurur hepimizin. Te\u015fekk\u00fcrler Toroslar, te\u015fekk\u00fcrler Mersin&#8221; dedi.<\/p>\n<p>Ara\u015ft\u0131rma; 10 \u015eubat-10 Mart tarihleri aras\u0131nda 30 B\u00fcy\u00fck\u015fehir ve 51 \u0130l merkezinde, 51.675 kat\u0131l\u0131mc\u0131 ile Y\u00fczy\u00fcze ve CATI anket y\u00f6ntemiyle ger\u00e7ekle\u015ftirildi.<\/p>\n<p>Kat\u0131l\u0131mc\u0131lara, &#8220;Son 3 y\u0131l\u0131 de\u011ferlendirdi\u011finizde belediye ba\u015fkan\u0131n\u0131z\u0131 ba\u015far\u0131l\u0131 buluyor musunuz?&#8221; sorusu y\u00f6neltildi ve al\u0131nan cevaplara g\u00f6re en y\u00fcksek ba\u015far\u0131 oran\u0131na ula\u015fan 5 B\u00fcy\u00fck\u015fehir, 5 \u0130l ve 10 B\u00fcy\u00fck\u015fehir \u0130l\u00e7e Belediye Ba\u015fkan\u0131 tespit edildi.<\/p>\n<p>G\u00f6reve geldi\u011fi g\u00fcnden bug\u00fcne kadar yapt\u0131\u011f\u0131 ba\u015far\u0131l\u0131 \u00e7al\u0131\u015fmalar ile Mersinlilerin sevgisini kazanan, T\u00fcrkiye&#8217;de ilk ve enleri hayata ge\u00e7iren Ba\u015fkan Y\u0131lmaz, halk\u0131n tevecc\u00fch\u00fc ile T\u00fcrkiye&#8217;nin en ba\u015far\u0131l\u0131 ikinci il\u00e7e belediye ba\u015fkan\u0131 se\u00e7ildi.<\/p>\n<p>&#8220;Mersin&#8217;den S\u0131ralamaya Giren Tek \u0130sim Ba\u015fkan Y\u0131lmaz&#8221;<\/p>\n<p>Mersin&#8217;den s\u0131ralamaya giren tek isim olan Ba\u015fkan Y\u0131lmaz; &#8220;Toroslar\u0131m\u0131za hizmet etme a\u015fk\u0131yla \u00e7\u0131kt\u0131\u011f\u0131m\u0131z yolda hi\u00e7 durmadan, yorulmadan \u00e7al\u0131\u015fmam\u0131z ve kentimizi hak etti\u011fi noktaya ta\u015f\u0131ma gayretimiz, halk\u0131m\u0131z\u0131n takdirleriyle bizleri son 3 y\u0131l\u0131n &#8220;En Ba\u015far\u0131l\u0131&#8221; B\u00fcy\u00fck\u015fehir \u0130l\u00e7e Belediye Ba\u015fkanlar\u0131 aras\u0131na bir kez daha ta\u015f\u0131d\u0131. Bunun gururunu ya\u015f\u0131yor; Mersinimize, Toroslar\u0131m\u0131za te\u015fekk\u00fcr ediyoruz&#8221; ifadelerini kulland\u0131.<\/p>\n<p>&#8220;Ayn\u0131 Heyecanla \u00c7al\u0131\u015fmaya Devam Edece\u011fiz&#8221;<\/p>\n<p>Ba\u015fkan Y\u0131lmaz, Toroslar&#8217;\u0131 yeni projelerle bulu\u015fturmaya devam edeceklerini belirterek; &#8220;Biz, b\u00fcy\u00fck bir aileyiz. Birlik ve beraberli\u011fimizin daim olmas\u0131n\u0131 diliyor, t\u00fcm hem\u015fehrilerime sevgi ve sayg\u0131lar\u0131m\u0131 sunuyorum&#8221; diye konu\u015ftu.<\/p>\n<p>Toroslar Belediye Ba\u015fkan\u0131 Ats\u0131z Af\u015f\u0131n Y\u0131lmaz, Avrasya Ara\u015ft\u0131rma \u015eirketi taraf\u0131ndan T\u00fcrkiye genelinde 23 Ocak ile 4 \u015eubat 2022 tarihleri aras\u0131nda ger\u00e7ekle\u015ftirilen &#8220;En Ba\u015far\u0131l\u0131 20 B\u00fcy\u00fck\u015fehir \u0130l\u00e7e Belediye Ba\u015fkan\u0131&#8221; anketinde de y\u00fczde 62,3 oranla en ba\u015far\u0131l\u0131 3&#8217;\u00fcnc\u00fc belediye ba\u015fkan\u0131 se\u00e7ilmi\u015fti.<\/p>\n","protected":false},"excerpt":{"rendered":"<p>ORC Ara\u015ft\u0131rma \u015eirketi taraf\u0131ndan son 3 y\u0131l\u0131n &#8220;En Ba\u015far\u0131l\u0131&#8221; B\u00fcy\u00fck\u015fehir \u0130l\u00e7e Belediye Ba\u015fkanlar\u0131 anketi sonu\u00e7land\u0131. Ba\u015fkan Y\u0131lmaz, il\u00e7e belediyeleri aras\u0131nda T\u00fcrkiye&#8217;de ikinci se\u00e7ildi. ORC Ara\u015ft\u0131rma \u015eirketi&#8217;nin haz\u0131rlad\u0131\u011f\u0131 son 3 y\u0131l\u0131n &hellip; <a href=\"https:\/\/akdenizolaygazetesi.com\/?p=17227\" class=\"more-link\">Devam\u0131n\u0131 Oku&#8230;<\/a><\/p>\n","protected":false},"author":2,"featured_media":17228,"comment_status":"open","ping_status":"open","sticky":false,"template":"","format":"standard","meta":[],"categories":[1,2,3,5],"tags":[],"_links":{"self":[{"href":"https:\/\/akdenizolaygazetesi.com\/index.php?rest_route=\/wp\/v2\/posts\/17227"}],"collection":[{"href":"https:\/\/akdenizolaygazetesi.com\/index.php?rest_route=\/wp\/v2\/posts"}],"about":[{"href":"https:\/\/akdenizolaygazetesi.com\/index.php?rest_route=\/wp\/v2\/types\/post"}],"author":[{"embeddable":true,"href":"https:\/\/akdenizolaygazetesi.com\/index.php?rest_route=\/wp\/v2\/users\/2"}],"replies":[{"embeddable":true,"href":"https:\/\/akdenizolaygazetesi.com\/index.php?rest_route=%2Fwp%2Fv2%2Fcomments&post=17227"}],"version-history":[{"count":1,"href":"https:\/\/akdenizolaygazetesi.com\/index.php?rest_route=\/wp\/v2\/posts\/17227\/revisions"}],"predecessor-version":[{"id":17229,"href":"https:\/\/akdenizolaygazetesi.com\/index.php?rest_route=\/wp\/v2\/posts\/17227\/revisions\/17229"}],"wp:featuredmedia":[{"embeddable":true,"href":"https:\/\/akdenizolaygazetesi.com\/index.php?rest_route=\/wp\/v2\/media\/17228"}],"wp:attachment":[{"href":"https:\/\/akdenizolaygazetesi.com\/index.php?rest_route=%2Fwp%2Fv2%2Fmedia&parent=17227"}],"wp:term":[{"taxonomy":"category","embeddable":true,"href":"https:\/\/akdenizolaygazetesi.com\/index.php?rest_route=%2Fwp%2Fv2%2Fcategories&post=17227"},{"taxonomy":"post_tag","embeddable":true,"href":"https:\/\/akdenizolaygazetesi.com\/index.php?rest_route=%2Fwp%2Fv2%2Ftags&post=17227"}],"curies":[{"name":"wp","href":"https:\/\/api.w.org\/{rel}","templated":true}]}}