{"id":1723,"date":"2020-11-04T18:22:15","date_gmt":"2020-11-04T15:22:15","guid":{"rendered":"http:\/\/mersinekonomipolitikagazetesi.com\/?p=1723"},"modified":"2020-11-04T18:22:15","modified_gmt":"2020-11-04T15:22:15","slug":"karaduvarda-sokaklar-golet-oldu","status":"publish","type":"post","link":"https:\/\/akdenizolaygazetesi.com\/?p=1723","title":{"rendered":"KARADUVAR\u2019DA SOKAKLAR G\u00d6LET OLDU!"},"content":{"rendered":"<p>Mersin\u2019in Karaduvar Mahallesi\u2019nde sokaklarda biriken su ve \u00e7amur y\u00fcz\u00fcnden y\u00fcr\u00fcyemez ve evine giremez hale gelen vatanda\u015f bu olay kar\u015f\u0131s\u0131nda isyan etti.<\/p>\n<div>\n<div>\n<div>\n<div>\n<div>\n<div>\n<div>\n<div>\n<div>\n<div>\n<div>\n<div id=\":4\">\n<div id=\":2\">\n<div>\n<div role=\"main\">\n<table cellpadding=\"0\" role=\"presentation\" style=\"width:1675px;\">\n<tbody>\n<tr>\n<td>\n<div>\n<div>\n<div>\n<div role=\"list\">\n<div role=\"listitem\" style=\"clear:both;\" tabindex=\"-1\">\n<div>\n<div>\n<div id=\":15t\">\n<div data-legacy-message-id=\"162aeaa7d8c05472\" data-message-id=\"162aeaa7d8c05472\">\n<div style=\"margin-left:44px;\">\n<div id=\":1ca\">\n<div id=\":14e\">\n<div dir=\"auto\">\n<blockquote type=\"cite\">\n<div dir=\"ltr\">\n<p><span style=\"font-size:16px;\">Mersin Karaduvar Mahallesi\u2019nde bulunan sokaklar ya\u011fmur ya\u011fmas\u0131 sonucu su ve \u00e7amur ile doldu.<\/span><\/p>\n<p><span style=\"font-size:16px;\">Soka\u011f\u0131n \u00fczerinde bulunan topra\u011f\u0131n ya\u011fan ya\u011fmurla birlikte \u00e7amur haline gelmesi vatanda\u015f\u0131 \u00e7ileden \u00e7\u0131kard\u0131. O sokaklar\u0131 kullanan\u00a0\u00a0vatanda\u015f evine giremezken, bu yollar\u0131 kullananlar ise yolunu de\u011fi\u015ftirmek zorunda kal\u0131yor. Bu sokaklar\u0131n derhal yap\u0131lmas\u0131n\u0131 isteyen vatanda\u015f Karaduvar\u2019\u0131n alt yap\u0131 konusunda yeterince ihmal edildi\u011fini vurgulay\u0131p art\u0131k \u00e7\u00f6z\u00fcm istediklerini belirtti.<\/span><\/p>\n<\/p><\/div>\n<\/blockquote>\n<p>\u00a0<\/p>\n<p><span style=\"font-size:16px;\">\u201cSU VE \u00c7AMURDAN Y\u00dcR\u00dcYEREK GE\u00c7MEK \u0130MKANSIZ!\u201d<\/span><\/p>\n<blockquote type=\"cite\">\n<div dir=\"ltr\">\n<p><span style=\"font-size:16px;\">Vatanda\u015f sokaklar\u0131n uzun zamandan beri bu durumda oldu\u011funu dile getirerek evlerine su ve \u00e7amur y\u00fcz\u00fcnden ayakkab\u0131larla gidemez olduklar\u0131n\u0131, \u00e7izme ta\u015f\u0131mak zorunda kald\u0131klar\u0131n\u0131 ifade ettiler.<\/span><\/p>\n<p>\u00a0<\/p>\n<p><span style=\"font-size:16px;\">Karaduvar\u2019da ya\u015fayan vatanda\u015f\u0131n a\u00e7\u0131klamas\u0131na g\u00f6re ya\u015fad\u0131klar\u0131 mahalleye belediyeler taraf\u0131ndan hi\u00e7 \u00f6nem verilmedi\u011fi kaydedildi. Karaduvar Mahallesi\u2019nde sadece sokakta su ve \u00e7amur olmad\u0131\u011f\u0131n\u0131, kald\u0131r\u0131m ve alt yap\u0131 ba\u015fta olmak \u00fczere bir\u00e7ok sorunun da var oldu\u011fu belirtildi.<\/span><\/p>\n<\/p><\/div>\n<\/blockquote>\n<div>\u00a0<\/div>\n<div><span style=\"font-size:16px;\">\u201cKENAR MAHALLELERE DE EL ATIN\u201d<\/span><\/div>\n<blockquote type=\"cite\">\n<div dir=\"ltr\">\n<p><span style=\"font-size:16px;\">Kenarda kalan mahallelere de el at\u0131lmas\u0131 istenilen a\u00e7\u0131klamada, Belediyelerin g\u00f6z boyamak ad\u0131na daha \u00e7ok \u00f6nemli yerlere el att\u0131klar\u0131 \u00f6ne s\u00fcr\u00fcld\u00fc.<\/span><\/p>\n<\/p><\/div>\n<\/blockquote>\n<blockquote type=\"cite\">\n<div dir=\"ltr\">\n<p><span style=\"font-size:16px;\">Bu sorunlar kar\u015f\u0131s\u0131nda vatanda\u015f: \u201cS\u0131k\u0131nt\u0131lar i\u00e7inde ya\u015fayan mahalleler nedense g\u00f6z ard\u0131 ediliyor. Y\u0131llard\u0131r Karaduvar\u2019la hi\u00e7 ilgilenilmedi. Hep merkez mahallelere hizmet g\u00f6t\u00fcr\u00fcld\u00fc. Buradan B\u00fcy\u00fck\u015fehir ve Akdeniz Belediye Ba\u015fkanlar\u0131na sesleniyoruz. Bizler de vergi \u00f6deyen, \u00fclke ekonomisine \u00f6nemli katk\u0131 sa\u011flayan insanlar\u0131n. L\u00fctfen art\u0131k bize de hizmet verin\u201d diyerek s\u00f6zlerini tamamlad\u0131.<\/span><\/p>\n<\/p><\/div>\n<\/blockquote><\/div>\n<\/p><\/div>\n<\/p><\/div>\n<\/p><\/div>\n<\/p><\/div>\n<\/p><\/div>\n<\/p><\/div>\n<\/p><\/div>\n<\/p><\/div>\n<\/p><\/div>\n<\/p><\/div>\n<\/p><\/div>\n<\/p><\/div>\n<\/td>\n<\/tr>\n<\/tbody>\n<\/table>\n<div style=\"clear:both;\">\u00a0<\/div>\n<\/div>\n<\/div>\n<\/div>\n<\/div>\n<\/div>\n<\/div>\n<\/div>\n<\/div>\n<\/div>\n<\/div>\n<\/div>\n<\/div>\n<\/div>\n<\/div>\n<\/div>\n","protected":false},"excerpt":{"rendered":"<p>Mersin\u2019in Karaduvar Mahallesi\u2019nde sokaklarda biriken su ve \u00e7amur y\u00fcz\u00fcnden y\u00fcr\u00fcyemez ve evine giremez hale gelen vatanda\u015f bu olay kar\u015f\u0131s\u0131nda isyan etti. Mersin Karaduvar Mahallesi\u2019nde bulunan sokaklar ya\u011fmur ya\u011fmas\u0131 sonucu su &hellip; <a href=\"https:\/\/akdenizolaygazetesi.com\/?p=1723\" class=\"more-link\">Devam\u0131n\u0131 Oku&#8230;<\/a><\/p>\n","protected":false},"author":1,"featured_media":0,"comment_status":"open","ping_status":"open","sticky":false,"template":"","format":"standard","meta":[],"categories":[],"tags":[],"_links":{"self":[{"href":"https:\/\/akdenizolaygazetesi.com\/index.php?rest_route=\/wp\/v2\/posts\/1723"}],"collection":[{"href":"https:\/\/akdenizolaygazetesi.com\/index.php?rest_route=\/wp\/v2\/posts"}],"about":[{"href":"https:\/\/akdenizolaygazetesi.com\/index.php?rest_route=\/wp\/v2\/types\/post"}],"author":[{"embeddable":true,"href":"https:\/\/akdenizolaygazetesi.com\/index.php?rest_route=\/wp\/v2\/users\/1"}],"replies":[{"embeddable":true,"href":"https:\/\/akdenizolaygazetesi.com\/index.php?rest_route=%2Fwp%2Fv2%2Fcomments&post=1723"}],"version-history":[{"count":0,"href":"https:\/\/akdenizolaygazetesi.com\/index.php?rest_route=\/wp\/v2\/posts\/1723\/revisions"}],"wp:attachment":[{"href":"https:\/\/akdenizolaygazetesi.com\/index.php?rest_route=%2Fwp%2Fv2%2Fmedia&parent=1723"}],"wp:term":[{"taxonomy":"category","embeddable":true,"href":"https:\/\/akdenizolaygazetesi.com\/index.php?rest_route=%2Fwp%2Fv2%2Fcategories&post=1723"},{"taxonomy":"post_tag","embeddable":true,"href":"https:\/\/akdenizolaygazetesi.com\/index.php?rest_route=%2Fwp%2Fv2%2Ftags&post=1723"}],"curies":[{"name":"wp","href":"https:\/\/api.w.org\/{rel}","templated":true}]}}