{"id":17230,"date":"2022-03-14T16:18:25","date_gmt":"2022-03-14T13:18:25","guid":{"rendered":"http:\/\/akdenizolaygazetesi.com\/?p=17230"},"modified":"2022-03-14T16:18:25","modified_gmt":"2022-03-14T13:18:25","slug":"secer-bu-calisma-sevgi-katli-kavsagindan-once-bitecek","status":"publish","type":"post","link":"https:\/\/akdenizolaygazetesi.com\/?p=17230","title":{"rendered":"SE\u00c7ER: &#8220;BU \u00c7ALI\u015eMA SEVG\u0130 KATLI KAV\u015eA\u011eI&#8217;NDAN \u00d6NCE B\u0130TECEK&#8221;"},"content":{"rendered":"<p>Mersin B\u00fcy\u00fck\u015fehir Belediye Ba\u015fkan\u0131 Vahap Se\u00e7er, G\u00f6\u00e7men&#8217;de devam eden katl\u0131 kav\u015fak \u00e7al\u0131\u015fmalar\u0131n\u0131 inceledi ve ard\u0131ndan \u015fantiye sahas\u0131ndaki i\u015f\u00e7ilerle birlikte \u00f6\u011fle yeme\u011fi yedi. Ba\u015fkan Se\u00e7er, Mersin B\u00fcy\u00fck\u015fehir Belediyesi&#8217;nin \u00f6nemli ula\u015f\u0131m projelerinden birisi olan G\u00f6\u00e7men&#8217;deki katl\u0131 kav\u015fak \u00e7al\u0131\u015fmalar\u0131yla ilgili olarak, &#8220;Bu \u00e7al\u0131\u015fma Sevgi Katl\u0131 Kav\u015fa\u011f\u0131&#8217;ndan \u00f6nce bitecek. Yani 87 g\u00fcnden \u00f6nce bitecek&#8221; dedi. Se\u00e7er, katl\u0131 kav\u015fa\u011f\u0131n \u00fczerinde bisiklet yolunun da bulunaca\u011f\u0131ndan s\u00f6z ederek, bunun Mersin&#8217;de bir ilk olaca\u011f\u0131n\u0131 vurgulad\u0131.<br \/>\nBa\u015fkan Se\u00e7er, B\u00fcy\u00fck\u015fehir Belediyesi Yol Yap\u0131m Bak\u0131m ve Onar\u0131m Dairesi taraf\u0131ndan yap\u0131m\u0131na h\u0131zla devam edilen G\u00f6\u00e7men&#8217;deki katl\u0131 kav\u015fak \u00e7al\u0131\u015fmalar\u0131n\u0131 b\u00fcrokratlar, daire ba\u015fkalar\u0131 ve teknik ekiple birlikte inceledi. Ba\u015fkan Se\u00e7er&#8217;in incelemesi s\u0131ras\u0131nda katl\u0131 kav\u015fa\u011f\u0131n 104. ve son kiri\u015fi de yerle\u015ftirildi. H\u00fcseyin Okan Merzeci Bulvar\u0131 ile Nevit Kodall\u0131 Caddesi kesi\u015fiminde do\u011fu-bat\u0131 istikametinde 755 metre, kuzey-g\u00fcney istikametinde 440 metre olmak \u00fczere G\u00f6\u00e7men&#8217;deki yol ve kav\u015fak d\u00fczenleme projesinin uzunlu\u011fu toplam 1195 metre olacak.<br \/>\nAyr\u0131ca, katl\u0131 kav\u015fak \u00e7al\u0131\u015fmalar\u0131 kapsam\u0131nda yayalar\u0131n g\u00fcvenli bir \u015fekilde kar\u015f\u0131dan kar\u015f\u0131ya ge\u00e7mesi i\u00e7in B\u00fcy\u00fck\u015fehir Belediyesi Fen \u0130\u015fleri Dairesi&#8217;nin toplam 3 \u00fcst ge\u00e7it \u00e7al\u0131\u015fmas\u0131 da devam ediyor.<br \/>\n&#8220;Ara\u00e7lar\u0131n d\u00f6n\u00fc\u015flerini rahat yapabilmesi i\u00e7in geni\u015f bir alan b\u0131rak\u0131l\u0131yor&#8221;<br \/>\nBa\u015fkan Se\u00e7er, 18.3 metre geni\u015fli\u011finde ve 14 ton aral\u0131\u011f\u0131ndaki 104. kiri\u015fi koyduklar\u0131n\u0131 anlatarak, &#8220;Bizim batt\u0131 \u00e7\u0131kt\u0131m\u0131z\u0131n uzunlu\u011fu 755 metre. 755 metre ara\u00e7lar batarak di\u011fer taraftan \u00e7\u0131kacak. \u00dcst k\u0131sm\u0131n\u0131n da kapal\u0131 olan taraf\u0131 86 metre. Bir \u00f6nceki Sevgi Kav\u015fa\u011f\u0131&#8217;n\u0131n 65 metreydi. Bu ondan daha geni\u015f. Daha geni\u015f bir meydan oluyor ya da ara\u00e7lar\u0131n d\u00f6n\u00fc\u015flerini daha rahat yapabilmesi i\u00e7in geni\u015f bir alan b\u0131rak\u0131lm\u0131\u015f oluyor. \u015eimdi panel i\u015flemleri ba\u015flayacak. Bunun yan\u0131nda da 3 \u00fcst ge\u00e7it yap\u0131yoruz. \u0130kisi mevcut G\u00f6\u00e7men&#8217;deki katl\u0131 kav\u015fa\u011f\u0131n do\u011fu ve bat\u0131 u\u00e7lar\u0131na denk geliyor. \u00dc\u00e7\u00fcnc\u00fcs\u00fc de Be\u015fyol&#8217;a denk gelecek. \u015eu an kesin olmasa da Be\u015fyol&#8217;un kapanma ihtimali var. Oran\u0131n kapanmas\u0131 durumunda yaya \u00fcst ge\u00e7idine \u00e7ok ihtiya\u00e7 olacak. \u015eimdiden tedbirini alm\u0131\u015f oluyoruz&#8221; dedi.<br \/>\n&#8220;Bu \u00e7al\u0131\u015fma Sevgi Katl\u0131 Kav\u015fa\u011f\u0131&#8217;ndan \u00f6nce bitecek&#8221;<br \/>\nSevgi Katl\u0131 Kav\u015fa\u011f\u0131&#8217;n\u0131 87 g\u00fcnde bitirdiklerini hat\u0131rlatan Ba\u015fkan Se\u00e7er, &#8220;\u015eimdi arkada\u015flar\u0131m\u0131z yo\u011fun \u00e7al\u0131\u015f\u0131yorlar. Bug\u00fcn 66. g\u00fcnleri. Biliyorsunuz bu k\u0131\u015f olduk\u00e7a ya\u011f\u0131\u015fl\u0131 ge\u00e7ti. Bu 66 g\u00fcn\u00fcn yar\u0131s\u0131 da ya\u011f\u0131\u015f alan g\u00fcnlerdi. Bir miktar \u00e7al\u0131\u015fmalar\u0131 etkiledi ama yine de arkada\u015flar\u0131m\u0131z \u00e7ok \u00fcst\u00fcn bir performans g\u00f6sterdiler ve 66. g\u00fcn\u00fcnde \u00e7ok iyi noktalara geldiler. \u00c7ok net s\u00f6yleyebilirim, arkada\u015flar\u0131m da zaten bunun fark\u0131nda, bu \u00e7al\u0131\u015fma Sevgi Katl\u0131 Kav\u015fa\u011f\u0131&#8217;ndan \u00f6nce bitecek. Yani 87 g\u00fcnden \u00f6nce bitecek. Ben de merakla bekliyorum ka\u00e7\u0131nc\u0131 g\u00fcn\u00fcnde buray\u0131 trafi\u011fe a\u00e7aca\u011f\u0131z&#8221; diye konu\u015ftu.<br \/>\n&#8220;Bundan sonraki ba\u015flayaca\u011f\u0131m\u0131z katl\u0131 kav\u015fak in\u015faat\u0131 Saya Park b\u00f6lgesinde olacak&#8221;<br \/>\nKentin farkl\u0131 noktalar\u0131nda yapmay\u0131 planlad\u0131klar\u0131 katl\u0131 kav\u015fak projeleri hakk\u0131nda da bilgi veren Se\u00e7er, &#8220;S\u0131rada baz\u0131 \u00e7al\u0131\u015fmalar\u0131m\u0131z var. Hal Katl\u0131 Kav\u015fa\u011f\u0131 projeleri bitti. Ancak \u015fu anda Saya Park b\u00f6lgesinde \u00e7ok teferruatl\u0131 bir \u00e7al\u0131\u015fmam\u0131z da var; hem mevcut 2. \u00c7evre Yolu&#8217;nu hem GMK&#8217;y\u0131 hem de Adnan Menderes Bulvar\u0131&#8217;n\u0131 ilgilendiren. \u00c7\u00fcnk\u00fc yapaca\u011f\u0131m\u0131z \u00e7al\u0131\u015fma 3 caddeyi de etkileyecek. Orada bir kent meydan\u0131 \u00e7al\u0131\u015fmas\u0131 var. Ayn\u0131 zamanda da trafi\u011fi rahatlatacak bir katl\u0131 kav\u015fak \u00e7al\u0131\u015fmam\u0131z var. \u015eu anda planda g\u00f6r\u00fcnen \u00f6ncelikli olarak onun projesi; yo\u011fun bir \u00e7al\u0131\u015fma yap\u0131yoruz, devam ediyor. \u0130stedi\u011fimiz s\u00fcre\u00e7te bitirmemiz durumunda bundan sonraki ba\u015flayaca\u011f\u0131m\u0131z katl\u0131 kav\u015fak in\u015faat\u0131 o b\u00f6lgede, yani Saya Park b\u00f6lgesinde olacak. Ama Hal Katl\u0131 Kav\u015fa\u011f\u0131&#8217;n\u0131n da projesi haz\u0131r&#8221; ifadelerini kulland\u0131.<br \/>\n&#8220;\u00dczerinden bisiklet yolu ge\u00e7en ilk katl\u0131 kav\u015fak olacak&#8221;<br \/>\nBa\u015fkan Se\u00e7er, ayr\u0131ca katl\u0131 kav\u015fa\u011f\u0131n \u00fczerinde bisiklet yolunun da bulunaca\u011f\u0131ndan s\u00f6z ederek, bunun Mersin&#8217;de bir ilk olaca\u011f\u0131n\u0131 vurgulad\u0131. Se\u00e7er, &#8220;Katl\u0131 kav\u015fa\u011f\u0131n bir \u00f6zelli\u011fi de \u00fczerinden bisiklet yolu ge\u00e7en ilk katl\u0131 kav\u015fak olmas\u0131. Kuzey istikametinde stadyum noktas\u0131ndan sahile K\u00fclt\u00fcr Park&#8217;a kadar burada bisiklet yolu olacak ve kav\u015fa\u011f\u0131n \u00fczerinden de ge\u00e7ecek. Bu Mersin&#8217;de bir ilk olacak&#8221; dedi.<\/p>\n","protected":false},"excerpt":{"rendered":"<p>Mersin B\u00fcy\u00fck\u015fehir Belediye Ba\u015fkan\u0131 Vahap Se\u00e7er, G\u00f6\u00e7men&#8217;de devam eden katl\u0131 kav\u015fak \u00e7al\u0131\u015fmalar\u0131n\u0131 inceledi ve ard\u0131ndan \u015fantiye sahas\u0131ndaki i\u015f\u00e7ilerle birlikte \u00f6\u011fle yeme\u011fi yedi. Ba\u015fkan Se\u00e7er, Mersin B\u00fcy\u00fck\u015fehir Belediyesi&#8217;nin \u00f6nemli ula\u015f\u0131m projelerinden &hellip; <a href=\"https:\/\/akdenizolaygazetesi.com\/?p=17230\" class=\"more-link\">Devam\u0131n\u0131 Oku&#8230;<\/a><\/p>\n","protected":false},"author":2,"featured_media":17231,"comment_status":"open","ping_status":"open","sticky":false,"template":"","format":"standard","meta":[],"categories":[1,2,3,5],"tags":[],"_links":{"self":[{"href":"https:\/\/akdenizolaygazetesi.com\/index.php?rest_route=\/wp\/v2\/posts\/17230"}],"collection":[{"href":"https:\/\/akdenizolaygazetesi.com\/index.php?rest_route=\/wp\/v2\/posts"}],"about":[{"href":"https:\/\/akdenizolaygazetesi.com\/index.php?rest_route=\/wp\/v2\/types\/post"}],"author":[{"embeddable":true,"href":"https:\/\/akdenizolaygazetesi.com\/index.php?rest_route=\/wp\/v2\/users\/2"}],"replies":[{"embeddable":true,"href":"https:\/\/akdenizolaygazetesi.com\/index.php?rest_route=%2Fwp%2Fv2%2Fcomments&post=17230"}],"version-history":[{"count":1,"href":"https:\/\/akdenizolaygazetesi.com\/index.php?rest_route=\/wp\/v2\/posts\/17230\/revisions"}],"predecessor-version":[{"id":17232,"href":"https:\/\/akdenizolaygazetesi.com\/index.php?rest_route=\/wp\/v2\/posts\/17230\/revisions\/17232"}],"wp:featuredmedia":[{"embeddable":true,"href":"https:\/\/akdenizolaygazetesi.com\/index.php?rest_route=\/wp\/v2\/media\/17231"}],"wp:attachment":[{"href":"https:\/\/akdenizolaygazetesi.com\/index.php?rest_route=%2Fwp%2Fv2%2Fmedia&parent=17230"}],"wp:term":[{"taxonomy":"category","embeddable":true,"href":"https:\/\/akdenizolaygazetesi.com\/index.php?rest_route=%2Fwp%2Fv2%2Fcategories&post=17230"},{"taxonomy":"post_tag","embeddable":true,"href":"https:\/\/akdenizolaygazetesi.com\/index.php?rest_route=%2Fwp%2Fv2%2Ftags&post=17230"}],"curies":[{"name":"wp","href":"https:\/\/api.w.org\/{rel}","templated":true}]}}