{"id":17233,"date":"2022-03-15T12:35:22","date_gmt":"2022-03-15T09:35:22","guid":{"rendered":"http:\/\/akdenizolaygazetesi.com\/?p=17233"},"modified":"2022-03-15T12:35:22","modified_gmt":"2022-03-15T09:35:22","slug":"saglikcilarimizin-her-zaman-yanindayiz","status":"publish","type":"post","link":"https:\/\/akdenizolaygazetesi.com\/?p=17233","title":{"rendered":"\u201cSa\u011fl\u0131k\u00e7\u0131lar\u0131m\u0131z\u0131n her zaman yan\u0131nday\u0131z\u201d"},"content":{"rendered":"<p>Akdeniz Belediye Ba\u015fkan\u0131 G\u00fcltak, Meclis\u2019ten oybirli\u011fi ald\u0131klar\u0131 kararla, Akdeniz il\u00e7e s\u0131n\u0131rlar\u0131nda \u00fcretim yapan \u00e7ift\u00e7ilere toplamda 500 bin TL tutar\u0131nda azot i\u00e7erikli g\u00fcbre deste\u011fi sa\u011flayacaklar\u0131n\u0131 belirtti; Mersin B\u00fcy\u00fck\u015fehir Belediyesi taraf\u0131ndan da ihtiya\u00e7 sahibi \u00fcreticilere bu deste\u011fin verilmesi i\u00e7in Meclis\u2019e \u00f6nerge sundu. Ancak \u00f6nerge, B\u00fcy\u00fck\u015fehir Belediye Ba\u015fkan\u0131 Vahap Se\u00e7er taraf\u0131ndan g\u00fcndeme al\u0131nmad\u0131.<br \/>\n\u201cSa\u011fl\u0131k\u00e7\u0131lar\u0131m\u0131z\u0131n her zaman yan\u0131nday\u0131z\u201d<br \/>\nMersin B\u00fcy\u00fck\u015fehir Belediye Meclisi\u2019nin Mart ay\u0131 ikinci birle\u015fiminde s\u00f6z alan Akdeniz Belediye Ba\u015fkan\u0131 M. Mustafa G\u00fcltak, kendisinin de \u2018Hipokrat Yemini\u2019 etmi\u015f bir Eczac\u0131 oldu\u011funu an\u0131msatarak t\u00fcm sa\u011fl\u0131k\u00e7\u0131lar\u0131n \u201814 Mart T\u0131p Bayram\u0131\u2019n\u0131 kutlad\u0131. Ba\u015fkan G\u00fcltak; \u201cSa\u011fl\u0131k camias\u0131 i\u00e7inde bulunmak benim i\u00e7in de onurdur, \u00e7ok kutsal bir meslektir. \u00c7\u00fcnk\u00fc direkt insan ile muhatap oluyorsunuz, iyi g\u00fcn\u00fcnde, k\u00f6t\u00fc g\u00fcnlerinde yanlar\u0131nda yer al\u0131yorsunuz. Bu noktada ne s\u00f6ylesek azd\u0131r. Sa\u011fl\u0131k\u00e7\u0131lar\u0131m\u0131z\u0131n g\u00fcn\u00fcn\u00fc kutluyor, Akdeniz Belediyesi olarak her zaman yanlar\u0131nda yer ald\u0131\u011f\u0131m\u0131z\u0131 s\u00f6ylemek istiyorum\u201d dedi.<br \/>\n\u201cAkdeniz Meclisi\u2019ne sunulan t\u00fcm \u00f6nergeleri, biz g\u00fcndeme al\u0131yoruz\u201d<br \/>\nAkdeniz Belediye Meclisi\u2019ne sunulan t\u00fcm \u00f6nergeleri, muhalefet de olsa kabul edip g\u00fcndeme ald\u0131klar\u0131n\u0131n da alt\u0131n\u0131 \u00e7izen Ba\u015fkan G\u00fcltak, \u201cBiz genelde Akdeniz Belediyesi\u2019ne verilen t\u00fcm \u00f6nergeleri kabul ediyoruz. Meclis g\u00fcndemine al\u0131nmas\u0131n\u0131, tart\u0131\u015f\u0131lmas\u0131n\u0131 ve Meclis\u2019in bir karar verilmesini istiyoruz. Bu, temenniden \u00e7ok bir \u00f6nergedir. \u0130n\u015fallah bir a\u00e7\u0131klamada bulunursunuz yoksa \u00f6n\u00fcm\u00fczdeki ay bir kez daha bu \u00f6nergeyi verece\u011fim. \u00c7\u00fcnk\u00fc konunun \u00f6nemli oldu\u011funu d\u00fc\u015f\u00fcn\u00fcyorum\u201d dedi.<br \/>\n\u201cAkdenizli \u00fcreticilere toplamda 500 bin TL tutar\u0131nda g\u00fcbre deste\u011fi verece\u011fiz\u201d<br \/>\nBa\u015fkan G\u00fcltak, ard\u0131ndan Mersin B\u00fcy\u00fck\u015fehir Belediyesi Meclis Ba\u015fkanl\u0131\u011f\u0131\u2019na sunulmak \u00fczere haz\u0131rlanan ve Mersinli \u00fcreticilere g\u00fcbre deste\u011fi verilmesini i\u00e7eren \u00f6nergeyi okudu. G\u00fcn\u00fcm\u00fcz d\u00fcnyas\u0131nda, tar\u0131m topra\u011f\u0131n\u0131 verimli ve etkin kullan\u0131p \u00fcreten \u00fclkelerin, sanayi, teknoloji ve ekonomi ba\u015fta olmak \u00fczere her alanda g\u00fc\u00e7lendi\u011fi ve gelece\u011fe g\u00fcvenle bakabildi\u011finin bir ger\u00e7ek oldu\u011funu vurgulayan Ba\u015fkan G\u00fcltak; \u201cBu ba\u011flamda, Meclis \u00fcyemiz Say\u0131n Halil Kara\u2019n\u0131n \u00f6nergesi do\u011frultusunda, komisyonlar\u0131m\u0131zdan ve Meclisi\u2019mizden oybirli\u011fi ile \u00e7ok \u00f6nemli bir karar ald\u0131k. K\u0131s\u0131tl\u0131 b\u00fct\u00e7emize ve bor\u00e7 y\u00fck\u00fcm\u00fcze ra\u011fmen, Akdeniz il\u00e7emiz s\u0131n\u0131rlar\u0131nda \u00c7ift\u00e7i Kay\u0131t Sistemi\u2019ne (\u00c7KS) kay\u0131tl\u0131, tar\u0131m d\u0131\u015f\u0131nda geliri olmayan, \u00fcst s\u0131n\u0131r\u0131 5 d\u00f6n\u00fcm ve alt\u0131 arazi sahibi (seralar hari\u00e7) \u00e7ift\u00e7ilerimize verilmek \u00fczere, toplamda 500 bin TL tutar\u0131nda azot i\u00e7erikli g\u00fcbre deste\u011fi sa\u011flayaca\u011f\u0131z\u201d dedi.<br \/>\n\u201cMersinli \u00fcreticilerimize g\u00fcbre deste\u011fi sa\u011flamay\u0131 d\u00fc\u015f\u00fcn\u00fcyor musunuz?\u2019<br \/>\nBa\u015fkan G\u00fcltak; \u00fcretimin, g\u0131dan\u0131n ne kadar hayati oldu\u011funun, Pandeminin a\u011f\u0131r s\u00fcrecinde ya\u015fanan zorlu g\u00fcnler, mevsimsel etkiler ve Rusya ile Ukrayna aras\u0131ndaki sava\u015f nedeniyle bug\u00fcn \u00e7ok daha iyi anla\u015f\u0131ld\u0131\u011f\u0131n\u0131 kaydetti. \u201cTakip etti\u011fimiz kadar\u0131yla, Mersin B\u00fcy\u00fck\u015fehir Belediyesi Tar\u0131msal ve Veteriner Hizmetleri Dairesi taraf\u0131ndan 2021 y\u0131l\u0131nda ba\u015flat\u0131lan \u2018Organik Tar\u0131m Projesi\u2019 kapsam\u0131nda Toroslar ve Tarsus il\u00e7elerinde, verilen e\u011fitimi tamamlayan 100 \u00fcreticiye, toplamda 25 bin kilogram organik g\u00fcbre da\u011f\u0131t\u0131ld\u0131. Ancak g\u00fcbre deste\u011finin, bu y\u0131l i\u00e7inde belediyenin g\u00fcndeminde yer al\u0131p almad\u0131\u011f\u0131na dair bilgi sahibi de\u011filiz\u201d diyen Ba\u015fkan G\u00fcltak; \u201cBu ba\u011flamda 2022 y\u0131l\u0131 i\u00e7erisinde Mersin B\u00fcy\u00fck\u015fehir Belediyesi olarak kentimizde faaliyet g\u00f6steren \u00fcreticilerimize g\u00fcbre deste\u011fi sa\u011flamay\u0131 d\u00fc\u015f\u00fcn\u00fcyor musunuz?<br \/>\nKentimizde ihtiyac\u0131 olan \u00fcreticilerimize bu \u00f6nemli deste\u011fin, belediyenin imk\u00e2nlar\u0131 \u00f6l\u00e7\u00fcs\u00fcnde yeniden sa\u011flanmas\u0131 gerekti\u011fini kanaatindeyiz. Bu anlamda, \u00e7ift\u00e7ilerimize g\u00fcbre deste\u011fi talebimizin ivedilikle g\u00fcndeme al\u0131nmas\u0131n\u0131 diliyor, bu konuda bir haz\u0131rl\u0131k ve planlama yap\u0131lmas\u0131n\u0131 talep ediyoruz. Konuyla ili\u015fkin haz\u0131rlad\u0131\u011f\u0131m\u0131z \u00f6nergeyi de Mersin B\u00fcy\u00fck\u015fehir Belediyesi Meclis Ba\u015fkanl\u0131\u011f\u0131\u2019na sunuyoruz\u201d ifadelerini kulland\u0131.<br \/>\n\u00d6nerge g\u00fcndeme al\u0131nmad\u0131<br \/>\nAncak B\u00fcy\u00fck\u015fehir Belediye Ba\u015fkan\u0131 Vahap Se\u00e7er, Akdeniz Belediye Ba\u015fkan\u0131 Mustafa G\u00fcltak\u2019\u0131n; Mersinli \u00fcreticilere g\u00fcbre deste\u011fi sa\u011flanmas\u0131na ili\u015fkin Meclis Ba\u015fkanl\u0131\u011f\u0131\u2019na verdi\u011fi \u00f6nergeyi g\u00fcndeme almad\u0131.<\/p>\n","protected":false},"excerpt":{"rendered":"<p>Akdeniz Belediye Ba\u015fkan\u0131 G\u00fcltak, Meclis\u2019ten oybirli\u011fi ald\u0131klar\u0131 kararla, Akdeniz il\u00e7e s\u0131n\u0131rlar\u0131nda \u00fcretim yapan \u00e7ift\u00e7ilere toplamda 500 bin TL tutar\u0131nda azot i\u00e7erikli g\u00fcbre deste\u011fi sa\u011flayacaklar\u0131n\u0131 belirtti; Mersin B\u00fcy\u00fck\u015fehir Belediyesi taraf\u0131ndan da &hellip; <a href=\"https:\/\/akdenizolaygazetesi.com\/?p=17233\" class=\"more-link\">Devam\u0131n\u0131 Oku&#8230;<\/a><\/p>\n","protected":false},"author":2,"featured_media":17234,"comment_status":"open","ping_status":"open","sticky":false,"template":"","format":"standard","meta":[],"categories":[8,2,3,5],"tags":[],"_links":{"self":[{"href":"https:\/\/akdenizolaygazetesi.com\/index.php?rest_route=\/wp\/v2\/posts\/17233"}],"collection":[{"href":"https:\/\/akdenizolaygazetesi.com\/index.php?rest_route=\/wp\/v2\/posts"}],"about":[{"href":"https:\/\/akdenizolaygazetesi.com\/index.php?rest_route=\/wp\/v2\/types\/post"}],"author":[{"embeddable":true,"href":"https:\/\/akdenizolaygazetesi.com\/index.php?rest_route=\/wp\/v2\/users\/2"}],"replies":[{"embeddable":true,"href":"https:\/\/akdenizolaygazetesi.com\/index.php?rest_route=%2Fwp%2Fv2%2Fcomments&post=17233"}],"version-history":[{"count":1,"href":"https:\/\/akdenizolaygazetesi.com\/index.php?rest_route=\/wp\/v2\/posts\/17233\/revisions"}],"predecessor-version":[{"id":17235,"href":"https:\/\/akdenizolaygazetesi.com\/index.php?rest_route=\/wp\/v2\/posts\/17233\/revisions\/17235"}],"wp:featuredmedia":[{"embeddable":true,"href":"https:\/\/akdenizolaygazetesi.com\/index.php?rest_route=\/wp\/v2\/media\/17234"}],"wp:attachment":[{"href":"https:\/\/akdenizolaygazetesi.com\/index.php?rest_route=%2Fwp%2Fv2%2Fmedia&parent=17233"}],"wp:term":[{"taxonomy":"category","embeddable":true,"href":"https:\/\/akdenizolaygazetesi.com\/index.php?rest_route=%2Fwp%2Fv2%2Fcategories&post=17233"},{"taxonomy":"post_tag","embeddable":true,"href":"https:\/\/akdenizolaygazetesi.com\/index.php?rest_route=%2Fwp%2Fv2%2Ftags&post=17233"}],"curies":[{"name":"wp","href":"https:\/\/api.w.org\/{rel}","templated":true}]}}