{"id":17236,"date":"2022-03-15T12:37:08","date_gmt":"2022-03-15T09:37:08","guid":{"rendered":"http:\/\/akdenizolaygazetesi.com\/?p=17236"},"modified":"2022-03-15T12:37:08","modified_gmt":"2022-03-15T09:37:08","slug":"secer-14-mart-tip-bayramini-kutladi-saglik-calisanlarinin-hakkini-ne-yapsak-odeyemeyiz","status":"publish","type":"post","link":"https:\/\/akdenizolaygazetesi.com\/?p=17236","title":{"rendered":"SE\u00c7ER, 14 MART TIP BAYRAMI&#8217;NI KUTLADI: &#8220;SA\u011eLIK \u00c7ALI\u015eANLARININ HAKKINI NE YAPSAK \u00d6DEYEMEY\u0130Z&#8221;"},"content":{"rendered":"<p>Mersin B\u00fcy\u00fck\u015fehir Belediye Meclisi&#8217;nin 2022 y\u0131l\u0131 Mart ay\u0131 2. Birle\u015fim Toplant\u0131s\u0131, B\u00fcy\u00fck\u015fehir Belediye Ba\u015fkan\u0131 Vahap Se\u00e7er ba\u015fkanl\u0131\u011f\u0131nda ger\u00e7ekle\u015ftirildi. Yayalar\u0131n ge\u00e7i\u015flerini zorla\u015ft\u0131ran ve kald\u0131r\u0131mlara zarar veren i\u015fgaller konusunda a\u00e7\u0131klamalarda bulunan Ba\u015fkan Se\u00e7er, &#8220;Bu konuda denetimlerimizi art\u0131raca\u011f\u0131m\u0131z\u0131 s\u00f6ylemi\u015ftim. Uygulamalar\u0131m\u0131z\u0131 ba\u015flatt\u0131k ve kararl\u0131l\u0131kla devam edece\u011fiz. Y\u00fcr\u00fcy\u00fc\u015f g\u00fczergah\u0131 olan kald\u0131r\u0131mlarda yayalar\u0131n bu haklar\u0131 ihlal ediliyor. Buradan yetkilileri de uyarmak istiyorum. Bizlere yard\u0131mc\u0131 olsunlar. Kanunlar\u0131 ihlal ederek ara\u00e7lar\u0131n kald\u0131r\u0131mlara park etmesini hep beraber \u00f6nleyelim&#8221; \u00e7a\u011fr\u0131s\u0131nda bulundu.<br \/>\n&#8220;Sa\u011fl\u0131k \u00e7al\u0131\u015fanlar\u0131n\u0131n hakk\u0131n\u0131 ne yapsak \u00f6deyemeyiz&#8221;<br \/>\nBa\u015fkan Se\u00e7er, g\u00fcndem d\u0131\u015f\u0131 konu\u015fmalar b\u00f6l\u00fcm\u00fcnde baz\u0131 de\u011ferlendirmelerde bulundu. 14 Mart T\u0131p Bayram\u0131 dolay\u0131s\u0131yla t\u00fcm sa\u011fl\u0131k \u00e7al\u0131\u015fanlar\u0131n\u0131n g\u00fcn\u00fcn\u00fc kutlayan Se\u00e7er, \u015funlar\u0131 s\u00f6yledi:<br \/>\n&#8220;Sa\u011fl\u0131k hayat\u0131m\u0131zdaki en \u00f6nemli de\u011ferlerden biri sa\u011fl\u0131k \u00e7al\u0131\u015fanlar\u0131m\u0131z. Sa\u011fl\u0131k alan\u0131nda hizmet vermek son derece kutsal ve bir o kadar da zor bir g\u00f6rev. Bunu pandemi zaten ortaya koydu. Bu s\u00fcre\u00e7 i\u00e7erisinde gece-g\u00fcnd\u00fcz demeden, mesai kavram\u0131 g\u00f6zetmeden g\u00f6rev yapan t\u00fcm sa\u011fl\u0131k\u00e7\u0131lar\u0131m\u0131z\u0131n nas\u0131l canla ba\u015fla \u00e7al\u0131\u015ft\u0131\u011f\u0131n\u0131 hepimiz biliyoruz. Onlar\u0131n hakk\u0131n\u0131 ne yapsak \u00f6deyemeyiz.  Belediyemiz b\u00fcnyesinde evde sa\u011fl\u0131k hizmetleri, poliklinik ve idari kadromuzda yer alan t\u00fcm hekim ve sa\u011fl\u0131k \u00e7al\u0131\u015fanlar\u0131 arkada\u015flar\u0131m ba\u015fta olmak \u00fczere; bu sayg\u0131n ve onurlu mesle\u011fi tercih ederek \u00fclkemizin her k\u00f6\u015fesinde fedakarca hizmet veren, insanlara \u015fifa veren t\u00fcm sa\u011fl\u0131k \u00e7al\u0131\u015fanlar\u0131m\u0131z\u0131n 14 Mart T\u0131p Bayram\u0131&#8217;n\u0131 kutluyorum. Hayat\u0131n\u0131 kaybeden t\u00fcm sa\u011fl\u0131k \u00e7al\u0131\u015fanlar\u0131na, hekimlerimize Allah&#8217;tan rahmet diliyorum.&#8221;<br \/>\n&#8220;\u00c7anakkale, bir kahramanl\u0131k destan\u0131n\u0131n yaz\u0131ld\u0131\u011f\u0131 yerdir&#8221;<br \/>\n18 Mart \u00c7anakkale Zaferi&#8217;nin 107&#8217;nci y\u0131l\u0131n\u0131 da kutlayan Ba\u015fkan Se\u00e7er, &#8220;\u00c7anakkale, e\u015fi benzeri g\u00f6r\u00fclmemi\u015f m\u00fccadelelerin ve bir kahramanl\u0131k destan\u0131n\u0131n yaz\u0131ld\u0131\u011f\u0131 yerdir. Hem tarihimizin hem de d\u00fcnya tarihinin d\u00f6n\u00fcm noktalar\u0131ndan biri olan \u00c7anakkale Sava\u015f\u0131, T\u00fcrkiye Cumhuriyeti&#8217;nin \u00f6ns\u00f6z\u00fcn\u00fcn yaz\u0131ld\u0131\u011f\u0131, kurtulu\u015f m\u00fccadelemizin temellerinin at\u0131ld\u0131\u011f\u0131 m\u00fccadelenin ad\u0131d\u0131r. Bu zafer, \u00fczerinde ya\u015fad\u0131\u011f\u0131m\u0131z topraklar\u0131 bize ebedi vatan yapan m\u00fccadelenin ad\u0131d\u0131r. \u0130\u015fte bu bilin\u00e7le Cumhuriyetimizi gelece\u011fe, kentimizi ve \u00fclkemizi hak etti\u011fi yerlerin \u00e7ok \u00f6tesine ta\u015f\u0131mak i\u00e7in daima d\u00fcnden daha fazla \u00e7al\u0131\u015faca\u011f\u0131z. \u00c7anakkale Zaferi&#8217;nin y\u0131l d\u00f6n\u00fcm\u00fcn\u00fc kutluyor, ba\u015fta Gazi Mustafa Kemal Atat\u00fcrk olmak \u00fczere b\u00fct\u00fcn m\u00fccadele arkada\u015flar\u0131n\u0131, t\u00fcm kahraman \u015fehitlerimizi rahmetle an\u0131yorum&#8221; ifadelerine yer verdi.<br \/>\nSe\u00e7er&#8217;den kald\u0131r\u0131m i\u015fgalleri a\u00e7\u0131klamas\u0131<br \/>\nBa\u015fkan Se\u00e7er, devam eden kald\u0131r\u0131m i\u015fgalleri ile ilgili olarak da \u015fu a\u00e7\u0131klamada bulundu:<br \/>\n&#8220;Bu konuda denetimlerimizi art\u0131raca\u011f\u0131m\u0131z\u0131 s\u00f6ylemi\u015ftim. Uygulamalar\u0131m\u0131z\u0131 ba\u015flatt\u0131k ve kararl\u0131l\u0131kla devam edece\u011fiz. Kald\u0131r\u0131mlar \u00fczerinde sadece esnaf\u0131m\u0131z\u0131n malzemelerini koyarak yaratt\u0131\u011f\u0131 i\u015fgalin d\u0131\u015f\u0131nda bir de ara\u00e7 i\u015fgalleri oluyor. Bu daha vahim. Yayalar\u0131n ge\u00e7i\u015f ve y\u00fcr\u00fcy\u00fc\u015f g\u00fczergah\u0131 olan kald\u0131r\u0131mlarda yayalar\u0131n bu haklar\u0131 ihlal ediliyor. Bu konu daha \u00e7ok \u0130l Emniyet M\u00fcd\u00fcrl\u00fc\u011f\u00fcm\u00fcz\u00fcn g\u00f6revleri aras\u0131nda. S\u0131k\u0131 denetim yap\u0131lmas\u0131 konusunda zaman zaman ilgili kurumla arkada\u015flar\u0131m\u0131z m\u00fcnasebet kuruyorlar. Ancak g\u00f6r\u00fcyoruz ki geldi\u011fimiz noktada kald\u0131r\u0131m i\u015fgalleri, \u00f6zellikle ara\u00e7 kald\u0131r\u0131m i\u015fgalleri s\u00fcr\u00fcp gidiyor ve yapt\u0131\u011f\u0131m\u0131z, kaynak harcad\u0131\u011f\u0131m\u0131z kald\u0131r\u0131mlara da \u00f6nemli zararlar veriyor. \u015eehir i\u00e7inde \u00f6rnekleri var. \u00d6rne\u011fin Kuvayi Milliye Caddesi. Ge\u00e7ti\u011fimiz y\u0131l s\u00fcratli bir \u015fekilde kapanma d\u00f6neminde o caddeyi, kald\u0131r\u0131mlar\u0131 yapt\u0131k. Gel g\u00f6r ki ara\u00e7lar\u0131n kald\u0131r\u0131m \u00fczerine \u00e7\u0131kmalar\u0131n\u0131, park etmelerini \u00f6nlemekte s\u0131k\u0131nt\u0131 ya\u015f\u0131yoruz ve o zemin \u00f6rt\u00fcs\u00fcne de zarar veriyor, o \u00f6rt\u00fcy\u00fc k\u0131r\u0131yor, yerinden oynat\u0131yor. Vatanda\u015flar\u0131m\u0131z hakl\u0131 olarak da bu konuda bize \u015fikayette bulunuyor. Buradan yetkilileri de uyarmak istiyorum. Bizlere yard\u0131mc\u0131 olsunlar. Kanunlar\u0131 ihlal ederek ara\u00e7lar\u0131n kald\u0131r\u0131mlar \u00fczerinde park etmesini hep beraber \u00f6nleyelim.&#8221;<\/p>\n","protected":false},"excerpt":{"rendered":"<p>Mersin B\u00fcy\u00fck\u015fehir Belediye Meclisi&#8217;nin 2022 y\u0131l\u0131 Mart ay\u0131 2. Birle\u015fim Toplant\u0131s\u0131, B\u00fcy\u00fck\u015fehir Belediye Ba\u015fkan\u0131 Vahap Se\u00e7er ba\u015fkanl\u0131\u011f\u0131nda ger\u00e7ekle\u015ftirildi. Yayalar\u0131n ge\u00e7i\u015flerini zorla\u015ft\u0131ran ve kald\u0131r\u0131mlara zarar veren i\u015fgaller konusunda a\u00e7\u0131klamalarda bulunan Ba\u015fkan &hellip; <a href=\"https:\/\/akdenizolaygazetesi.com\/?p=17236\" class=\"more-link\">Devam\u0131n\u0131 Oku&#8230;<\/a><\/p>\n","protected":false},"author":2,"featured_media":17237,"comment_status":"open","ping_status":"open","sticky":false,"template":"","format":"standard","meta":[],"categories":[1,2,3,5],"tags":[],"_links":{"self":[{"href":"https:\/\/akdenizolaygazetesi.com\/index.php?rest_route=\/wp\/v2\/posts\/17236"}],"collection":[{"href":"https:\/\/akdenizolaygazetesi.com\/index.php?rest_route=\/wp\/v2\/posts"}],"about":[{"href":"https:\/\/akdenizolaygazetesi.com\/index.php?rest_route=\/wp\/v2\/types\/post"}],"author":[{"embeddable":true,"href":"https:\/\/akdenizolaygazetesi.com\/index.php?rest_route=\/wp\/v2\/users\/2"}],"replies":[{"embeddable":true,"href":"https:\/\/akdenizolaygazetesi.com\/index.php?rest_route=%2Fwp%2Fv2%2Fcomments&post=17236"}],"version-history":[{"count":1,"href":"https:\/\/akdenizolaygazetesi.com\/index.php?rest_route=\/wp\/v2\/posts\/17236\/revisions"}],"predecessor-version":[{"id":17238,"href":"https:\/\/akdenizolaygazetesi.com\/index.php?rest_route=\/wp\/v2\/posts\/17236\/revisions\/17238"}],"wp:featuredmedia":[{"embeddable":true,"href":"https:\/\/akdenizolaygazetesi.com\/index.php?rest_route=\/wp\/v2\/media\/17237"}],"wp:attachment":[{"href":"https:\/\/akdenizolaygazetesi.com\/index.php?rest_route=%2Fwp%2Fv2%2Fmedia&parent=17236"}],"wp:term":[{"taxonomy":"category","embeddable":true,"href":"https:\/\/akdenizolaygazetesi.com\/index.php?rest_route=%2Fwp%2Fv2%2Fcategories&post=17236"},{"taxonomy":"post_tag","embeddable":true,"href":"https:\/\/akdenizolaygazetesi.com\/index.php?rest_route=%2Fwp%2Fv2%2Ftags&post=17236"}],"curies":[{"name":"wp","href":"https:\/\/api.w.org\/{rel}","templated":true}]}}